{"id":123445,"date":"2023-06-22T00:55:08","date_gmt":"2023-06-22T03:55:08","guid":{"rendered":"https:\/\/www.elsindical.com.ar\/notas\/?p=123445"},"modified":"2023-06-22T00:55:09","modified_gmt":"2023-06-22T03:55:09","slug":"aumentos-en-colectivos-y-trenes-en-julio","status":"publish","type":"post","link":"https:\/\/www.elsindical.com.ar\/notas\/aumentos-en-colectivos-y-trenes-en-julio\/","title":{"rendered":"Aumentos en colectivos y trenes en julio"},"content":{"rendered":"\n<figure class=\"wp-block-image size-large\"><a href=\"https:\/\/www.elsindical.com.ar\/notas\/var\/www\/html\/notas\/wp-content\/uploads\/2022\/05\/Tarjeta-SUBE-gen.webp\"><img loading=\"lazy\" decoding=\"async\" width=\"1024\" height=\"576\" src=\"https:\/\/www.elsindical.com.ar\/notas\/var\/www\/html\/notas\/wp-content\/uploads\/2022\/05\/Tarjeta-SUBE-gen-1024x576.webp\" alt=\"\" class=\"wp-image-113890\" srcset=\"https:\/\/www.elsindical.com.ar\/notas\/var\/www\/html\/notas\/wp-content\/uploads\/2022\/05\/Tarjeta-SUBE-gen-1024x576.webp 1024w, https:\/\/www.elsindical.com.ar\/notas\/var\/www\/html\/notas\/wp-content\/uploads\/2022\/05\/Tarjeta-SUBE-gen-300x169.webp 300w, https:\/\/www.elsindical.com.ar\/notas\/var\/www\/html\/notas\/wp-content\/uploads\/2022\/05\/Tarjeta-SUBE-gen-768x432.webp 768w, https:\/\/www.elsindical.com.ar\/notas\/var\/www\/html\/notas\/wp-content\/uploads\/2022\/05\/Tarjeta-SUBE-gen-500x281.webp 500w, https:\/\/www.elsindical.com.ar\/notas\/var\/www\/html\/notas\/wp-content\/uploads\/2022\/05\/Tarjeta-SUBE-gen-460x260.webp 460w, https:\/\/www.elsindical.com.ar\/notas\/var\/www\/html\/notas\/wp-content\/uploads\/2022\/05\/Tarjeta-SUBE-gen.webp 1170w\" sizes=\"auto, (max-width: 1024px) 100vw, 1024px\" \/><\/a><\/figure>\n\n\n\n<p>El boleto de colectivos y trenes del \u00c1rea Metropolitana de Buenos Aires (AMBA) tendr\u00e1 un aumento desde el 1\u00b0 de julio. <strong>En paralelo, tambi\u00e9n se actualizar\u00e1 el saldo negativo de la Tarjeta SUBE<\/strong>.<\/p>\n\n\n\n<p>A su vez, desde el Ministerio de Transporte, destacaron que <strong>continuar\u00e1 disponible el beneficio del sistema Red SUBE y la Tarifa Social.<\/strong><\/p>\n\n\n\n<p>De esta manera, <strong>el saldo de emergencia de la SUBE, que se actualiza todos los meses, ascender\u00e1 a $223,94 en julio.<\/strong><\/p>\n\n\n\n<p>La modificaci\u00f3n mensual se realiza en base a las variaciones del boleto m\u00ednimo <strong>sobre el \u00cdndice de Precios al Consumidor (IPC).<\/strong><\/p>\n\n\n\n<h2 class=\"wp-block-heading\">Cu\u00e1nto costar\u00e1 viajar en colectivo desde julio 2023<\/h2>\n\n\n\n<p>Los boletos de colectivo sufrir\u00e1n un aumento del 8% en el AMBA. As\u00ed, el m\u00ednimo (entre 0 y 3 kil\u00f3metros) tendr\u00e1 un valor de $50,05. En el caso de tramos de 3 a 6 km, $55,76; de 6 a 12 km, de $60,05; de 12 a 27 km, de $64,34; y m\u00e1s de 27 km, de $68,63.<\/p>\n\n\n\n<h2 class=\"wp-block-heading\">Cu\u00e1nto costar\u00e1 viajar en tren desde julio 2023<\/h2>\n\n\n\n<p>El boleto del tren tambi\u00e9n aumentar\u00e1, por lo que los precios del m\u00ednimo ser\u00e1n los siguientes:<\/p>\n\n\n\n<ul class=\"wp-block-list\">\n<li>L\u00ednea Mitre: $31,44.<\/li>\n\n\n\n<li>L\u00ednea Sarmiento: $31,44.<\/li>\n\n\n\n<li>L\u00ednea San Mart\u00edn: $31,44.<\/li>\n\n\n\n<li>Tren de la Costa: $31,44.<\/li>\n\n\n\n<li>L\u00ednea Roca: $24,31.<\/li>\n\n\n\n<li>L\u00ednea Belgrano Sur: $24,31.<\/li>\n\n\n\n<li>L\u00ednea Urquiza: $24,31.<\/li>\n\n\n\n<li>L\u00ednea Belgrano Norte: $24,31.<\/li>\n<\/ul>\n","protected":false},"excerpt":{"rendered":"<p>El boleto de colectivos y trenes del \u00c1rea Metropolitana de Buenos Aires (AMBA) tendr\u00e1 un aumento desde el 1\u00b0 de julio. En paralelo, tambi\u00e9n se actualizar\u00e1 el saldo negativo de la Tarjeta SUBE. A su vez, desde el Ministerio de Transporte, destacaron que continuar\u00e1 disponible el beneficio del sistema Red SUBE y la Tarifa Social.&hellip;<\/p>\n","protected":false},"author":1,"featured_media":113890,"comment_status":"open","ping_status":"open","sticky":false,"template":"","format":"standard","meta":{"footnotes":""},"categories":[9],"tags":[3468,1754,2450,22023,9604],"class_list":["post-123445","post","type-post","status-publish","format-standard","has-post-thumbnail","hentry","category-economia","tag-amba","tag-aumentos","tag-diario-el-sindical","tag-economia","tag-tarjeta-sube"],"_links":{"self":[{"href":"https:\/\/www.elsindical.com.ar\/notas\/wp-json\/wp\/v2\/posts\/123445","targetHints":{"allow":["GET"]}}],"collection":[{"href":"https:\/\/www.elsindical.com.ar\/notas\/wp-json\/wp\/v2\/posts"}],"about":[{"href":"https:\/\/www.elsindical.com.ar\/notas\/wp-json\/wp\/v2\/types\/post"}],"author":[{"embeddable":true,"href":"https:\/\/www.elsindical.com.ar\/notas\/wp-json\/wp\/v2\/users\/1"}],"replies":[{"embeddable":true,"href":"https:\/\/www.elsindical.com.ar\/notas\/wp-json\/wp\/v2\/comments?post=123445"}],"version-history":[{"count":1,"href":"https:\/\/www.elsindical.com.ar\/notas\/wp-json\/wp\/v2\/posts\/123445\/revisions"}],"predecessor-version":[{"id":123446,"href":"https:\/\/www.elsindical.com.ar\/notas\/wp-json\/wp\/v2\/posts\/123445\/revisions\/123446"}],"wp:featuredmedia":[{"embeddable":true,"href":"https:\/\/www.elsindical.com.ar\/notas\/wp-json\/wp\/v2\/media\/113890"}],"wp:attachment":[{"href":"https:\/\/www.elsindical.com.ar\/notas\/wp-json\/wp\/v2\/media?parent=123445"}],"wp:term":[{"taxonomy":"category","embeddable":true,"href":"https:\/\/www.elsindical.com.ar\/notas\/wp-json\/wp\/v2\/categories?post=123445"},{"taxonomy":"post_tag","embeddable":true,"href":"https:\/\/www.elsindical.com.ar\/notas\/wp-json\/wp\/v2\/tags?post=123445"}],"curies":[{"name":"wp","href":"https:\/\/api.w.org\/{rel}","templated":true}]}}