{"id":123424,"date":"2023-06-21T05:25:55","date_gmt":"2023-06-21T08:25:55","guid":{"rendered":"https:\/\/www.elsindical.com.ar\/notas\/?p=123424"},"modified":"2023-06-21T05:25:56","modified_gmt":"2023-06-21T08:25:56","slug":"quilmes-inseguro-en-una-persecucion-policial-chocan-y-pierden-dos-patrullas","status":"publish","type":"post","link":"https:\/\/www.elsindical.com.ar\/notas\/quilmes-inseguro-en-una-persecucion-policial-chocan-y-pierden-dos-patrullas\/","title":{"rendered":"Quilmes inseguro, en una persecuci\u00f3n policial chocan y pierden dos patrullas"},"content":{"rendered":"<div class=\"wp-block-image\">\n<figure class=\"aligncenter size-large\"><a href=\"https:\/\/www.elsindical.com.ar\/notas\/var\/www\/html\/notas\/wp-content\/uploads\/2023\/06\/patrulla-chocada-en-Quilmes-1.jpg\"><img loading=\"lazy\" decoding=\"async\" width=\"576\" height=\"1024\" src=\"https:\/\/www.elsindical.com.ar\/notas\/var\/www\/html\/notas\/wp-content\/uploads\/2023\/06\/patrulla-chocada-en-Quilmes-1-576x1024.jpg\" alt=\"\" class=\"wp-image-123425\" srcset=\"https:\/\/www.elsindical.com.ar\/notas\/var\/www\/html\/notas\/wp-content\/uploads\/2023\/06\/patrulla-chocada-en-Quilmes-1-576x1024.jpg 576w, https:\/\/www.elsindical.com.ar\/notas\/var\/www\/html\/notas\/wp-content\/uploads\/2023\/06\/patrulla-chocada-en-Quilmes-1-169x300.jpg 169w, https:\/\/www.elsindical.com.ar\/notas\/var\/www\/html\/notas\/wp-content\/uploads\/2023\/06\/patrulla-chocada-en-Quilmes-1-768x1366.jpg 768w, https:\/\/www.elsindical.com.ar\/notas\/var\/www\/html\/notas\/wp-content\/uploads\/2023\/06\/patrulla-chocada-en-Quilmes-1-864x1536.jpg 864w, https:\/\/www.elsindical.com.ar\/notas\/var\/www\/html\/notas\/wp-content\/uploads\/2023\/06\/patrulla-chocada-en-Quilmes-1.jpg 899w\" sizes=\"auto, (max-width: 576px) 100vw, 576px\" \/><\/a><\/figure>\n<\/div>\n\n\n<p>   En una persecuci\u00f3n policial por Quilmes, una patrulla urbana y un m\u00f3vil del Comando de Quilmes chocaron con un veh\u00edculo particular y as\u00ed el municipio en medio de una crisis de inseguridad, se queda con dos m\u00f3viles menos para prevenci\u00f3n. <\/p>\n\n\n\n<p>El choque de los m\u00f3viles se produjo en la intersecci\u00f3n de las calles Vicente L\u00f3pez e Islas Malvinas donde una patrulla del Comando de Quilmes choc\u00f3 con un auto Corsa y una camioneta de la Patrulla Urbana termin\u00f3 chocando un poste y dando contra una pared.<\/p>\n\n\n\n<p>Los problemas de inseguridad y la mala prevenci\u00f3n representan un serio problema para el municipio y en especial para Mayra Mendoza que pretende ser reelecta.<\/p>\n\n\n\n<figure class=\"wp-block-gallery has-nested-images columns-1 is-cropped wp-block-gallery-1 is-layout-flex wp-block-gallery-is-layout-flex\">\n<figure class=\"wp-block-image size-large\"><a href=\"https:\/\/www.elsindical.com.ar\/notas\/var\/www\/html\/notas\/wp-content\/uploads\/2023\/06\/patrulla-chocada-en-Quilmes-2.jpg\"><img loading=\"lazy\" decoding=\"async\" width=\"1024\" height=\"576\" data-id=\"123426\" src=\"https:\/\/www.elsindical.com.ar\/notas\/var\/www\/html\/notas\/wp-content\/uploads\/2023\/06\/patrulla-chocada-en-Quilmes-2-1024x576.jpg\" alt=\"\" class=\"wp-image-123426\" srcset=\"https:\/\/www.elsindical.com.ar\/notas\/var\/www\/html\/notas\/wp-content\/uploads\/2023\/06\/patrulla-chocada-en-Quilmes-2-1024x576.jpg 1024w, https:\/\/www.elsindical.com.ar\/notas\/var\/www\/html\/notas\/wp-content\/uploads\/2023\/06\/patrulla-chocada-en-Quilmes-2-300x169.jpg 300w, https:\/\/www.elsindical.com.ar\/notas\/var\/www\/html\/notas\/wp-content\/uploads\/2023\/06\/patrulla-chocada-en-Quilmes-2-768x432.jpg 768w, https:\/\/www.elsindical.com.ar\/notas\/var\/www\/html\/notas\/wp-content\/uploads\/2023\/06\/patrulla-chocada-en-Quilmes-2-500x281.jpg 500w, https:\/\/www.elsindical.com.ar\/notas\/var\/www\/html\/notas\/wp-content\/uploads\/2023\/06\/patrulla-chocada-en-Quilmes-2-1536x864.jpg 1536w, https:\/\/www.elsindical.com.ar\/notas\/var\/www\/html\/notas\/wp-content\/uploads\/2023\/06\/patrulla-chocada-en-Quilmes-2-460x260.jpg 460w, https:\/\/www.elsindical.com.ar\/notas\/var\/www\/html\/notas\/wp-content\/uploads\/2023\/06\/patrulla-chocada-en-Quilmes-2.jpg 1599w\" sizes=\"auto, (max-width: 1024px) 100vw, 1024px\" \/><\/a><\/figure>\n\n\n\n<figure class=\"wp-block-image size-large\"><a href=\"https:\/\/www.elsindical.com.ar\/notas\/var\/www\/html\/notas\/wp-content\/uploads\/2023\/06\/choque-patrullas-Quilmes-1.jpg\"><img loading=\"lazy\" decoding=\"async\" width=\"1024\" height=\"576\" data-id=\"123427\" src=\"https:\/\/www.elsindical.com.ar\/notas\/var\/www\/html\/notas\/wp-content\/uploads\/2023\/06\/choque-patrullas-Quilmes-1-1024x576.jpg\" alt=\"\" class=\"wp-image-123427\" srcset=\"https:\/\/www.elsindical.com.ar\/notas\/var\/www\/html\/notas\/wp-content\/uploads\/2023\/06\/choque-patrullas-Quilmes-1-1024x576.jpg 1024w, https:\/\/www.elsindical.com.ar\/notas\/var\/www\/html\/notas\/wp-content\/uploads\/2023\/06\/choque-patrullas-Quilmes-1-300x169.jpg 300w, https:\/\/www.elsindical.com.ar\/notas\/var\/www\/html\/notas\/wp-content\/uploads\/2023\/06\/choque-patrullas-Quilmes-1-768x432.jpg 768w, https:\/\/www.elsindical.com.ar\/notas\/var\/www\/html\/notas\/wp-content\/uploads\/2023\/06\/choque-patrullas-Quilmes-1-500x281.jpg 500w, https:\/\/www.elsindical.com.ar\/notas\/var\/www\/html\/notas\/wp-content\/uploads\/2023\/06\/choque-patrullas-Quilmes-1-1536x864.jpg 1536w, https:\/\/www.elsindical.com.ar\/notas\/var\/www\/html\/notas\/wp-content\/uploads\/2023\/06\/choque-patrullas-Quilmes-1-460x260.jpg 460w, https:\/\/www.elsindical.com.ar\/notas\/var\/www\/html\/notas\/wp-content\/uploads\/2023\/06\/choque-patrullas-Quilmes-1.jpg 1599w\" sizes=\"auto, (max-width: 1024px) 100vw, 1024px\" \/><\/a><\/figure>\n\n\n\n<figure class=\"wp-block-image size-large\"><a href=\"https:\/\/www.elsindical.com.ar\/notas\/var\/www\/html\/notas\/wp-content\/uploads\/2023\/06\/choque-patrullas-Quilmes-2.jpg\"><img loading=\"lazy\" decoding=\"async\" width=\"1024\" height=\"576\" data-id=\"123428\" src=\"https:\/\/www.elsindical.com.ar\/notas\/var\/www\/html\/notas\/wp-content\/uploads\/2023\/06\/choque-patrullas-Quilmes-2-1024x576.jpg\" alt=\"\" class=\"wp-image-123428\" srcset=\"https:\/\/www.elsindical.com.ar\/notas\/var\/www\/html\/notas\/wp-content\/uploads\/2023\/06\/choque-patrullas-Quilmes-2-1024x576.jpg 1024w, https:\/\/www.elsindical.com.ar\/notas\/var\/www\/html\/notas\/wp-content\/uploads\/2023\/06\/choque-patrullas-Quilmes-2-300x169.jpg 300w, https:\/\/www.elsindical.com.ar\/notas\/var\/www\/html\/notas\/wp-content\/uploads\/2023\/06\/choque-patrullas-Quilmes-2-768x432.jpg 768w, https:\/\/www.elsindical.com.ar\/notas\/var\/www\/html\/notas\/wp-content\/uploads\/2023\/06\/choque-patrullas-Quilmes-2-500x281.jpg 500w, https:\/\/www.elsindical.com.ar\/notas\/var\/www\/html\/notas\/wp-content\/uploads\/2023\/06\/choque-patrullas-Quilmes-2-1536x864.jpg 1536w, https:\/\/www.elsindical.com.ar\/notas\/var\/www\/html\/notas\/wp-content\/uploads\/2023\/06\/choque-patrullas-Quilmes-2-460x260.jpg 460w, https:\/\/www.elsindical.com.ar\/notas\/var\/www\/html\/notas\/wp-content\/uploads\/2023\/06\/choque-patrullas-Quilmes-2.jpg 1599w\" sizes=\"auto, (max-width: 1024px) 100vw, 1024px\" \/><\/a><\/figure>\n<\/figure>\n","protected":false},"excerpt":{"rendered":"<p>En una persecuci\u00f3n policial por Quilmes, una patrulla urbana y un m\u00f3vil del Comando de Quilmes chocaron con un veh\u00edculo particular y as\u00ed el municipio en medio de una crisis de inseguridad, se queda con dos m\u00f3viles menos para prevenci\u00f3n. El choque de los m\u00f3viles se produjo en la intersecci\u00f3n de las calles Vicente L\u00f3pez&hellip;<\/p>\n","protected":false},"author":1,"featured_media":123425,"comment_status":"open","ping_status":"open","sticky":false,"template":"","format":"standard","meta":{"footnotes":""},"categories":[22],"tags":[651,40474,390,892,2450,984,31234,19933,17154,3315,684,613],"class_list":["post-123424","post","type-post","status-publish","format-standard","has-post-thumbnail","hentry","category-policiales","tag-choque","tag-comando-de-patrullas-de-quilmes","tag-crisis","tag-delitos","tag-diario-el-sindical","tag-inseguridad","tag-mayra-mendoza","tag-patrulla-urbana","tag-patrullas","tag-prevencion","tag-quilmes","tag-seguridad"],"_links":{"self":[{"href":"https:\/\/www.elsindical.com.ar\/notas\/wp-json\/wp\/v2\/posts\/123424","targetHints":{"allow":["GET"]}}],"collection":[{"href":"https:\/\/www.elsindical.com.ar\/notas\/wp-json\/wp\/v2\/posts"}],"about":[{"href":"https:\/\/www.elsindical.com.ar\/notas\/wp-json\/wp\/v2\/types\/post"}],"author":[{"embeddable":true,"href":"https:\/\/www.elsindical.com.ar\/notas\/wp-json\/wp\/v2\/users\/1"}],"replies":[{"embeddable":true,"href":"https:\/\/www.elsindical.com.ar\/notas\/wp-json\/wp\/v2\/comments?post=123424"}],"version-history":[{"count":1,"href":"https:\/\/www.elsindical.com.ar\/notas\/wp-json\/wp\/v2\/posts\/123424\/revisions"}],"predecessor-version":[{"id":123429,"href":"https:\/\/www.elsindical.com.ar\/notas\/wp-json\/wp\/v2\/posts\/123424\/revisions\/123429"}],"wp:featuredmedia":[{"embeddable":true,"href":"https:\/\/www.elsindical.com.ar\/notas\/wp-json\/wp\/v2\/media\/123425"}],"wp:attachment":[{"href":"https:\/\/www.elsindical.com.ar\/notas\/wp-json\/wp\/v2\/media?parent=123424"}],"wp:term":[{"taxonomy":"category","embeddable":true,"href":"https:\/\/www.elsindical.com.ar\/notas\/wp-json\/wp\/v2\/categories?post=123424"},{"taxonomy":"post_tag","embeddable":true,"href":"https:\/\/www.elsindical.com.ar\/notas\/wp-json\/wp\/v2\/tags?post=123424"}],"curies":[{"name":"wp","href":"https:\/\/api.w.org\/{rel}","templated":true}]}}