{"id":123410,"date":"2023-06-21T00:46:40","date_gmt":"2023-06-21T03:46:40","guid":{"rendered":"https:\/\/www.elsindical.com.ar\/notas\/?p=123410"},"modified":"2023-06-21T01:06:08","modified_gmt":"2023-06-21T04:06:08","slug":"miriam-niveyro-finalmente-se-saco-la-careta-y-ahora-dice-que-es-bueno-volver-a-cambiemos","status":"publish","type":"post","link":"https:\/\/www.elsindical.com.ar\/notas\/miriam-niveyro-finalmente-se-saco-la-careta-y-ahora-dice-que-es-bueno-volver-a-cambiemos\/","title":{"rendered":"Miriam Niveyro finalmente se sac\u00f3 la careta y ahora dice que es bueno volver a Cambiemos"},"content":{"rendered":"<div class=\"wp-block-image\">\n<figure class=\"aligncenter size-full is-resized\"><a href=\"https:\/\/www.elsindical.com.ar\/notas\/var\/www\/html\/notas\/wp-content\/uploads\/2023\/06\/Niveyro-libertarios.jpg\"><img loading=\"lazy\" decoding=\"async\" src=\"https:\/\/www.elsindical.com.ar\/notas\/var\/www\/html\/notas\/wp-content\/uploads\/2023\/06\/Niveyro-libertarios.jpg\" alt=\"\" class=\"wp-image-123411\" width=\"740\" height=\"543\" srcset=\"https:\/\/www.elsindical.com.ar\/notas\/var\/www\/html\/notas\/wp-content\/uploads\/2023\/06\/Niveyro-libertarios.jpg 600w, https:\/\/www.elsindical.com.ar\/notas\/var\/www\/html\/notas\/wp-content\/uploads\/2023\/06\/Niveyro-libertarios-300x220.jpg 300w, https:\/\/www.elsindical.com.ar\/notas\/var\/www\/html\/notas\/wp-content\/uploads\/2023\/06\/Niveyro-libertarios-409x300.jpg 409w\" sizes=\"auto, (max-width: 740px) 100vw, 740px\" \/><\/a><\/figure>\n<\/div>\n\n\n<p>   Luego de anunciar que dejaba las filas de Cambiemos afirmando que la elecci\u00f3n que perdieron fue de las peores y culpaba a la gesti\u00f3n de Mar\u00eda Eugenia Vidal y las interferencias que pon\u00edan para reuniones personajes como Alex Campbell y Federico Salvai, parece que todo fue una puesta en escena para mantenerse viviendo del Estado y ser arrastrada por el descontento de los votantes.<\/p>\n\n\n\n<p>As\u00ed la oportunista Niveyro, ahora vuelve a inducir la idea de que para los libertarios lo mejor es una alianza con Cambiemos,  con las \u00faltimas declaraciones de la precandidata a presidenta por <strong>Juntos<\/strong>, <strong>Patricia Bullrich<\/strong>, que afirm\u00f3 hace unos d\u00edas que piensa en <strong>Javier Milei<\/strong> como \u00absu principal aliado pol\u00edtico en caso de llegar a la Casa Rosada, se intensifican los intentos de acercamiento por parte del <strong>PRO <\/strong>con el l\u00edder del sector libertario, quien ya manifest\u00f3 que estar\u00e1 \u00aba disposici\u00f3n\u00bb en caso&nbsp; de no triunfar en las elecciones generales.<\/p>\n\n\n\n<p><strong>Niveyro<\/strong> afirm\u00f3 que \u00abnosotros creemos que Javier Milei va a ser el presidente, pero si no llega a lograrlo, va a tener un importante bloque de diputados nacionales que van a trabajar fuerte en que la Argentina salga adelante. <strong>Que Javier colabore con el gobierno de Patricia, me parece algo normal, algo que deber\u00eda ser as\u00ed<\/strong>\u00ab.<\/p>\n\n\n\n<p>En esa sinton\u00eda, la referenta libertaria de Almirante Brown se\u00f1al\u00f3 que \u00abac\u00e1 no se trata de una guerra de egos, sino de una construcci\u00f3n pol\u00edtica\u00bb. Adem\u00e1s, la exconcejala argument\u00f3 que <strong>Milei <\/strong>\u00abvalora a Bullrich porque considera que es una persona que va de frente,&nbsp; y va a trabajar con ella en los mismos principios y valores que compartan\u00bb<strong>.<\/strong><\/p>\n\n\n\n<p>Para finalizar, la exconcejala de Brown destac\u00f3 que \u00abla Libertad Avanza va a hacer un papel excepcional en las elecciones\u00bb, y se refiri\u00f3 al armado de las listas locales. \u00abA\u00fan no est\u00e1 definida pero se est\u00e1 conversando con toda la gente comprometida que viene trabajando con nosotros desde el a\u00f1o pasado. Uno siempre trata de elegir a los mejores hasta ultimo momento\u00bb, concluy\u00f3 Nivyero.<\/p>\n\n\n\n<p>En realidad todo el bla bla bla de Niveyro, confirma que Milei es un empleado de Cambiemo, que form\u00f3 en la Libertad Avanza un partido de la C con un rejunte de ex Cambiemos, como se ha visto en casi todos sus candidatos y armadores, incluyendo su \u00faltima candidata a gobernadora Carolina P\u00edparo.<\/p>\n\n\n\n<p>Memoria vecinos cuando vayan a votar no se dejen enga\u00f1ar por esta gente reciclada.<\/p>\n\n\n\n<figure class=\"wp-block-image size-large\"><a href=\"https:\/\/www.elsindical.com.ar\/notas\/var\/www\/html\/notas\/wp-content\/uploads\/2023\/06\/Miriam-Niveyro-Cambiemos.jpg\"><img loading=\"lazy\" decoding=\"async\" width=\"1024\" height=\"683\" src=\"https:\/\/www.elsindical.com.ar\/notas\/var\/www\/html\/notas\/wp-content\/uploads\/2023\/06\/Miriam-Niveyro-Cambiemos-1024x683.jpg\" alt=\"\" class=\"wp-image-123412\" srcset=\"https:\/\/www.elsindical.com.ar\/notas\/var\/www\/html\/notas\/wp-content\/uploads\/2023\/06\/Miriam-Niveyro-Cambiemos-1024x683.jpg 1024w, https:\/\/www.elsindical.com.ar\/notas\/var\/www\/html\/notas\/wp-content\/uploads\/2023\/06\/Miriam-Niveyro-Cambiemos-300x200.jpg 300w, https:\/\/www.elsindical.com.ar\/notas\/var\/www\/html\/notas\/wp-content\/uploads\/2023\/06\/Miriam-Niveyro-Cambiemos-768x512.jpg 768w, https:\/\/www.elsindical.com.ar\/notas\/var\/www\/html\/notas\/wp-content\/uploads\/2023\/06\/Miriam-Niveyro-Cambiemos-450x300.jpg 450w, https:\/\/www.elsindical.com.ar\/notas\/var\/www\/html\/notas\/wp-content\/uploads\/2023\/06\/Miriam-Niveyro-Cambiemos.jpg 1494w\" sizes=\"auto, (max-width: 1024px) 100vw, 1024px\" \/><\/a><\/figure>\n\n\n\n<p>Por Marcelo Ricardo Hawrylciw<\/p>\n","protected":false},"excerpt":{"rendered":"<p>Luego de anunciar que dejaba las filas de Cambiemos afirmando que la elecci\u00f3n que perdieron fue de las peores y culpaba a la gesti\u00f3n de Mar\u00eda Eugenia Vidal y las interferencias que pon\u00edan para reuniones personajes como Alex Campbell y Federico Salvai, parece que todo fue una puesta en escena para mantenerse viviendo del Estado&hellip;<\/p>\n","protected":false},"author":1,"featured_media":123411,"comment_status":"open","ping_status":"open","sticky":false,"template":"","format":"standard","meta":{"footnotes":""},"categories":[10,13],"tags":[21891,12666,2670,22169,23815,28812,39963,7265,40469,1241,328],"class_list":["post-123410","post","type-post","status-publish","format-standard","has-post-thumbnail","hentry","category-editorial","category-politica","tag-alex-campbell","tag-alianza","tag-almirante-brown","tag-cambiemos","tag-federico-salvai","tag-javier-milei","tag-la-libertad-avanza","tag-maria-eugenia-vidal","tag-miriam-niveyro","tag-patricia-bullrich","tag-pro"],"_links":{"self":[{"href":"https:\/\/www.elsindical.com.ar\/notas\/wp-json\/wp\/v2\/posts\/123410","targetHints":{"allow":["GET"]}}],"collection":[{"href":"https:\/\/www.elsindical.com.ar\/notas\/wp-json\/wp\/v2\/posts"}],"about":[{"href":"https:\/\/www.elsindical.com.ar\/notas\/wp-json\/wp\/v2\/types\/post"}],"author":[{"embeddable":true,"href":"https:\/\/www.elsindical.com.ar\/notas\/wp-json\/wp\/v2\/users\/1"}],"replies":[{"embeddable":true,"href":"https:\/\/www.elsindical.com.ar\/notas\/wp-json\/wp\/v2\/comments?post=123410"}],"version-history":[{"count":2,"href":"https:\/\/www.elsindical.com.ar\/notas\/wp-json\/wp\/v2\/posts\/123410\/revisions"}],"predecessor-version":[{"id":123414,"href":"https:\/\/www.elsindical.com.ar\/notas\/wp-json\/wp\/v2\/posts\/123410\/revisions\/123414"}],"wp:featuredmedia":[{"embeddable":true,"href":"https:\/\/www.elsindical.com.ar\/notas\/wp-json\/wp\/v2\/media\/123411"}],"wp:attachment":[{"href":"https:\/\/www.elsindical.com.ar\/notas\/wp-json\/wp\/v2\/media?parent=123410"}],"wp:term":[{"taxonomy":"category","embeddable":true,"href":"https:\/\/www.elsindical.com.ar\/notas\/wp-json\/wp\/v2\/categories?post=123410"},{"taxonomy":"post_tag","embeddable":true,"href":"https:\/\/www.elsindical.com.ar\/notas\/wp-json\/wp\/v2\/tags?post=123410"}],"curies":[{"name":"wp","href":"https:\/\/api.w.org\/{rel}","templated":true}]}}