{"id":123394,"date":"2023-06-20T20:32:59","date_gmt":"2023-06-20T23:32:59","guid":{"rendered":"https:\/\/www.elsindical.com.ar\/notas\/?p=123394"},"modified":"2023-06-21T02:09:41","modified_gmt":"2023-06-21T05:09:41","slug":"javier-milei-de-candidato-en-ascenso-a-payaso-de-la-casta","status":"publish","type":"post","link":"https:\/\/www.elsindical.com.ar\/notas\/javier-milei-de-candidato-en-ascenso-a-payaso-de-la-casta\/","title":{"rendered":"Javier Milei de candidato en ascenso a payaso de la CASTA"},"content":{"rendered":"<div class=\"wp-block-image\">\n<figure class=\"aligncenter size-full\"><a href=\"https:\/\/www.elsindical.com.ar\/notas\/var\/www\/html\/notas\/wp-content\/uploads\/2023\/06\/Javier-y-Carolina.jpeg\"><img loading=\"lazy\" decoding=\"async\" width=\"768\" height=\"1024\" src=\"https:\/\/www.elsindical.com.ar\/notas\/var\/www\/html\/notas\/wp-content\/uploads\/2023\/06\/Javier-y-Carolina.jpeg\" alt=\"\" class=\"wp-image-123395\" srcset=\"https:\/\/www.elsindical.com.ar\/notas\/var\/www\/html\/notas\/wp-content\/uploads\/2023\/06\/Javier-y-Carolina.jpeg 768w, https:\/\/www.elsindical.com.ar\/notas\/var\/www\/html\/notas\/wp-content\/uploads\/2023\/06\/Javier-y-Carolina-225x300.jpeg 225w\" sizes=\"auto, (max-width: 768px) 100vw, 768px\" \/><\/a><\/figure>\n<\/div>\n\n\n<p class=\"wp-block-paragraph\">   El ex critico de la \u00abvieja pol\u00edtica\u00bb seg\u00fan pasan los d\u00edas en la campa\u00f1a y se realizan elecciones provinciales donde el promedio de votos de La Libertad Avanza es del 1%, se la fueron los mejores candidatos o directamente no aceptaron como el importante cargo de gobernador de la provincia de Buenos Aires.<\/p>\n\n\n\n<p class=\"wp-block-paragraph\">A los papelones con denuncias como ocurri\u00f3 con Carlos Egu\u00eda en Neuqu\u00e9n, Silvina Soria en Avellaneda, el candidato en Chubut rechazado por no reunir las condiciones que deriv\u00f3 en el rechazo de la lista entera.<\/p>\n\n\n\n<figure class=\"wp-block-image size-large\"><a href=\"https:\/\/www.elsindical.com.ar\/notas\/var\/www\/html\/notas\/wp-content\/uploads\/2023\/06\/Milei-sin-candidato-en-Chubut.jpeg\"><img loading=\"lazy\" decoding=\"async\" width=\"1024\" height=\"961\" src=\"https:\/\/www.elsindical.com.ar\/notas\/var\/www\/html\/notas\/wp-content\/uploads\/2023\/06\/Milei-sin-candidato-en-Chubut-1024x961.jpeg\" alt=\"\" class=\"wp-image-123396\" srcset=\"https:\/\/www.elsindical.com.ar\/notas\/var\/www\/html\/notas\/wp-content\/uploads\/2023\/06\/Milei-sin-candidato-en-Chubut-1024x961.jpeg 1024w, https:\/\/www.elsindical.com.ar\/notas\/var\/www\/html\/notas\/wp-content\/uploads\/2023\/06\/Milei-sin-candidato-en-Chubut-300x282.jpeg 300w, https:\/\/www.elsindical.com.ar\/notas\/var\/www\/html\/notas\/wp-content\/uploads\/2023\/06\/Milei-sin-candidato-en-Chubut-768x721.jpeg 768w, https:\/\/www.elsindical.com.ar\/notas\/var\/www\/html\/notas\/wp-content\/uploads\/2023\/06\/Milei-sin-candidato-en-Chubut-320x300.jpeg 320w, https:\/\/www.elsindical.com.ar\/notas\/var\/www\/html\/notas\/wp-content\/uploads\/2023\/06\/Milei-sin-candidato-en-Chubut.jpeg 1170w\" sizes=\"auto, (max-width: 1024px) 100vw, 1024px\" \/><\/a><\/figure>\n\n\n\n<p class=\"wp-block-paragraph\">Ahora formalmente se confirma el rumor de su candidata a gobernadora y es la se\u00f1ora <strong>Carolina P\u00edparo<\/strong>, en un comunicado v\u00eda redes sociales, Milei con una foto junto al impresentable abogado <strong>Francisco Oneto<\/strong> conocido por sus dichos medi\u00e1ticos m\u00e1s que por su trabajo jur\u00eddico, el candidato a vicegobernador es abogado del estafador Cositorto y Carolina, Milei escribi\u00f3:<\/p>\n\n\n\n<p class=\"wp-block-paragraph\"><strong><em> Carolina P\u00edparo y Francisco Oneto ser\u00e1 la f\u00f3rmula de La Libertad Avanza para la gobernaci\u00f3n bonaerense. Carolina re\u00fane las cualidades que debe tener quien gobierne la PBA. Es una persona \u00edntegra y coherente. Es un honor que nos acompa\u00f1e. Desde hace m\u00e1s de diez a\u00f1os que lucha contra el delito, que es, adem\u00e1s de la inflaci\u00f3n, el principal flagelo que padecen los bonaerenses. VIVA LA LIBERTAD CARAJO<\/em><\/strong><\/p>\n\n\n\n<p class=\"wp-block-paragraph\">Las cosas por su nombre, decir que P\u00edparo es \u00edntegra es una falacia, una enorme mentira, una funcionaria que borracha, confunde a quienes la asaltan y persigue sin cuidado alguno junto a su marido tambi\u00e9n borracho a alta velocidad por las calles a un grupo de j\u00f3venes inocentes a los que atropellan, insultan y amenazan, para despu\u00e9s intentar evadir la responsabilidad, hacer amenazas en la comisar\u00eda, negarse a los dosajes y seguir con el encubrimiento al ir a los medios a mentir y reclamar ayuda del partido que integraba, poco tiene de integridad, honestidad y buena persona.<\/p>\n\n\n\n<p class=\"wp-block-paragraph\">Vamos por el lado de la coherencia, si como funcionaria con un cargo menor, de asistencia a la v\u00edctima, ella maltrata, amenaza y ensucia a las v\u00edctimas, la coherencia cu\u00e1l ser\u00eda?<\/p>\n\n\n\n<p class=\"wp-block-paragraph\">Hay que recordar que su marido se fue con arresto domiciliario a una lujosa propiedad en un exclusivo country un privilegio para los delincuentes de la casta.<\/p>\n\n\n<div class=\"wp-block-image\">\n<figure class=\"aligncenter size-full\"><a href=\"https:\/\/www.elsindical.com.ar\/notas\/var\/www\/html\/notas\/wp-content\/uploads\/2021\/01\/marido-de-Piparo-detenido.jpg\"><img loading=\"lazy\" decoding=\"async\" width=\"720\" height=\"487\" src=\"https:\/\/www.elsindical.com.ar\/notas\/var\/www\/html\/notas\/wp-content\/uploads\/2021\/01\/marido-de-Piparo-detenido.jpg\" alt=\"\" class=\"wp-image-101806\" srcset=\"https:\/\/www.elsindical.com.ar\/notas\/var\/www\/html\/notas\/wp-content\/uploads\/2021\/01\/marido-de-Piparo-detenido.jpg 720w, https:\/\/www.elsindical.com.ar\/notas\/var\/www\/html\/notas\/wp-content\/uploads\/2021\/01\/marido-de-Piparo-detenido-300x203.jpg 300w, https:\/\/www.elsindical.com.ar\/notas\/var\/www\/html\/notas\/wp-content\/uploads\/2021\/01\/marido-de-Piparo-detenido-444x300.jpg 444w\" sizes=\"auto, (max-width: 720px) 100vw, 720px\" \/><\/a><\/figure>\n<\/div>\n\n\n<p class=\"wp-block-paragraph\">Relato esto a para que los vecinos recuerden bien estas cosas antes de votar, imaginen si con un cargo municipal fue capaz de producir lesiones, da\u00f1os, infracciones de tr\u00e1nsito y no mat\u00f3 de casualidad a un transe\u00fante, un conductor o a las v\u00edctimas darle m\u00e1s poder a alguien as\u00ed, es poco inteligente.<\/p>\n\n\n\n<p class=\"wp-block-paragraph\">Javier Milei por mediocre, por desesperado, porque no le dio el cuero o porque es as\u00ed, despilfarra una oportunidad de ser una opci\u00f3n seria, se qued\u00f3 con lo peor, se rodeo de lo que no suma y no se sincera con sus seguidores, quedo un partido con mujeres que no pueden hacer un spot de campa\u00f1a con propuestas, que suman likes por sus fotos y poses pero ideas no hay, as\u00ed m\u00e1s que La Libertad Avanza que se dedique a agencia de modelos y convoque a Pancho Doto que seguramente le dir\u00e1 que incluso para el modelaje son vulgares.<\/p>\n\n\n\n<p class=\"wp-block-paragraph\">Por Marcelo Ricardo Hawrylciw<\/p>\n","protected":false},"excerpt":{"rendered":"<p>El ex critico de la \u00abvieja pol\u00edtica\u00bb seg\u00fan pasan los d\u00edas en la campa\u00f1a y se realizan elecciones provinciales donde el promedio de votos de La Libertad Avanza es del 1%, se la fueron los mejores candidatos o directamente no aceptaron como el importante cargo de gobernador de la provincia de Buenos Aires. A los&hellip;<\/p>\n","protected":false},"author":1,"featured_media":123395,"comment_status":"open","ping_status":"open","sticky":false,"template":"","format":"standard","meta":{"footnotes":""},"categories":[10],"tags":[40427,4081,33871,2450,39328,22619,40466,28812,16688,39963,16396,22025],"class_list":["post-123394","post","type-post","status-publish","format-standard","has-post-thumbnail","hentry","category-editorial","tag-carlos-eguia","tag-carolina-piparo","tag-coherencia","tag-diario-el-sindical","tag-francisco-oneto","tag-gobernadora","tag-integridad","tag-javier-milei","tag-juntos","tag-la-libertad-avanza","tag-pba","tag-politica"],"_links":{"self":[{"href":"https:\/\/www.elsindical.com.ar\/notas\/wp-json\/wp\/v2\/posts\/123394","targetHints":{"allow":["GET"]}}],"collection":[{"href":"https:\/\/www.elsindical.com.ar\/notas\/wp-json\/wp\/v2\/posts"}],"about":[{"href":"https:\/\/www.elsindical.com.ar\/notas\/wp-json\/wp\/v2\/types\/post"}],"author":[{"embeddable":true,"href":"https:\/\/www.elsindical.com.ar\/notas\/wp-json\/wp\/v2\/users\/1"}],"replies":[{"embeddable":true,"href":"https:\/\/www.elsindical.com.ar\/notas\/wp-json\/wp\/v2\/comments?post=123394"}],"version-history":[{"count":2,"href":"https:\/\/www.elsindical.com.ar\/notas\/wp-json\/wp\/v2\/posts\/123394\/revisions"}],"predecessor-version":[{"id":123420,"href":"https:\/\/www.elsindical.com.ar\/notas\/wp-json\/wp\/v2\/posts\/123394\/revisions\/123420"}],"wp:featuredmedia":[{"embeddable":true,"href":"https:\/\/www.elsindical.com.ar\/notas\/wp-json\/wp\/v2\/media\/123395"}],"wp:attachment":[{"href":"https:\/\/www.elsindical.com.ar\/notas\/wp-json\/wp\/v2\/media?parent=123394"}],"wp:term":[{"taxonomy":"category","embeddable":true,"href":"https:\/\/www.elsindical.com.ar\/notas\/wp-json\/wp\/v2\/categories?post=123394"},{"taxonomy":"post_tag","embeddable":true,"href":"https:\/\/www.elsindical.com.ar\/notas\/wp-json\/wp\/v2\/tags?post=123394"}],"curies":[{"name":"wp","href":"https:\/\/api.w.org\/{rel}","templated":true}]}}