{"id":123350,"date":"2023-06-18T17:08:04","date_gmt":"2023-06-18T20:08:04","guid":{"rendered":"https:\/\/www.elsindical.com.ar\/notas\/?p=123350"},"modified":"2023-06-18T17:08:05","modified_gmt":"2023-06-18T20:08:05","slug":"landaburu-el-manochanta-radical","status":"publish","type":"post","link":"https:\/\/www.elsindical.com.ar\/notas\/landaburu-el-manochanta-radical\/","title":{"rendered":"Landaburu el \u00abmanochanta\u00bb radical"},"content":{"rendered":"<div class=\"wp-block-image\">\n<figure class=\"aligncenter size-full\"><a href=\"https:\/\/www.elsindical.com.ar\/notas\/var\/www\/html\/notas\/wp-content\/uploads\/2023\/06\/Landa-manochanta.jpg\"><img loading=\"lazy\" decoding=\"async\" width=\"640\" height=\"480\" src=\"https:\/\/www.elsindical.com.ar\/notas\/var\/www\/html\/notas\/wp-content\/uploads\/2023\/06\/Landa-manochanta.jpg\" alt=\"\" class=\"wp-image-123351\" srcset=\"https:\/\/www.elsindical.com.ar\/notas\/var\/www\/html\/notas\/wp-content\/uploads\/2023\/06\/Landa-manochanta.jpg 640w, https:\/\/www.elsindical.com.ar\/notas\/var\/www\/html\/notas\/wp-content\/uploads\/2023\/06\/Landa-manochanta-300x225.jpg 300w, https:\/\/www.elsindical.com.ar\/notas\/var\/www\/html\/notas\/wp-content\/uploads\/2023\/06\/Landa-manochanta-400x300.jpg 400w\" sizes=\"auto, (max-width: 640px) 100vw, 640px\" \/><\/a><\/figure>\n<\/div>\n\n\n<p>   A d\u00edas de la publicaci\u00f3n sobre los negociados entre <strong>Fernando Landaburu<\/strong> y los seudo PRO de Avellaneda, que dice un pajarito Fernando Landaburu neg\u00f3 y hasta se anim\u00f3 a decir que eran todas mentiras, me han escrito militantes que no comparten para nada la forma en que Fernandito negocia con Gallucci y Vinagre, les pedimos a los lectores que guarden nuestra nota para leerla antes de votar.<\/p>\n\n\n\n<p>Resulta que lo que niega Landaburu, fue confirmado por estos d\u00edas por <strong>Juan Manuel Casella<\/strong>, que estimo sabe m\u00e1s que yo de la interna radical e incluso critic\u00f3 al referente provincial <strong>Maximiliano Abad<\/strong>, <\/p>\n\n\n\n<p>Dijo tambi\u00e9n <strong>\u201cTodav\u00eda estamos sometidos a lo que ser\u00eda un segundo lugar desde el punto de vista te\u00f3rico. Es un segundo lugar que tendr\u00eda distintas condiciones que en 2015 pero, personalmente, opin\u00f3 que el presidente del Comit\u00e9 provincial no deber\u00eda ser candidato de ninguno de los dos sectores, ni de (Patricia) Bullrich ni de (Horacio Rodr\u00edguez) Larreta, porque en su condici\u00f3n de ser el titular del Comit\u00e9 tiene una funci\u00f3n pol\u00edtica superior que es la de garantizar el funcionamiento y la presencia del radicalismo\u201d<\/strong><\/p>\n\n\n\n<p>Traducido, tanto<strong> Mart\u00edn Ruiz Deheza <\/strong>como Landaburu est\u00e1n rifando la presencia del radicalismo y solo han negociado para beneficiar de alguna manera a sus laderos y garantizar una obediencia debida al momento de levantar la mano en el HCD o en el Consejo Escolar, insisto lo que adelant\u00e9 lo confirma un dirigente de peso y puede gustarte o no sus argumentos son v\u00e1lidos, porque en la alianza partidaria de Cambiemos, son solo los segundos los radicales y las decisiones importantes las toman los que se dicen del PRO, incluso tiene m\u00e1s peso el espacio de Lucas Yacob que el radicalismo, as\u00ed de devaluado est\u00e1 el radicalismo en Avellaneda.<\/p>\n\n\n\n<p>Sus propios concejales sienten verg\u00fcenza de la posici\u00f3n y el lugar que ocupan tal como me lo reconoci\u00f3 el marido de una concejal que defini\u00f3 a Landaburu como un chanta que solo busca mantener negocios y privilegios personales por sobre el partido, pero si quer\u00e9s seguir en el partido te callas y acompa\u00f1as.<\/p>\n\n\n\n<p>Adem\u00e1s de las denuncias por su comportamiento anti partidario y de poner a dedo a gente en las listas de alianza ya cerradas y que ser\u00e1n motivo de un quiebre interno, tambi\u00e9n lo acusan de no ser ecu\u00e1nime con el diezmo que los militantes, funcionarios y dirigentes aportan al partido, una enorme hipocres\u00eda de parte de la alianza de Cambiemos, que ve mal un aporte de un 3% en agrupaciones de izquierda pero no dicen nada del diezmo radical.<\/p>\n\n\n\n<p>Segu\u00ed mintiendo Fernandito, as\u00ed como mentiste durante a\u00f1os sobre todo, incluso tu historia personal, pero como dice Moria que se puede esperar de un burro m\u00e1s que una patada.<\/p>\n\n\n\n<p>Por Marcelo Ricardo Hawrylciw<\/p>\n","protected":false},"excerpt":{"rendered":"<p>A d\u00edas de la publicaci\u00f3n sobre los negociados entre Fernando Landaburu y los seudo PRO de Avellaneda, que dice un pajarito Fernando Landaburu neg\u00f3 y hasta se anim\u00f3 a decir que eran todas mentiras, me han escrito militantes que no comparten para nada la forma en que Fernandito negocia con Gallucci y Vinagre, les pedimos&hellip;<\/p>\n","protected":false},"author":1,"featured_media":123351,"comment_status":"open","ping_status":"open","sticky":false,"template":"","format":"standard","meta":{"footnotes":""},"categories":[10],"tags":[461,22169,2450,21713,1943,32760,29303,36562,29304,1241,328,459,1826],"class_list":["post-123350","post","type-post","status-publish","format-standard","has-post-thumbnail","hentry","category-editorial","tag-avellaneda","tag-cambiemos","tag-diario-el-sindical","tag-fernando-landaburu","tag-horacio-rodriguez-larreta","tag-juan-manuel-casella","tag-lucas-yacob","tag-maximiliano-abad","tag-maximiliano-gallucci","tag-patricia-bullrich","tag-pro","tag-sebastian-vinagre","tag-ucr"],"_links":{"self":[{"href":"https:\/\/www.elsindical.com.ar\/notas\/wp-json\/wp\/v2\/posts\/123350","targetHints":{"allow":["GET"]}}],"collection":[{"href":"https:\/\/www.elsindical.com.ar\/notas\/wp-json\/wp\/v2\/posts"}],"about":[{"href":"https:\/\/www.elsindical.com.ar\/notas\/wp-json\/wp\/v2\/types\/post"}],"author":[{"embeddable":true,"href":"https:\/\/www.elsindical.com.ar\/notas\/wp-json\/wp\/v2\/users\/1"}],"replies":[{"embeddable":true,"href":"https:\/\/www.elsindical.com.ar\/notas\/wp-json\/wp\/v2\/comments?post=123350"}],"version-history":[{"count":1,"href":"https:\/\/www.elsindical.com.ar\/notas\/wp-json\/wp\/v2\/posts\/123350\/revisions"}],"predecessor-version":[{"id":123352,"href":"https:\/\/www.elsindical.com.ar\/notas\/wp-json\/wp\/v2\/posts\/123350\/revisions\/123352"}],"wp:featuredmedia":[{"embeddable":true,"href":"https:\/\/www.elsindical.com.ar\/notas\/wp-json\/wp\/v2\/media\/123351"}],"wp:attachment":[{"href":"https:\/\/www.elsindical.com.ar\/notas\/wp-json\/wp\/v2\/media?parent=123350"}],"wp:term":[{"taxonomy":"category","embeddable":true,"href":"https:\/\/www.elsindical.com.ar\/notas\/wp-json\/wp\/v2\/categories?post=123350"},{"taxonomy":"post_tag","embeddable":true,"href":"https:\/\/www.elsindical.com.ar\/notas\/wp-json\/wp\/v2\/tags?post=123350"}],"curies":[{"name":"wp","href":"https:\/\/api.w.org\/{rel}","templated":true}]}}