{"id":123327,"date":"2023-06-18T12:48:12","date_gmt":"2023-06-18T15:48:12","guid":{"rendered":"https:\/\/www.elsindical.com.ar\/notas\/?p=123327"},"modified":"2023-06-18T12:48:13","modified_gmt":"2023-06-18T15:48:13","slug":"justicia-por-cecilia-el-oportunismo-politico-y-la-hipocresia-de-los-medios","status":"publish","type":"post","link":"https:\/\/www.elsindical.com.ar\/notas\/justicia-por-cecilia-el-oportunismo-politico-y-la-hipocresia-de-los-medios\/","title":{"rendered":"Justicia por Cecilia, el oportunismo pol\u00edtico y la hipocres\u00eda de los medios"},"content":{"rendered":"<div class=\"wp-block-image\">\n<figure class=\"aligncenter size-full\"><a href=\"https:\/\/www.elsindical.com.ar\/notas\/var\/www\/html\/notas\/wp-content\/uploads\/2023\/06\/Justicia-por-Cecilia.jpg\"><img loading=\"lazy\" decoding=\"async\" width=\"708\" height=\"708\" src=\"https:\/\/www.elsindical.com.ar\/notas\/var\/www\/html\/notas\/wp-content\/uploads\/2023\/06\/Justicia-por-Cecilia.jpg\" alt=\"\" class=\"wp-image-123328\" srcset=\"https:\/\/www.elsindical.com.ar\/notas\/var\/www\/html\/notas\/wp-content\/uploads\/2023\/06\/Justicia-por-Cecilia.jpg 708w, https:\/\/www.elsindical.com.ar\/notas\/var\/www\/html\/notas\/wp-content\/uploads\/2023\/06\/Justicia-por-Cecilia-300x300.jpg 300w, https:\/\/www.elsindical.com.ar\/notas\/var\/www\/html\/notas\/wp-content\/uploads\/2023\/06\/Justicia-por-Cecilia-150x150.jpg 150w, https:\/\/www.elsindical.com.ar\/notas\/var\/www\/html\/notas\/wp-content\/uploads\/2023\/06\/Justicia-por-Cecilia-50x50.jpg 50w\" sizes=\"auto, (max-width: 708px) 100vw, 708px\" \/><\/a><\/figure>\n<\/div>\n\n\n<p class=\"wp-block-paragraph\">   El supuesto femicidio de Cecilia Strzyzowski \u00abChechu\u00bb, que la justicia investiga en la provincia de Chaco, se ha ido transformando en un tema de agenda instalado por los medios opositores, donde sin verg\u00fcenza alguna periodistas que suelen tener posiciones y opiniones distintas, hoy piden a los gritos que se intervenga la provincia, demostrando un uso medi\u00e1tico de la situaci\u00f3n porque no hay motivos f\u00e1cticos y jur\u00eddicos para una intervenci\u00f3n, tambi\u00e9n pedida por pol\u00edticos que conocen Chaco de forma tur\u00edstica.<\/p>\n\n\n\n<p class=\"wp-block-paragraph\">La provincia de Chaco es una de las provincias que desde hace a\u00f1os tiene una sociedad fragmentada y desigual, gran parte de los excluidos son asistidos por distintas ONGS de Buenos Aires con colectas, porque el Estado no se ocupa de ellos. Con lo cual la corrupci\u00f3n y la mala gesti\u00f3n de los gobernadores e intendentes viene desde antes del regreso de la democracia, sin embargo los medios que hoy bombardean con teor\u00edas que ni la justicia eval\u00faa, demuestran y se nota una enorme hipocres\u00eda y se ponen al servicio de los infames pol\u00edticos.<\/p>\n\n\n<div class=\"wp-block-image\">\n<figure class=\"aligncenter size-full is-resized\"><a href=\"https:\/\/www.elsindical.com.ar\/notas\/var\/www\/html\/notas\/wp-content\/uploads\/2023\/06\/Javier-Lanari.jpg\"><img loading=\"lazy\" decoding=\"async\" src=\"https:\/\/www.elsindical.com.ar\/notas\/var\/www\/html\/notas\/wp-content\/uploads\/2023\/06\/Javier-Lanari.jpg\" alt=\"\" class=\"wp-image-123330\" width=\"754\" height=\"182\" srcset=\"https:\/\/www.elsindical.com.ar\/notas\/var\/www\/html\/notas\/wp-content\/uploads\/2023\/06\/Javier-Lanari.jpg 612w, https:\/\/www.elsindical.com.ar\/notas\/var\/www\/html\/notas\/wp-content\/uploads\/2023\/06\/Javier-Lanari-300x73.jpg 300w, https:\/\/www.elsindical.com.ar\/notas\/var\/www\/html\/notas\/wp-content\/uploads\/2023\/06\/Javier-Lanari-500x121.jpg 500w\" sizes=\"auto, (max-width: 754px) 100vw, 754px\" \/><\/a><\/figure>\n<\/div>\n\n\n<p class=\"wp-block-paragraph\">En esta historia de acusaciones, faltan muchos datos para ser coherentes en informar a la poblaci\u00f3n sobre teor\u00edas que curiosamente en un mundo donde todos tienen celulares, donde los videos inundan las redes sociales no exista registro alguno de las cosas que los medios dan por ciertas y de las que no se indaga o trata de comprobar, los relatos, pocos que se conocen y replican no tienen ninguna documental y terminan con un pedido NO VOTEN AL OFICIALISMO o CAPITANICH, tengo presente en mi memoria muchas denuncias contra Capitanich que curiosamente los grandes medios no siguieron en esto de informar a la poblaci\u00f3n y de perseguir la verdad.<\/p>\n\n\n\n<p class=\"wp-block-paragraph\">Algunas cosas que se dicen tampoco resisten una l\u00f3gica coherente como por ejemplo han hecho circular que la pareja de Cecilia y C\u00e9sar Sena pose\u00edan un bar que les iba muy bien, pero que ella decidi\u00f3 ponerlo en venta cuando supo que se financiaba con dinero de la pol\u00edtica y deslizan que quiz\u00e1s por ser honesta la quer\u00edan \u00abdesaparecer\u00bb, aunque moleste, si esto fuera as\u00ed y sos honesto te vas, venderlo no cambia el origen del bien, es como decir que vendes un auto porque te lo compraron con dinero de la pol\u00edtica y no lo aceptas pero venderlo implica un dinero que sigue siendo producto de un bien mal habido.<\/p>\n\n\n\n<figure class=\"wp-block-image size-full\"><a href=\"https:\/\/www.elsindical.com.ar\/notas\/var\/www\/html\/notas\/wp-content\/uploads\/2023\/06\/Cecilia-y-Cesar.jpg\"><img loading=\"lazy\" decoding=\"async\" width=\"960\" height=\"960\" src=\"https:\/\/www.elsindical.com.ar\/notas\/var\/www\/html\/notas\/wp-content\/uploads\/2023\/06\/Cecilia-y-Cesar.jpg\" alt=\"\" class=\"wp-image-123329\" srcset=\"https:\/\/www.elsindical.com.ar\/notas\/var\/www\/html\/notas\/wp-content\/uploads\/2023\/06\/Cecilia-y-Cesar.jpg 960w, https:\/\/www.elsindical.com.ar\/notas\/var\/www\/html\/notas\/wp-content\/uploads\/2023\/06\/Cecilia-y-Cesar-300x300.jpg 300w, https:\/\/www.elsindical.com.ar\/notas\/var\/www\/html\/notas\/wp-content\/uploads\/2023\/06\/Cecilia-y-Cesar-150x150.jpg 150w, https:\/\/www.elsindical.com.ar\/notas\/var\/www\/html\/notas\/wp-content\/uploads\/2023\/06\/Cecilia-y-Cesar-768x768.jpg 768w, https:\/\/www.elsindical.com.ar\/notas\/var\/www\/html\/notas\/wp-content\/uploads\/2023\/06\/Cecilia-y-Cesar-50x50.jpg 50w\" sizes=\"auto, (max-width: 960px) 100vw, 960px\" \/><\/a><\/figure>\n\n\n\n<p class=\"wp-block-paragraph\">Tampoco hay mucha informaci\u00f3n sobre Cecilia, a la fecha la \u00fanica que habla, insulta y pide que no voten hoy al oficialismo es Gloria Romero, nada se menciona del padre de Cecilia porque este o no, debe haber sido una influencia en la vida de sus hijas ya que el relato de Gloria m\u00e1s all\u00e1 del dolor de una madre es por momentos fluctuante, pasa de decir que teme por su otra hija, que no duerme a decir que tiene m\u00e1s huevos que un hombre y a referenciar cosas que no han sido confirmadas por otros, pero que de ser cierto no se entiende que llev\u00f3 a Cecilia a involucrarse con una familia as\u00ed, por ejemplo, Emerenciano Sena <strong>\u00abEs lo m\u00e1s pesado que hay. <\/strong>Le preguntas a cualquiera y dicen eso, manejan todo<strong>,<\/strong>\u00a0juran a la bandera de Cuba, a la del Che Guevara, al barrio de ellos nadie entra sin permiso y<strong>\u00a0nadie se meter\u00eda con \u00e9l<\/strong>\u00ab. <\/p>\n\n\n\n<p class=\"wp-block-paragraph\">Siendo as\u00ed, que familia no cuida como sea a su hija y por el lado de Cecilia insisto, si todos sab\u00edan todo, porque era una familia conocida por todos y nadie puede creer que se pasa de alba\u00f1il a millonario en breves a\u00f1os por lo menos en Chaco, porque hay en la pol\u00edtica argentina un tal Franco que hizo esa magia y no se cuestion\u00f3.<\/p>\n\n\n\n<p class=\"wp-block-paragraph\">Se debe investigar si fue v\u00edctima de un femicidio, homicidio o desaparici\u00f3n con total imparcialidad y sin dejar de lado cuanto delito surja de la misma, pero no se puede ser tan imb\u00e9ciles de no ver el oportunismo pol\u00edtico y los medios que se cuelgan con oportunismo interesado, ejemplo, se habla de que se encontraron 6 millones de pesos y que eso demuestra que son corruptos los pol\u00edticos, que eso es lavado de dinero, que puede estar el narcotr\u00e1fico y la corrupci\u00f3n, STOP, 6 millones de pesos son unos 11 mil d\u00f3lares, en la casa de la ex vicepresidenta Gabriela Michetti encontraron 50 mil d\u00f3lares, m\u00e1s de 20 millones de pesos y su empleada al declarar dijo que era com\u00fan que llegaran las bolsas con dinero, en esa causa que termin\u00f3 en nada, la prensa no ten\u00eda tantas teor\u00edas.<\/p>\n\n\n\n<p class=\"wp-block-paragraph\">Con esto, lejos estoy de pretender justificar lo ocurrido, lo repudio, considero que no hay una justificaci\u00f3n v\u00e1lida y que deben ser procesados y condenados, lo que se\u00f1alo es que hay un inter\u00e9s pol\u00edtico distinto si los delincuentes y corruptos son punteros del Chaco y otra conducta si los corruptos pertenecen a la pol\u00edtica o los grupos de poder, no importa si los \u00faltimos son 100 veces m\u00e1s da\u00f1inos.<\/p>\n\n\n\n<p class=\"wp-block-paragraph\">La CORRUPCI\u00d3N no debe ser un privilegio de los poderosos.<\/p>\n\n\n<div class=\"wp-block-image\">\n<figure class=\"aligncenter size-full\"><a href=\"https:\/\/www.elsindical.com.ar\/notas\/var\/www\/html\/notas\/wp-content\/uploads\/2023\/06\/Oportunismo-de-Ritondo.jpg\"><img loading=\"lazy\" decoding=\"async\" width=\"635\" height=\"612\" src=\"https:\/\/www.elsindical.com.ar\/notas\/var\/www\/html\/notas\/wp-content\/uploads\/2023\/06\/Oportunismo-de-Ritondo.jpg\" alt=\"\" class=\"wp-image-123331\" srcset=\"https:\/\/www.elsindical.com.ar\/notas\/var\/www\/html\/notas\/wp-content\/uploads\/2023\/06\/Oportunismo-de-Ritondo.jpg 635w, https:\/\/www.elsindical.com.ar\/notas\/var\/www\/html\/notas\/wp-content\/uploads\/2023\/06\/Oportunismo-de-Ritondo-300x289.jpg 300w, https:\/\/www.elsindical.com.ar\/notas\/var\/www\/html\/notas\/wp-content\/uploads\/2023\/06\/Oportunismo-de-Ritondo-311x300.jpg 311w\" sizes=\"auto, (max-width: 635px) 100vw, 635px\" \/><\/a><\/figure>\n<\/div>\n\n\n<p class=\"wp-block-paragraph\">El circo pol\u00edtico y medi\u00e1tico montado en un pa\u00eds serio ser\u00eda frenado por la justicia, tanto que les gusta el modelo americano o europeo, en investigaciones en curso no se permite este tipo de cosas, si faltaba algo para sumar m\u00e1s bla bla Fernando Burlando con su autobombo diciendo que va a Chaco a ponerse a disposici\u00f3n de forma gratuita, viene bien para su campa\u00f1a y de paso lavar un poco su imagen tan inestable, un d\u00eda est\u00e1 con v\u00edctimas y otro se pone del lado de los victimarios y hasta se transforma en el perro malo de ellos para demandar a los que osaron hablar de ellos.<\/p>\n\n\n\n<p class=\"wp-block-paragraph\">Esta bipolaridad que se construye en los medios es peligrosa, porque genera en los ciudadanos un mensaje de odio generado desde una tendenciosa informaci\u00f3n y que los hoy se muestran buenos ma\u00f1ana terminan generando desilusi\u00f3n.<\/p>\n\n\n\n<p class=\"wp-block-paragraph\">Chaco tiene denuncias grav\u00edsimas sobre desapariciones de ni\u00f1os de las que los que hoy piden la intervenci\u00f3n nunca se ocuparon ni siquiera cuando fueron gobierno, la vida de Cecilia vale igual que la de cualquier otra vida, las situaciones en las que han desaparecido han sido mucho m\u00e1s escandalosas, con vidas m\u00e1s vulnerables porque los fueron a buscar, no compart\u00edan nada con sus captores.<\/p>\n\n\n\n<p class=\"wp-block-paragraph\">Si vamos a elegir a Chaco como modelo del fin de la corrupci\u00f3n, entonces empecemos a reclamar a la justicia que avance en la investigaci\u00f3n sobre la irregular financiaci\u00f3n pol\u00edtica que tiene a Mar\u00eda Eugenia Vidal como investigada y a todo su entorno, lo mismo con las denuncias sobre el resto de los partidos incluyendo a los piqueteros, de lo contrario a los ojos del mundo somos una sociedad rid\u00edcula que los medios y las redes les dicen corran para all\u00e1 y la mayor\u00eda corre, luego le dicen de esto no se habla y se callan.<\/p>\n\n\n\n<p class=\"wp-block-paragraph\">Todas las vidas valen y se supone todos somos iguales ante la Ley, seamos un pa\u00eds coherente y empecemos a dejar de ser manipulados.<\/p>\n\n\n\n<p class=\"wp-block-paragraph\">Por Marcelo Ricardo Hawrylciw<\/p>\n","protected":false},"excerpt":{"rendered":"<p>El supuesto femicidio de Cecilia Strzyzowski \u00abChechu\u00bb, que la justicia investiga en la provincia de Chaco, se ha ido transformando en un tema de agenda instalado por los medios opositores, donde sin verg\u00fcenza alguna periodistas que suelen tener posiciones y opiniones distintas, hoy piden a los gritos que se intervenga la provincia, demostrando un uso&hellip;<\/p>\n","protected":false},"author":1,"featured_media":123328,"comment_status":"open","ping_status":"open","sticky":false,"template":"","format":"standard","meta":{"footnotes":""},"categories":[10],"tags":[40450,40453,255,1451,3821,2450,40452,9890,3862,40451,17427,7265,315,8204],"class_list":["post-123327","post","type-post","status-publish","format-standard","has-post-thumbnail","hentry","category-editorial","tag-cecilia-strzyzowski","tag-cesar-sena","tag-chaco","tag-corrupcion","tag-desapariciones","tag-diario-el-sindical","tag-emerenciano-sena","tag-femicidio","tag-gabriela-michetti","tag-gloria-romero","tag-jorge-capitanich","tag-maria-eugenia-vidal","tag-trata-de-personas","tag-wichis"],"_links":{"self":[{"href":"https:\/\/www.elsindical.com.ar\/notas\/wp-json\/wp\/v2\/posts\/123327","targetHints":{"allow":["GET"]}}],"collection":[{"href":"https:\/\/www.elsindical.com.ar\/notas\/wp-json\/wp\/v2\/posts"}],"about":[{"href":"https:\/\/www.elsindical.com.ar\/notas\/wp-json\/wp\/v2\/types\/post"}],"author":[{"embeddable":true,"href":"https:\/\/www.elsindical.com.ar\/notas\/wp-json\/wp\/v2\/users\/1"}],"replies":[{"embeddable":true,"href":"https:\/\/www.elsindical.com.ar\/notas\/wp-json\/wp\/v2\/comments?post=123327"}],"version-history":[{"count":1,"href":"https:\/\/www.elsindical.com.ar\/notas\/wp-json\/wp\/v2\/posts\/123327\/revisions"}],"predecessor-version":[{"id":123332,"href":"https:\/\/www.elsindical.com.ar\/notas\/wp-json\/wp\/v2\/posts\/123327\/revisions\/123332"}],"wp:featuredmedia":[{"embeddable":true,"href":"https:\/\/www.elsindical.com.ar\/notas\/wp-json\/wp\/v2\/media\/123328"}],"wp:attachment":[{"href":"https:\/\/www.elsindical.com.ar\/notas\/wp-json\/wp\/v2\/media?parent=123327"}],"wp:term":[{"taxonomy":"category","embeddable":true,"href":"https:\/\/www.elsindical.com.ar\/notas\/wp-json\/wp\/v2\/categories?post=123327"},{"taxonomy":"post_tag","embeddable":true,"href":"https:\/\/www.elsindical.com.ar\/notas\/wp-json\/wp\/v2\/tags?post=123327"}],"curies":[{"name":"wp","href":"https:\/\/api.w.org\/{rel}","templated":true}]}}