{"id":123299,"date":"2023-06-16T17:41:51","date_gmt":"2023-06-16T20:41:51","guid":{"rendered":"https:\/\/www.elsindical.com.ar\/notas\/?p=123299"},"modified":"2023-06-16T17:41:52","modified_gmt":"2023-06-16T20:41:52","slug":"ferraresi-vendiendo-humo-con-el-plan-nacional-de-primera-infancia","status":"publish","type":"post","link":"https:\/\/www.elsindical.com.ar\/notas\/ferraresi-vendiendo-humo-con-el-plan-nacional-de-primera-infancia\/","title":{"rendered":"Ferraresi vendiendo humo con el Plan Nacional de Primera Infancia"},"content":{"rendered":"<div class=\"wp-block-image\">\n<figure class=\"aligncenter size-full\"><a href=\"https:\/\/www.elsindical.com.ar\/notas\/var\/www\/html\/notas\/wp-content\/uploads\/2023\/06\/Ferraresi-acuerdos-sobre-ninez.jpg\"><img loading=\"lazy\" decoding=\"async\" width=\"750\" height=\"499\" src=\"https:\/\/www.elsindical.com.ar\/notas\/var\/www\/html\/notas\/wp-content\/uploads\/2023\/06\/Ferraresi-acuerdos-sobre-ninez.jpg\" alt=\"\" class=\"wp-image-123300\" srcset=\"https:\/\/www.elsindical.com.ar\/notas\/var\/www\/html\/notas\/wp-content\/uploads\/2023\/06\/Ferraresi-acuerdos-sobre-ninez.jpg 750w, https:\/\/www.elsindical.com.ar\/notas\/var\/www\/html\/notas\/wp-content\/uploads\/2023\/06\/Ferraresi-acuerdos-sobre-ninez-300x200.jpg 300w, https:\/\/www.elsindical.com.ar\/notas\/var\/www\/html\/notas\/wp-content\/uploads\/2023\/06\/Ferraresi-acuerdos-sobre-ninez-451x300.jpg 451w\" sizes=\"auto, (max-width: 750px) 100vw, 750px\" \/><\/a><\/figure>\n<\/div>\n\n\n<p>   El intendente de Avellaneda Jorge Ferraresi, sigue con su pol\u00edtica de \u00abmanotear\u00bb lo que venga y despu\u00e9s hacer, as\u00ed, se conoci\u00f3 la noticia de que firmo convenios vinculados al Plan Nacional de Primera Infancia, del cual participaron varios impresentables del municipio que solo permanecen en sus cargos por la militancia pol\u00edtica que realizan y no por sus p\u00e9simas gestiones que han arruinado varias infancias y familias.<\/p>\n\n\n\n<p>La noticia que publican los medios con pauta es la siguiente y luego desarrollar\u00e9 lo que los dem\u00e1s callan y desinforman a los vecinos de Avellaneda.<\/p>\n\n\n\n<p><strong>En la sala de reuniones del Palacio Municipal, el jefe comunal, junto con la jefa de Gabinete local, Magdalena Sierra; el secretario Nacional de Ni\u00f1ez del Ministerio de Desarrollo Social, Gabriel Lerner y el subsecretario de Primera Infancia, Nicol\u00e1s Falcone, firmaron un acuerdo a trav\u00e9s del cual se garantiza el trabajo en conjunto para el fortalecimiento de los Jardines de Infantes Municipales de la ciudad.<br><br>Esta acci\u00f3n que tiene como objetivo la mejora edilicia y capacitaci\u00f3n del personal, beneficiar\u00e1 a 479 ni\u00f1os y ni\u00f1as de entre 45 d\u00edas y 4 a\u00f1os de edad en situaci\u00f3n de vulnerabilidad social.<br>Participaron de la reuni\u00f3n la secretaria del Desarrollo Social de Avellaneda, Romina Barreiro; la secretaria de Ni\u00f1ez, Adolescencia y Familia, Lorena Ramundo y la subsecretaria de Educaci\u00f3n, Macarena Macia.<\/strong><\/p>\n\n\n\n<p>Ac\u00e1 hay una informaci\u00f3n segmentada de qu\u00e9 es el Plan Nacional de Primera Infancia y una afirmaci\u00f3n de dudosa veracidad cuando se cuantifica la cantidad de ni\u00f1os y ni\u00f1as beneficiados, justamente porque muchos de ellos de entre 45 d\u00edas y los 4 a\u00f1os, han sido perjudicados por la mala gesti\u00f3n de la secretaria de Ni\u00f1ez Adolescencia y Familia <strong>Lorena Ramundo<\/strong>, de quien ya hemos se\u00f1alado reiteradas veces su poco compromiso con la actividad por la que cobra un sueldo y su activa militancia pol\u00edtica, traducido, m\u00e1s de una vez en lugar de estar trabajando y estar en su sitio de trabajo, se la ve\u00eda muy contenta militando cuestiones pol\u00edticas que nada tienen que ver con su \u00e1rea, esto sumado a cientos de denuncias contra la secretaria y los equipos que en ella cumplen funciones, todo en perjuicio de los derechos de los ni\u00f1os.<\/p>\n\n\n\n<p>Por el lado de Desarrollo Social a cargo de <strong>Romina Barreiro<\/strong> las irregularidades son similares, incluso se siguen viendo veh\u00edculos municipales descargando mercader\u00eda en domicilios particulares donde viven militantes que justamente no realizan un trabajo de asistencia, estas cosas ocurren porque no hay un control municipal ni de quien se supone es la autoridad m\u00e1xima en Avellaneda en el \u00e1rea, <strong>Magdalena Sierra<\/strong>, esposa de Ferraresi.<\/p>\n\n\n\n<h2 class=\"wp-block-heading\">\u00bfQu\u00e9 es el Plan Nacional de Primera Instancia?<\/h2>\n\n\n\n<p>Los primeros a\u00f1os de vida son los m\u00e1s importantes para el crecimiento de ni\u00f1as y ni\u00f1os. Por ello, este <a href=\"https:\/\/www.argentina.gob.ar\/normativa\/nacional\/resoluci%C3%B3n-524-2021-348299\/texto\">Plan Nacional<\/a> tiene el objetivo de acompa\u00f1ar y fortalecer las diferentes estrategias de cuidado y educaci\u00f3n destinadas a chicos y chicas en esta etapa.<\/p>\n\n\n\n<p>A ra\u00edz de la firma de convenios con provincias, municipios y organizaciones de la sociedad civil, profundizamos las pol\u00edticas de cuidado, ponemos en marcha nuevos Espacios de Primera Infancia y fortalecemos los que ya existen.<\/p>\n\n\n\n<h4 class=\"wp-block-heading\">\u00bfQu\u00e9 son los Espacios de Primera Infancia (EPI)?<\/h4>\n\n\n\n<p>Son lugares en donde brindamos atenci\u00f3n integral, contenci\u00f3n y estimulaci\u00f3n, para que las ni\u00f1as y ni\u00f1os puedan crecer sanos en cada uno de sus barrios, mientras sus familias trabajan o estudian.<\/p>\n\n\n\n<h4 class=\"wp-block-heading\">\u00bfC\u00f3mo son y c\u00f3mo trabajamos en los EPI?<\/h4>\n\n\n\n<ul class=\"wp-block-list\">\n<li>Disponen de espacios de juego para la estimulaci\u00f3n temprana y el aprendizaje psicomotriz; Educaci\u00f3n y contenci\u00f3n para los chicos y las chicas;<\/li>\n\n\n\n<li>Fortalecemos y acompa\u00f1amos acciones que buscan el desarrollo integral, a trav\u00e9s del juego, la crianza y educaci\u00f3n, Educaci\u00f3n Sexual Integral (ESI), el respeto por la diversidad y el g\u00e9nero en la Primera Infancia;<\/li>\n\n\n\n<li>Fomentamos la prevenci\u00f3n y promoci\u00f3n de la salud: organizamos talleres y capacitaciones destinadas a las chicas, chicos y sus familias desde una perspectiva inclusiva;<\/li>\n\n\n\n<li>Protegemos el desarrollo propio de cada ni\u00f1o y cada ni\u00f1a; comprendiendo que son seres \u00fanicos y que sus capacidades madurativas son procesos individuales en cada etapa de su vida;<\/li>\n\n\n\n<li>Brindamos asistencia nutricional porque el acceso a la alimentaci\u00f3n saludable y equilibrada en la ni\u00f1ez es un derecho;<\/li>\n\n\n\n<li>Organizamos capacitaciones y actividades junto a los equipos de los Espacios de Primera Infancia.<\/li>\n<\/ul>\n\n\n\n<h4 class=\"wp-block-heading\">\u00bfQu\u00e9 hacemos desde SENAF para impulsar estos espacios?<\/h4>\n\n\n\n<ul class=\"wp-block-list\">\n<li>Brindamos asistencia t\u00e9cnica y financiera para acompa\u00f1ar el funcionamiento de los mismos;<\/li>\n\n\n\n<li>Otorgamos financiamiento para equipar inicialmente cada EPI;<\/li>\n\n\n\n<li>Realizamos seguimiento, monitoreo y formaci\u00f3n en materia de primera infancia;<\/li>\n\n\n\n<li>Desarrollamos una serie de mejoras y ampliaciones edilicias.<\/li>\n<\/ul>\n\n\n\n<h2 class=\"wp-block-heading\">Conclusi\u00f3n<\/h2>\n\n\n\n<p>   Si el municipio, va a trabajar con estas personas que nunca honraron su trabajo, que son funcionales a intereses partidarios pero ineficientes para atender las necesidades de los vecinos, especialmente en cuestiones de cuidar a las infancias, entonces seguimos en una enorme mentira y esto solo ser\u00e1 una buena excusa para sumar caja y terminar haciendo con los recursos lo mismo de siempre, financiar la militancia.<\/p>\n\n\n\n<p>Si bien estas cosas son habituales en la pol\u00edtica, no por eso hay que no denunciarlas para que los vecinos sepan la verdad y a partir de all\u00ed, piensen si sigue siendo inteligente regalar el voto a una banda de pol\u00edticos que no la cuentan la pesan o alguien encuentra un motivo para verlos tan felices de sumar trabajo.<\/p>\n\n\n\n<p>Por Marcelo Ricardo Hawrylciw<\/p>\n","protected":false},"excerpt":{"rendered":"<p>El intendente de Avellaneda Jorge Ferraresi, sigue con su pol\u00edtica de \u00abmanotear\u00bb lo que venga y despu\u00e9s hacer, as\u00ed, se conoci\u00f3 la noticia de que firmo convenios vinculados al Plan Nacional de Primera Infancia, del cual participaron varios impresentables del municipio que solo permanecen en sus cargos por la militancia pol\u00edtica que realizan y no&hellip;<\/p>\n","protected":false},"author":1,"featured_media":123300,"comment_status":"open","ping_status":"open","sticky":false,"template":"","format":"standard","meta":{"footnotes":""},"categories":[10],"tags":[461,2450,37480,1062,19714,40439,16519,40437,40436,40438],"class_list":["post-123299","post","type-post","status-publish","format-standard","has-post-thumbnail","hentry","category-editorial","tag-avellaneda","tag-diario-el-sindical","tag-gabriel-lerner","tag-jorge-ferraresi","tag-lorena-ramundo","tag-macarena-macia","tag-magdalena-sierra","tag-nicolas-falcone","tag-plan-nacional-de-primera-infancia","tag-romina-barreiro"],"_links":{"self":[{"href":"https:\/\/www.elsindical.com.ar\/notas\/wp-json\/wp\/v2\/posts\/123299","targetHints":{"allow":["GET"]}}],"collection":[{"href":"https:\/\/www.elsindical.com.ar\/notas\/wp-json\/wp\/v2\/posts"}],"about":[{"href":"https:\/\/www.elsindical.com.ar\/notas\/wp-json\/wp\/v2\/types\/post"}],"author":[{"embeddable":true,"href":"https:\/\/www.elsindical.com.ar\/notas\/wp-json\/wp\/v2\/users\/1"}],"replies":[{"embeddable":true,"href":"https:\/\/www.elsindical.com.ar\/notas\/wp-json\/wp\/v2\/comments?post=123299"}],"version-history":[{"count":1,"href":"https:\/\/www.elsindical.com.ar\/notas\/wp-json\/wp\/v2\/posts\/123299\/revisions"}],"predecessor-version":[{"id":123301,"href":"https:\/\/www.elsindical.com.ar\/notas\/wp-json\/wp\/v2\/posts\/123299\/revisions\/123301"}],"wp:featuredmedia":[{"embeddable":true,"href":"https:\/\/www.elsindical.com.ar\/notas\/wp-json\/wp\/v2\/media\/123300"}],"wp:attachment":[{"href":"https:\/\/www.elsindical.com.ar\/notas\/wp-json\/wp\/v2\/media?parent=123299"}],"wp:term":[{"taxonomy":"category","embeddable":true,"href":"https:\/\/www.elsindical.com.ar\/notas\/wp-json\/wp\/v2\/categories?post=123299"},{"taxonomy":"post_tag","embeddable":true,"href":"https:\/\/www.elsindical.com.ar\/notas\/wp-json\/wp\/v2\/tags?post=123299"}],"curies":[{"name":"wp","href":"https:\/\/api.w.org\/{rel}","templated":true}]}}