{"id":123294,"date":"2023-06-16T12:15:32","date_gmt":"2023-06-16T15:15:32","guid":{"rendered":"https:\/\/www.elsindical.com.ar\/notas\/?p=123294"},"modified":"2023-06-16T12:15:33","modified_gmt":"2023-06-16T15:15:33","slug":"las-nuevas-escalas-del-monotributo","status":"publish","type":"post","link":"https:\/\/www.elsindical.com.ar\/notas\/las-nuevas-escalas-del-monotributo\/","title":{"rendered":"Las nuevas escalas del monotributo"},"content":{"rendered":"\n<figure class=\"wp-block-image size-large\"><a href=\"https:\/\/www.elsindical.com.ar\/notas\/var\/www\/html\/notas\/wp-content\/uploads\/2021\/07\/Monotributo-online.jpg\"><img loading=\"lazy\" decoding=\"async\" width=\"1024\" height=\"768\" src=\"https:\/\/www.elsindical.com.ar\/notas\/var\/www\/html\/notas\/wp-content\/uploads\/2021\/07\/Monotributo-online-1024x768.jpg\" alt=\"\" class=\"wp-image-106439\" srcset=\"https:\/\/www.elsindical.com.ar\/notas\/var\/www\/html\/notas\/wp-content\/uploads\/2021\/07\/Monotributo-online-1024x768.jpg 1024w, https:\/\/www.elsindical.com.ar\/notas\/var\/www\/html\/notas\/wp-content\/uploads\/2021\/07\/Monotributo-online-300x225.jpg 300w, https:\/\/www.elsindical.com.ar\/notas\/var\/www\/html\/notas\/wp-content\/uploads\/2021\/07\/Monotributo-online-768x576.jpg 768w, https:\/\/www.elsindical.com.ar\/notas\/var\/www\/html\/notas\/wp-content\/uploads\/2021\/07\/Monotributo-online-400x300.jpg 400w, https:\/\/www.elsindical.com.ar\/notas\/var\/www\/html\/notas\/wp-content\/uploads\/2021\/07\/Monotributo-online.jpg 1170w\" sizes=\"auto, (max-width: 1024px) 100vw, 1024px\" \/><\/a><\/figure>\n\n\n\n<p>Se formaliz\u00f3 el aumento del 41 por ciento de aumento.<\/p>\n\n\n\n<p><strong>El Gobierno formaliz\u00f3 el aumento del 41% en las escalas del R\u00e9gimen Simplificado para Peque\u00f1os Contribuyentes<\/strong>, com\u00fanmente denominado monotributo, a partir de julio, a trav\u00e9s del <a href=\"https:\/\/www.boletinoficial.gob.ar\/detalleAviso\/primera\/288471\/20230616\" target=\"_blank\" rel=\"noreferrer noopener\">decreto 315\/2023<\/a> publicado hoy en el Bolet\u00edn Oficial.<\/p>\n\n\n\n<p>El mismo determin\u00f3 que a partir del <strong>1\u00b0 de julio de 2023<\/strong>, los par\u00e1metros de ingresos brutos anuales <strong>para la categor\u00eda A pasar\u00e1n de $ 999.657,23 a $ 1.414.762,58; en la B de $ 1.485.976,96 a $ 2.103.025,45; en la C de $ 2.080.367,73 a $ 2.944.235,60; en la D de $ 2.583.720,42 a $ 3.656.604,33; en la E de $ 3.042.435,05 a $ 4.305.799,15; y en la F de $ 3.803.043,82 a $ 5.382.248,94.<\/strong><\/p>\n\n\n\n<p>En esta l\u00ednea, la categor\u00eda G subir\u00e1 de $ 4.563.652,57 a $ 6.458.698,71; la H de $ 5.650.236,51 a $ 7.996.484,11; la I de $ 6.323.918,55 a $ 8.949.911,06; la J de $ 7.247.514,92 a $ 10.257.028,68; y la K de $ 8.040.721,19 a $ 11.379.612,01.<\/p>\n\n\n\n<p>Adem\u00e1s se estableci\u00f3 que deber\u00e1n considerarse los nuevos valores para la recategorizaci\u00f3n correspondiente al primer semestre de 2023.<\/p>\n\n\n\n<p><strong>El ministro de Econom\u00eda, <a href=\"https:\/\/twitter.com\/SergioMassa\" target=\"_blank\" rel=\"noreferrer noopener\">Sergio Massa<\/a>, anticip\u00f3 esta medida la semana pasada, para beneficio de \u201cm\u00e1s de cinco millones de contribuyentes\u201d.<\/strong> \u201cSubimos 41% la base imponible para facilitar a todos los monotributistas de la Argentina, m\u00e1s de cinco millones, su situaci\u00f3n formal frente a la Administraci\u00f3n Federal de Ingresos P\u00fablicos (AFIP)\u201d, dijo Massa.<\/p>\n\n\n\n<p>Se trata de un beneficio para los trabajadores monotributistas que permitir\u00e1 que recompongan el poder adquisitivo y obtengan una mejora del salario de bolsillo que se traduce en mayor consumo y actividad econ\u00f3mica.<\/p>\n\n\n\n<p>Actualmente, existen 4.781.614 de monotributistas, de los cuales 2.894.352 pertenecen a la categor\u00eda A; 642.137 a la B; 359.565 a la C; 350.964 a la D; 180.989 a la E; 185.074 a la F; 107.562 a la G; 49.608 a la H; 7.471 a la I; 2.575 a la J; y 1.317 a la K.<\/p>\n","protected":false},"excerpt":{"rendered":"<p>Se formaliz\u00f3 el aumento del 41 por ciento de aumento. El Gobierno formaliz\u00f3 el aumento del 41% en las escalas del R\u00e9gimen Simplificado para Peque\u00f1os Contribuyentes, com\u00fanmente denominado monotributo, a partir de julio, a trav\u00e9s del decreto 315\/2023 publicado hoy en el Bolet\u00edn Oficial. El mismo determin\u00f3 que a partir del 1\u00b0 de julio de&hellip;<\/p>\n","protected":false},"author":1,"featured_media":106439,"comment_status":"open","ping_status":"open","sticky":false,"template":"","format":"standard","meta":{"footnotes":""},"categories":[9],"tags":[2450,22023,34819,5784,2810],"class_list":["post-123294","post","type-post","status-publish","format-standard","has-post-thumbnail","hentry","category-economia","tag-diario-el-sindical","tag-economia","tag-escalas","tag-monotributo","tag-valores"],"_links":{"self":[{"href":"https:\/\/www.elsindical.com.ar\/notas\/wp-json\/wp\/v2\/posts\/123294","targetHints":{"allow":["GET"]}}],"collection":[{"href":"https:\/\/www.elsindical.com.ar\/notas\/wp-json\/wp\/v2\/posts"}],"about":[{"href":"https:\/\/www.elsindical.com.ar\/notas\/wp-json\/wp\/v2\/types\/post"}],"author":[{"embeddable":true,"href":"https:\/\/www.elsindical.com.ar\/notas\/wp-json\/wp\/v2\/users\/1"}],"replies":[{"embeddable":true,"href":"https:\/\/www.elsindical.com.ar\/notas\/wp-json\/wp\/v2\/comments?post=123294"}],"version-history":[{"count":1,"href":"https:\/\/www.elsindical.com.ar\/notas\/wp-json\/wp\/v2\/posts\/123294\/revisions"}],"predecessor-version":[{"id":123295,"href":"https:\/\/www.elsindical.com.ar\/notas\/wp-json\/wp\/v2\/posts\/123294\/revisions\/123295"}],"wp:featuredmedia":[{"embeddable":true,"href":"https:\/\/www.elsindical.com.ar\/notas\/wp-json\/wp\/v2\/media\/106439"}],"wp:attachment":[{"href":"https:\/\/www.elsindical.com.ar\/notas\/wp-json\/wp\/v2\/media?parent=123294"}],"wp:term":[{"taxonomy":"category","embeddable":true,"href":"https:\/\/www.elsindical.com.ar\/notas\/wp-json\/wp\/v2\/categories?post=123294"},{"taxonomy":"post_tag","embeddable":true,"href":"https:\/\/www.elsindical.com.ar\/notas\/wp-json\/wp\/v2\/tags?post=123294"}],"curies":[{"name":"wp","href":"https:\/\/api.w.org\/{rel}","templated":true}]}}