{"id":123266,"date":"2023-06-15T23:55:54","date_gmt":"2023-06-16T02:55:54","guid":{"rendered":"https:\/\/www.elsindical.com.ar\/notas\/?p=123266"},"modified":"2023-06-16T00:10:29","modified_gmt":"2023-06-16T03:10:29","slug":"carlos-eguia-javier-milei-es-un-enfermo-un-chorro-y-una-mierda","status":"publish","type":"post","link":"https:\/\/www.elsindical.com.ar\/notas\/carlos-eguia-javier-milei-es-un-enfermo-un-chorro-y-una-mierda\/","title":{"rendered":"Carlos Egu\u00eda, Javier Milei es un enfermo, un chorro y una mierda"},"content":{"rendered":"<div class=\"wp-block-image\">\n<figure class=\"aligncenter size-full\"><a href=\"https:\/\/www.elsindical.com.ar\/notas\/var\/www\/html\/notas\/wp-content\/uploads\/2023\/06\/Milei-es-una-basura-y-ladron.jpg\"><img loading=\"lazy\" decoding=\"async\" width=\"950\" height=\"535\" src=\"https:\/\/www.elsindical.com.ar\/notas\/var\/www\/html\/notas\/wp-content\/uploads\/2023\/06\/Milei-es-una-basura-y-ladron.jpg\" alt=\"\" class=\"wp-image-123267\" srcset=\"https:\/\/www.elsindical.com.ar\/notas\/var\/www\/html\/notas\/wp-content\/uploads\/2023\/06\/Milei-es-una-basura-y-ladron.jpg 950w, https:\/\/www.elsindical.com.ar\/notas\/var\/www\/html\/notas\/wp-content\/uploads\/2023\/06\/Milei-es-una-basura-y-ladron-300x169.jpg 300w, https:\/\/www.elsindical.com.ar\/notas\/var\/www\/html\/notas\/wp-content\/uploads\/2023\/06\/Milei-es-una-basura-y-ladron-768x433.jpg 768w, https:\/\/www.elsindical.com.ar\/notas\/var\/www\/html\/notas\/wp-content\/uploads\/2023\/06\/Milei-es-una-basura-y-ladron-500x282.jpg 500w, https:\/\/www.elsindical.com.ar\/notas\/var\/www\/html\/notas\/wp-content\/uploads\/2023\/06\/Milei-es-una-basura-y-ladron-460x260.jpg 460w\" sizes=\"auto, (max-width: 950px) 100vw, 950px\" \/><\/a><\/figure>\n<\/div>\n\n\n<p><em>Quien fuera candidato en Neuqu\u00e9n por parte de La Libertad Avanza prendi\u00f3 el ventilador contra Milei. Confirma la venta de candidaturas y c\u00f3mo le sacaron dinero.<\/em><\/p>\n\n\n\n<p>Carlos Egu\u00eda fue candidato de Javier Milei en Neuqu\u00e9n. Fue una elecci\u00f3n pobre, que no alcanz\u00f3 al 8%, y que tuvo sus altibajos: el periodista neuquino, en plena campa\u00f1a, hab\u00eda amenazado con bajarse. Ese cap\u00edtulo dif\u00edcil, igual, no es nada al lado de lo que acaba de suceder: en su editorial radial prendi\u00f3 el ventilador y atac\u00f3 en dur\u00edsimos t\u00e9rminos al libertario. \u201cEs un pelotudo, enfermo, loco, mala persona\u201d, y hasta confirm\u00f3 la venta de candidaturas y c\u00f3mo el entorno del economista le sac\u00f3 dinero.<\/p>\n\n\n\n<p>La editorial se llam\u00f3 \u201cla mentira de Milei\u201d. Arranca con cr\u00edticas pol\u00edticas \u2013\u201cme enter\u00e9 por un tuit que hab\u00edan armado una alianza con un partido de Larreta\u201d- pero despu\u00e9s pas\u00f3 a campos personales. \u201cEs un enfermo, mala persona, porquer\u00eda, se merece que los escupamos por la calle, no que nos saquemos una selfie; se merece que la gente le diga sabe una cosa, usted es m\u00e1s chorro que los chorros\u201d, dijo. Tambi\u00e9n confirm\u00f3 la venta de candidaturas \u2013\u201cel es el primer chorro, 20 d\u00edas antes de las elecciones me llamaron para pedirme cargos para la legislatura de Neuqu\u00e9n\u201d- y cont\u00f3 que Milei y su hermana Karina exigieron que le \u201cpaguen todo\u201d en los dos viajes que hizo el libertario a Neuqu\u00e9n. \u201cY todo es todo, vuelos, comida, los mejores hoteles, la movilidad. Y encima cuando hacemos las recorridas pone cara de orto, no quiere saludar a la gente, es un maleducado, porquer\u00eda. Kikuchi, Karina, y Javier Milei son una bosta\u00bb.<\/p>\n\n\n\n<figure class=\"wp-block-embed is-type-video is-provider-youtube wp-block-embed-youtube wp-embed-aspect-16-9 wp-has-aspect-ratio\"><div class=\"wp-block-embed__wrapper\">\n<iframe loading=\"lazy\" title=\"Javier Milei es un chorro y una basura la editorial de Egu\u00eda\" width=\"700\" height=\"394\" src=\"https:\/\/www.youtube.com\/embed\/YjiZFt_a8JQ?feature=oembed\" frameborder=\"0\" allow=\"accelerometer; autoplay; clipboard-write; encrypted-media; gyroscope; picture-in-picture; web-share\" allowfullscreen><\/iframe>\n<\/div><\/figure>\n","protected":false},"excerpt":{"rendered":"<p>Quien fuera candidato en Neuqu\u00e9n por parte de La Libertad Avanza prendi\u00f3 el ventilador contra Milei. Confirma la venta de candidaturas y c\u00f3mo le sacaron dinero. Carlos Egu\u00eda fue candidato de Javier Milei en Neuqu\u00e9n. Fue una elecci\u00f3n pobre, que no alcanz\u00f3 al 8%, y que tuvo sus altibajos: el periodista neuquino, en plena campa\u00f1a,&hellip;<\/p>\n","protected":false},"author":1,"featured_media":123267,"comment_status":"open","ping_status":"open","sticky":false,"template":"","format":"standard","meta":{"footnotes":""},"categories":[21],"tags":[40427,40429,2450,17487,28812,40428,40430,39963,22025],"class_list":["post-123266","post","type-post","status-publish","format-standard","has-post-thumbnail","hentry","category-opinion","tag-carlos-eguia","tag-chorro","tag-diario-el-sindical","tag-enfermo","tag-javier-milei","tag-karina-milei","tag-kikuchi","tag-la-libertad-avanza","tag-politica"],"_links":{"self":[{"href":"https:\/\/www.elsindical.com.ar\/notas\/wp-json\/wp\/v2\/posts\/123266","targetHints":{"allow":["GET"]}}],"collection":[{"href":"https:\/\/www.elsindical.com.ar\/notas\/wp-json\/wp\/v2\/posts"}],"about":[{"href":"https:\/\/www.elsindical.com.ar\/notas\/wp-json\/wp\/v2\/types\/post"}],"author":[{"embeddable":true,"href":"https:\/\/www.elsindical.com.ar\/notas\/wp-json\/wp\/v2\/users\/1"}],"replies":[{"embeddable":true,"href":"https:\/\/www.elsindical.com.ar\/notas\/wp-json\/wp\/v2\/comments?post=123266"}],"version-history":[{"count":2,"href":"https:\/\/www.elsindical.com.ar\/notas\/wp-json\/wp\/v2\/posts\/123266\/revisions"}],"predecessor-version":[{"id":123269,"href":"https:\/\/www.elsindical.com.ar\/notas\/wp-json\/wp\/v2\/posts\/123266\/revisions\/123269"}],"wp:featuredmedia":[{"embeddable":true,"href":"https:\/\/www.elsindical.com.ar\/notas\/wp-json\/wp\/v2\/media\/123267"}],"wp:attachment":[{"href":"https:\/\/www.elsindical.com.ar\/notas\/wp-json\/wp\/v2\/media?parent=123266"}],"wp:term":[{"taxonomy":"category","embeddable":true,"href":"https:\/\/www.elsindical.com.ar\/notas\/wp-json\/wp\/v2\/categories?post=123266"},{"taxonomy":"post_tag","embeddable":true,"href":"https:\/\/www.elsindical.com.ar\/notas\/wp-json\/wp\/v2\/tags?post=123266"}],"curies":[{"name":"wp","href":"https:\/\/api.w.org\/{rel}","templated":true}]}}