{"id":123193,"date":"2023-06-13T13:37:26","date_gmt":"2023-06-13T16:37:26","guid":{"rendered":"https:\/\/www.elsindical.com.ar\/notas\/?p=123193"},"modified":"2023-06-13T13:37:26","modified_gmt":"2023-06-13T16:37:26","slug":"dictaron-la-conciliacion-obligatoria-y-no-habra-paro-de-trenes","status":"publish","type":"post","link":"https:\/\/www.elsindical.com.ar\/notas\/dictaron-la-conciliacion-obligatoria-y-no-habra-paro-de-trenes\/","title":{"rendered":"Dictaron la conciliaci\u00f3n obligatoria y no habr\u00e1 paro de trenes"},"content":{"rendered":"<div class=\"wp-block-image\">\n<figure class=\"aligncenter size-full\"><a href=\"https:\/\/www.elsindical.com.ar\/notas\/var\/www\/html\/notas\/wp-content\/uploads\/2022\/03\/trenes-argentinos-formacion.jpg\"><img loading=\"lazy\" decoding=\"async\" width=\"724\" height=\"429\" src=\"https:\/\/www.elsindical.com.ar\/notas\/var\/www\/html\/notas\/wp-content\/uploads\/2022\/03\/trenes-argentinos-formacion.jpg\" alt=\"\" class=\"wp-image-112491\" srcset=\"https:\/\/www.elsindical.com.ar\/notas\/var\/www\/html\/notas\/wp-content\/uploads\/2022\/03\/trenes-argentinos-formacion.jpg 724w, https:\/\/www.elsindical.com.ar\/notas\/var\/www\/html\/notas\/wp-content\/uploads\/2022\/03\/trenes-argentinos-formacion-300x178.jpg 300w, https:\/\/www.elsindical.com.ar\/notas\/var\/www\/html\/notas\/wp-content\/uploads\/2022\/03\/trenes-argentinos-formacion-500x296.jpg 500w\" sizes=\"auto, (max-width: 724px) 100vw, 724px\" \/><\/a><\/figure>\n<\/div>\n\n\n<p>El paro de trenes anunciado para ma\u00f1ana queda sin efecto.<\/p>\n\n\n\n<p><strong>El Ministerio de Trabajo de la Naci\u00f3n dict\u00f3 la conciliaci\u00f3n obligatoria, por lo que el paro de trenes anunciado para ma\u00f1ana queda sin efecto. <\/strong>El <a href=\"https:\/\/www.inforegion.com.ar\/2023\/06\/12\/sin-trenes-este-miercoles-y-jueves\/\">paro <\/a>hab\u00eda sido convocado por los gremios Uni\u00f3n Ferroviaria (UF), Asociaci\u00f3n de Se\u00f1aleros Ferroviarios Argentinos (ASFA), La Fraternidad y Asociaci\u00f3n del Personal de Direcci\u00f3n de los Ferrocarriles Argentinos y Puertos (APDFA).<\/p>\n\n\n\n<p><strong>La convocatoria a la medida de fuerza es por mejoras salariales. <\/strong>\u201cTeniendo en cuenta que&nbsp;se encuentran agotados los plazos establecidos por las partes en el \u00faltimo acuerdo paritario&nbsp;con respecto a la renovaci\u00f3n de las condiciones salariales para el per\u00edodo abril 2023-marzo 2024 se ha dispuesto la realizaci\u00f3n de un paro general de actividades a nivel nacional por el t\u00e9rmino de 24 horas\u201d, expresaron desde La Fraternidad al anunciar la medida de fuerza.<\/p>\n\n\n\n<p>Sin embargo, este martes se dict\u00f3 la conciliaci\u00f3n obligatoria por 15 d\u00edas, por lo que la medida queda sin efecto. Es una buena noticia para aquellos que dependen del tren para llegar a sus lugares de trabajo o la escuela.<\/p>\n\n\n\n<p>\u201cSe dispuso dar por iniciado un per\u00edodo de conciliaci\u00f3n obligatoria por el t\u00e9rmino de quince (15) d\u00edas, de acuerdo a lo establecido en el Art\u00edculo 11\u00b0 de la normativa preindicada, debiendo retrotraerse la situaci\u00f3n a la existente con anterioridad al inicio del conflicto y por el plazo de duraci\u00f3n del presente procedimiento conciliatorio\u201d, anunci\u00f3 este mediod\u00eda el Ministerio de Trabajo.<\/p>\n\n\n\n<p>Asimismo, en su art\u00edculo 3, decidi\u00f3 <strong>\u201cintimar a las entidades sindicales mencionadas y, por su intermedio, a los trabajadores por ellas representados, a dejar sin efecto, durante el per\u00edodo indicado en el art\u00edculo anterior, toda medida de acci\u00f3n directa que estuviesen implementando y\/o tuvieran previsto implementar, prestando servicios de manera normal y habitual\u201d<\/strong>.<\/p>\n\n\n\n<p>En su art\u00edculo 4, la cartera laboral dispuso \u201cintimar a las empresas Ferrov\u00edas Sociedad An\u00f3nima Concesionaria y Metrov\u00edas Sociedad An\u00f3nima, durante el per\u00edodo y con los alcances dispuestos en el Art\u00edculo 2\u00b0, a abstenerse de tomar represalias de cualquier tipo con el personal representado por las organizaciones sindicales y\/o con cualquier otra persona, en relaci\u00f3n al diferendo aqu\u00ed planteado, as\u00ed como tambi\u00e9n a otorgar tareas en forma normal y habitual a su personal\u201d.<\/p>\n","protected":false},"excerpt":{"rendered":"<p>El paro de trenes anunciado para ma\u00f1ana queda sin efecto. El Ministerio de Trabajo de la Naci\u00f3n dict\u00f3 la conciliaci\u00f3n obligatoria, por lo que el paro de trenes anunciado para ma\u00f1ana queda sin efecto. El paro hab\u00eda sido convocado por los gremios Uni\u00f3n Ferroviaria (UF), Asociaci\u00f3n de Se\u00f1aleros Ferroviarios Argentinos (ASFA), La Fraternidad y Asociaci\u00f3n&hellip;<\/p>\n","protected":false},"author":1,"featured_media":112491,"comment_status":"open","ping_status":"open","sticky":false,"template":"","format":"standard","meta":{"footnotes":""},"categories":[16],"tags":[19410,28227,3539,2450,67,4975],"class_list":["post-123193","post","type-post","status-publish","format-standard","has-post-thumbnail","hentry","category-gremiales","tag-apdfa","tag-asfa","tag-conciliacion-obligatoria","tag-diario-el-sindical","tag-paro","tag-uf"],"_links":{"self":[{"href":"https:\/\/www.elsindical.com.ar\/notas\/wp-json\/wp\/v2\/posts\/123193","targetHints":{"allow":["GET"]}}],"collection":[{"href":"https:\/\/www.elsindical.com.ar\/notas\/wp-json\/wp\/v2\/posts"}],"about":[{"href":"https:\/\/www.elsindical.com.ar\/notas\/wp-json\/wp\/v2\/types\/post"}],"author":[{"embeddable":true,"href":"https:\/\/www.elsindical.com.ar\/notas\/wp-json\/wp\/v2\/users\/1"}],"replies":[{"embeddable":true,"href":"https:\/\/www.elsindical.com.ar\/notas\/wp-json\/wp\/v2\/comments?post=123193"}],"version-history":[{"count":1,"href":"https:\/\/www.elsindical.com.ar\/notas\/wp-json\/wp\/v2\/posts\/123193\/revisions"}],"predecessor-version":[{"id":123194,"href":"https:\/\/www.elsindical.com.ar\/notas\/wp-json\/wp\/v2\/posts\/123193\/revisions\/123194"}],"wp:featuredmedia":[{"embeddable":true,"href":"https:\/\/www.elsindical.com.ar\/notas\/wp-json\/wp\/v2\/media\/112491"}],"wp:attachment":[{"href":"https:\/\/www.elsindical.com.ar\/notas\/wp-json\/wp\/v2\/media?parent=123193"}],"wp:term":[{"taxonomy":"category","embeddable":true,"href":"https:\/\/www.elsindical.com.ar\/notas\/wp-json\/wp\/v2\/categories?post=123193"},{"taxonomy":"post_tag","embeddable":true,"href":"https:\/\/www.elsindical.com.ar\/notas\/wp-json\/wp\/v2\/tags?post=123193"}],"curies":[{"name":"wp","href":"https:\/\/api.w.org\/{rel}","templated":true}]}}