{"id":123190,"date":"2023-06-13T13:33:14","date_gmt":"2023-06-13T16:33:14","guid":{"rendered":"https:\/\/www.elsindical.com.ar\/notas\/?p=123190"},"modified":"2023-06-13T13:33:15","modified_gmt":"2023-06-13T16:33:15","slug":"lanus-clausuran-3-boliches-por-denuncias-de-ruidos-molestos","status":"publish","type":"post","link":"https:\/\/www.elsindical.com.ar\/notas\/lanus-clausuran-3-boliches-por-denuncias-de-ruidos-molestos\/","title":{"rendered":"Lan\u00fas: Clausuran 3 boliches por denuncias de ruidos molestos"},"content":{"rendered":"\n<figure class=\"wp-block-image size-full\"><a href=\"https:\/\/www.elsindical.com.ar\/notas\/var\/www\/html\/notas\/wp-content\/uploads\/2023\/06\/boliches-clausurados-en-Lanus.png\"><img loading=\"lazy\" decoding=\"async\" width=\"932\" height=\"528\" src=\"https:\/\/www.elsindical.com.ar\/notas\/var\/www\/html\/notas\/wp-content\/uploads\/2023\/06\/boliches-clausurados-en-Lanus.png\" alt=\"\" class=\"wp-image-123191\" srcset=\"https:\/\/www.elsindical.com.ar\/notas\/var\/www\/html\/notas\/wp-content\/uploads\/2023\/06\/boliches-clausurados-en-Lanus.png 932w, https:\/\/www.elsindical.com.ar\/notas\/var\/www\/html\/notas\/wp-content\/uploads\/2023\/06\/boliches-clausurados-en-Lanus-300x170.png 300w, https:\/\/www.elsindical.com.ar\/notas\/var\/www\/html\/notas\/wp-content\/uploads\/2023\/06\/boliches-clausurados-en-Lanus-768x435.png 768w, https:\/\/www.elsindical.com.ar\/notas\/var\/www\/html\/notas\/wp-content\/uploads\/2023\/06\/boliches-clausurados-en-Lanus-500x283.png 500w, https:\/\/www.elsindical.com.ar\/notas\/var\/www\/html\/notas\/wp-content\/uploads\/2023\/06\/boliches-clausurados-en-Lanus-220x126.png 220w, https:\/\/www.elsindical.com.ar\/notas\/var\/www\/html\/notas\/wp-content\/uploads\/2023\/06\/boliches-clausurados-en-Lanus-460x260.png 460w\" sizes=\"auto, (max-width: 932px) 100vw, 932px\" \/><\/a><\/figure>\n\n\n\n<p>A ra\u00edz de las reiteradas denuncias de los vecinos la direcci\u00f3n general de Control Comunal del Municipio de Lan\u00fas, procedi\u00f3 a la clausura de tres locales ubicados sobre la Av. H. Yrigoyen.<\/p>\n\n\n\n<p>Seg\u00fan explic\u00f3 el Carlos Tagliafico, titular del \u00e1rea, \u00abla intenci\u00f3n no es perjudicar al comerciante que invierte en Lan\u00fas pero tenemos que lograr que convivan con el vecino que tambi\u00e9n tiene derecho a descansar tranquilo. Y ante el reclamo debemos aplicar las herramientas con las que contamos para que eso se cumpla.\u00bb<\/p>\n\n\n\n<p>Se trata de los boliches Neider Resto, inaugurado recientemente, el cual est\u00e1 ubicado en Av. H. Yrigoyen al 4100; Your Place, misma avenida altura 4038 y Clique al 4064.<\/p>\n\n\n\n<p>Seg\u00fan informaron hab\u00edan los due\u00f1os hab\u00edan sido notificados el d\u00eda anterior a lo que hicieron caso omiso por lo cual se procedi\u00f3 a la clausura.<\/p>\n\n\n\n<p>Ahora ser\u00e1 el Tribunal de Faltas el que determine el valor de la multa.<\/p>\n","protected":false},"excerpt":{"rendered":"<p>A ra\u00edz de las reiteradas denuncias de los vecinos la direcci\u00f3n general de Control Comunal del Municipio de Lan\u00fas, procedi\u00f3 a la clausura de tres locales ubicados sobre la Av. H. Yrigoyen. Seg\u00fan explic\u00f3 el Carlos Tagliafico, titular del \u00e1rea, \u00abla intenci\u00f3n no es perjudicar al comerciante que invierte en Lan\u00fas pero tenemos que lograr&hellip;<\/p>\n","protected":false},"author":1,"featured_media":123191,"comment_status":"open","ping_status":"open","sticky":false,"template":"","format":"standard","meta":{"footnotes":""},"categories":[6],"tags":[5472,154,25737,40405,22020,2450,209,40403,40406,986,40404],"class_list":["post-123190","post","type-post","status-publish","format-standard","has-post-thumbnail","hentry","category-denuncias","tag-boliches","tag-buenos-aires","tag-carlos-tagliafico","tag-clique","tag-denuncias","tag-diario-el-sindical","tag-lanus","tag-neider-resto","tag-ruidos-molestos","tag-vecinos","tag-your-place"],"_links":{"self":[{"href":"https:\/\/www.elsindical.com.ar\/notas\/wp-json\/wp\/v2\/posts\/123190","targetHints":{"allow":["GET"]}}],"collection":[{"href":"https:\/\/www.elsindical.com.ar\/notas\/wp-json\/wp\/v2\/posts"}],"about":[{"href":"https:\/\/www.elsindical.com.ar\/notas\/wp-json\/wp\/v2\/types\/post"}],"author":[{"embeddable":true,"href":"https:\/\/www.elsindical.com.ar\/notas\/wp-json\/wp\/v2\/users\/1"}],"replies":[{"embeddable":true,"href":"https:\/\/www.elsindical.com.ar\/notas\/wp-json\/wp\/v2\/comments?post=123190"}],"version-history":[{"count":1,"href":"https:\/\/www.elsindical.com.ar\/notas\/wp-json\/wp\/v2\/posts\/123190\/revisions"}],"predecessor-version":[{"id":123192,"href":"https:\/\/www.elsindical.com.ar\/notas\/wp-json\/wp\/v2\/posts\/123190\/revisions\/123192"}],"wp:featuredmedia":[{"embeddable":true,"href":"https:\/\/www.elsindical.com.ar\/notas\/wp-json\/wp\/v2\/media\/123191"}],"wp:attachment":[{"href":"https:\/\/www.elsindical.com.ar\/notas\/wp-json\/wp\/v2\/media?parent=123190"}],"wp:term":[{"taxonomy":"category","embeddable":true,"href":"https:\/\/www.elsindical.com.ar\/notas\/wp-json\/wp\/v2\/categories?post=123190"},{"taxonomy":"post_tag","embeddable":true,"href":"https:\/\/www.elsindical.com.ar\/notas\/wp-json\/wp\/v2\/tags?post=123190"}],"curies":[{"name":"wp","href":"https:\/\/api.w.org\/{rel}","templated":true}]}}