{"id":123180,"date":"2023-06-12T18:13:21","date_gmt":"2023-06-12T21:13:21","guid":{"rendered":"https:\/\/www.elsindical.com.ar\/notas\/?p=123180"},"modified":"2023-06-12T19:30:46","modified_gmt":"2023-06-12T22:30:46","slug":"jorge-lanata-y-otra-supuesta-investigacion-periodistica-para-la-gilada","status":"publish","type":"post","link":"https:\/\/www.elsindical.com.ar\/notas\/jorge-lanata-y-otra-supuesta-investigacion-periodistica-para-la-gilada\/","title":{"rendered":"Jorge Lanata y otra supuesta investigaci\u00f3n period\u00edstica para la \u00abgilada\u00bb"},"content":{"rendered":"\n<figure class=\"wp-block-image size-large\"><a href=\"https:\/\/www.elsindical.com.ar\/notas\/var\/www\/html\/notas\/wp-content\/uploads\/2023\/06\/Corralon-Larralde.png\"><img loading=\"lazy\" decoding=\"async\" width=\"1024\" height=\"1024\" src=\"https:\/\/www.elsindical.com.ar\/notas\/var\/www\/html\/notas\/wp-content\/uploads\/2023\/06\/Corralon-Larralde-1024x1024.png\" alt=\"\" class=\"wp-image-123182\" srcset=\"https:\/\/www.elsindical.com.ar\/notas\/var\/www\/html\/notas\/wp-content\/uploads\/2023\/06\/Corralon-Larralde-1024x1024.png 1024w, https:\/\/www.elsindical.com.ar\/notas\/var\/www\/html\/notas\/wp-content\/uploads\/2023\/06\/Corralon-Larralde-300x300.png 300w, https:\/\/www.elsindical.com.ar\/notas\/var\/www\/html\/notas\/wp-content\/uploads\/2023\/06\/Corralon-Larralde-150x150.png 150w, https:\/\/www.elsindical.com.ar\/notas\/var\/www\/html\/notas\/wp-content\/uploads\/2023\/06\/Corralon-Larralde-768x768.png 768w, https:\/\/www.elsindical.com.ar\/notas\/var\/www\/html\/notas\/wp-content\/uploads\/2023\/06\/Corralon-Larralde-50x50.png 50w, https:\/\/www.elsindical.com.ar\/notas\/var\/www\/html\/notas\/wp-content\/uploads\/2023\/06\/Corralon-Larralde.png 1080w\" sizes=\"auto, (max-width: 1024px) 100vw, 1024px\" \/><\/a><\/figure>\n\n\n\n<p>   <strong>Jorge Lanata<\/strong>, anunci\u00f3 durante una semana un informe period\u00edstico especial sobre irregularidades en la adjudicaci\u00f3n de contrataciones por parte del municipio de Avellaneda que conduce Jorge Ferraresi y que estuvo por unos meses a cargo de <strong>Alejo Chornobroff<\/strong> el presta firma pero que en la realidad gobernaba <strong>Magdalena Sierra<\/strong>, esposa de Ferraresi.<\/p>\n\n\n\n<p>Ya el informe hace agua cuando aparece entrevistado el referente del<strong> PRO Sebasti\u00e1n Vinagre<\/strong> del espacio de<strong> Patricia Bullrich <\/strong>quien balbucea algunas palabras pero se lo nota complicado para expresarse correctamente y no aporta nada importante a la supuesta investigaci\u00f3n period\u00edstica que plantea solo dudas sobre el direccionamiento de las obras, pero no va m\u00e1s all\u00e1 de insinuar que el novio de una de las hijas de Ferraresi se benefici\u00f3 en la asignaci\u00f3n de compras para obras.<\/p>\n\n\n\n<p>En realidad el informe que se vendi\u00f3 como algo relevante es un fraude a quienes esperaban una investigaci\u00f3n period\u00edstica de verdad y no algo que parece una novela donde se mezcla lo personal con lo p\u00fablico y Vinagre volvi\u00f3 a mostrar lo que es la oposici\u00f3n local, mucho ruido y pocas nueces.<\/p>\n\n\n\n<figure class=\"wp-block-image size-full\"><a href=\"https:\/\/www.elsindical.com.ar\/notas\/var\/www\/html\/notas\/wp-content\/uploads\/2023\/06\/Lucas-Daniele.jpg\"><img loading=\"lazy\" decoding=\"async\" width=\"1024\" height=\"732\" src=\"https:\/\/www.elsindical.com.ar\/notas\/var\/www\/html\/notas\/wp-content\/uploads\/2023\/06\/Lucas-Daniele.jpg\" alt=\"\" class=\"wp-image-123181\" srcset=\"https:\/\/www.elsindical.com.ar\/notas\/var\/www\/html\/notas\/wp-content\/uploads\/2023\/06\/Lucas-Daniele.jpg 1024w, https:\/\/www.elsindical.com.ar\/notas\/var\/www\/html\/notas\/wp-content\/uploads\/2023\/06\/Lucas-Daniele-300x214.jpg 300w, https:\/\/www.elsindical.com.ar\/notas\/var\/www\/html\/notas\/wp-content\/uploads\/2023\/06\/Lucas-Daniele-768x549.jpg 768w, https:\/\/www.elsindical.com.ar\/notas\/var\/www\/html\/notas\/wp-content\/uploads\/2023\/06\/Lucas-Daniele-420x300.jpg 420w\" sizes=\"auto, (max-width: 1024px) 100vw, 1024px\" \/><\/a><\/figure>\n\n\n\n<p>En breve el supuesto informe elaborado por el periodista Manu Jove dice que <strong>Lucas Daniele<\/strong> (31) novio de <strong>Mar\u00eda Milagros Ferraresi<\/strong>  , motivo por el cual el corral\u00f3n que posee este joven en sociedad con Diego Eduardo L\u00f3pez, bajo la denominaci\u00f3n <strong>FEDILUMA S.R.L<\/strong>, con <strong>CUIT: 30-71730238-5<\/strong>, con domicilio en la calle <strong>Cris\u00f3logo Larralde 5235<\/strong> de Wilde, en un predio que fue adquirido apenas armada la sociedad.<\/p>\n\n\n\n<p>El <strong>Corral\u00f3n Larralde <\/strong>comenz\u00f3 a proveer de materiales a firmas que ten\u00edan contratos de obra ganados en Avellaneda y que estaban a cargo del Ministerio de Desarrollo Territorial y H\u00e1bitat que conduc\u00eda Ferraresi y de otras adjudicatarias de la propia municipalidad. Se trata de programas para construir y refaccionar clubes de barrio, polideportivos y sociedades de fomento.<\/p>\n\n\n\n<p>\u201cDesconocemos cu\u00e1les son las asignaciones ni las formas de ejecuci\u00f3n de esos programas, pese a infinitos pedidos de informe que hicimos en el Concejo Deliberante. No se tratan. Hacen el proceso legislativo pero se archivan\u201d,&nbsp; se quej\u00f3<strong> Sebasti\u00e1n Vinagre<\/strong>, concejal del PRO en Avellaneda.<\/p>\n\n\n\n<p>Con Ferraresi como ministro, desde su cartera financiaron 10 complejos de viviendas en Avellaneda, a trav\u00e9s del programa Reconstruir. Para ello se destinaron unos 1.400 millones de pesos para terminar, por ejemplo, 197 casas en el predio Alianza II, de Dock Sud. All\u00ed entr\u00f3 el Corral\u00f3n Larralde como proveedor de materiales. El informe recorri\u00f3 varias de esas obras y, en todas, aparec\u00edan las bolsas del corral\u00f3n.<\/p>\n\n\n\n<p>Tambi\u00e9n en el programa<strong> \u201cCasa Propia\u201d<\/strong>, donde el ministerio baj\u00f3 casi 154 millones de pesos para levantar 60 viviendas en Villa Inflamable, en el predio Eissler. Los materiales para esa obra fueron adquiridos en el corral\u00f3n de Daniele.<\/p>\n\n\n\n<p>PPT fue a la sede de la firma para tratar de hablar con Daniele, pero no pudo encontrarlo. Luego fueron a preguntar al municipio de Avellaneda. All\u00ed aclararon que el corral\u00f3n \u201cno est\u00e1 directamente inscripto como proveedor de la municipalidad\u201d, y que ellos contratan a proveedores que luego van a comprarle a la empresa del yerno del intendente.<\/p>\n\n\n\n<p>Uno de los datos llamativos que resalt\u00f3 el informe es que el corral\u00f3n, a pesar de haberse fundado reci\u00e9n en 2021, estaba compitiendo por la obra p\u00fablica con otros pesos pesado de la zona. Sin ir m\u00e1s lejos el corral\u00f3n propiedad de la familia de Julio Grondona, ex mandam\u00e1s de la AFA y vicepresidente de la FIFA.<\/p>\n\n\n\n<p>Bueno algunos datos en los que no se ahond\u00f3, <strong>Lucas Nahuel Daniele<\/strong>, <strong>CUIL: 20-<em>35947766<\/em>-0<\/strong>, era un simple empleado municipal y renunci\u00f3 cuando de la nada fund\u00f3 la sociedad, vale aclarar que Lucas era un joven de clase media baja, con domicilio en \u00abLas Torres de Wilde\u00bb ubicadas en Las Flores al 1600, situaci\u00f3n que lo ubica m\u00e1s cerca de ser un \u00abtestaferro\u00bb que a un joven empresario beneficiado, respecto al socio <strong>Diego Eduardo L\u00f3pez, CUIT: 20-<em>37710114<\/em>-7<\/strong>, oriundo de Berazategui y hoy residiendo en Quilmes, su situaci\u00f3n fiscal frente a la AFIP es por lo menos confusa ya que se encuentra registrado como Aut\u00f3nomo y con una facturaci\u00f3n de hasta 15.000 pesos mensuales, algo muy curioso teniendo en cuenta los montos que se dice recibi\u00f3 la sociedad.<\/p>\n\n\n\n<p>Estos datos no son menores porque hay o un error o un fraude, situaci\u00f3n que alguna autoridad deber\u00eda investigar, pero de eso, la oposici\u00f3n no habla, raro.<\/p>\n\n\n\n<p>Tampoco la oposici\u00f3n prefiri\u00f3 hablar de que durante esta historia de amor, la pareja pudiera ahorrar para fundar una empresa, ya que ambos se dedicaban a pasear por Europa y otros sitios compartiendo las fotos y videos de sus viajes, Mar\u00eda Milagros incluso sin necesidad alguna, ocup\u00f3 un cargo de \u00abDirector\u00bb en la Defensor\u00eda del Pueblo de la Provincia de Buenos Aires, junto al concejal <strong>Jos\u00e9 Alessi<\/strong>, ninguno de los dos con un horario que justifique sus sueldos.<\/p>\n\n\n\n<figure class=\"wp-block-embed is-type-video is-provider-youtube wp-block-embed-youtube wp-embed-aspect-16-9 wp-has-aspect-ratio\"><div class=\"wp-block-embed__wrapper\">\n<iframe loading=\"lazy\" title=\"El dudoso informe de Lanata sobre el municipio de Avellaneda\" width=\"700\" height=\"394\" src=\"https:\/\/www.youtube.com\/embed\/uyFyzSuU-Bw?feature=oembed\" frameborder=\"0\" allow=\"accelerometer; autoplay; clipboard-write; encrypted-media; gyroscope; picture-in-picture; web-share\" allowfullscreen><\/iframe>\n<\/div><\/figure>\n\n\n\n<p>Por Marcelo Ricardo Hawrylciw<\/p>\n","protected":false},"excerpt":{"rendered":"<p>Jorge Lanata, anunci\u00f3 durante una semana un informe period\u00edstico especial sobre irregularidades en la adjudicaci\u00f3n de contrataciones por parte del municipio de Avellaneda que conduce Jorge Ferraresi y que estuvo por unos meses a cargo de Alejo Chornobroff el presta firma pero que en la realidad gobernaba Magdalena Sierra, esposa de Ferraresi. Ya el informe&hellip;<\/p>\n","protected":false},"author":1,"featured_media":123182,"comment_status":"open","ping_status":"open","sticky":false,"template":"","format":"standard","meta":{"footnotes":""},"categories":[10],"tags":[30014,461,40399,2450,40400,1062,15843,16519,40398,1241,328,459],"class_list":["post-123180","post","type-post","status-publish","format-standard","has-post-thumbnail","hentry","category-editorial","tag-alejo-chornobroff","tag-avellaneda","tag-corralon-larralde","tag-diario-el-sindical","tag-fediluma-srl","tag-jorge-ferraresi","tag-jorge-lanata","tag-magdalena-sierra","tag-maria-milagros-ferraresi","tag-patricia-bullrich","tag-pro","tag-sebastian-vinagre"],"_links":{"self":[{"href":"https:\/\/www.elsindical.com.ar\/notas\/wp-json\/wp\/v2\/posts\/123180","targetHints":{"allow":["GET"]}}],"collection":[{"href":"https:\/\/www.elsindical.com.ar\/notas\/wp-json\/wp\/v2\/posts"}],"about":[{"href":"https:\/\/www.elsindical.com.ar\/notas\/wp-json\/wp\/v2\/types\/post"}],"author":[{"embeddable":true,"href":"https:\/\/www.elsindical.com.ar\/notas\/wp-json\/wp\/v2\/users\/1"}],"replies":[{"embeddable":true,"href":"https:\/\/www.elsindical.com.ar\/notas\/wp-json\/wp\/v2\/comments?post=123180"}],"version-history":[{"count":2,"href":"https:\/\/www.elsindical.com.ar\/notas\/wp-json\/wp\/v2\/posts\/123180\/revisions"}],"predecessor-version":[{"id":123184,"href":"https:\/\/www.elsindical.com.ar\/notas\/wp-json\/wp\/v2\/posts\/123180\/revisions\/123184"}],"wp:featuredmedia":[{"embeddable":true,"href":"https:\/\/www.elsindical.com.ar\/notas\/wp-json\/wp\/v2\/media\/123182"}],"wp:attachment":[{"href":"https:\/\/www.elsindical.com.ar\/notas\/wp-json\/wp\/v2\/media?parent=123180"}],"wp:term":[{"taxonomy":"category","embeddable":true,"href":"https:\/\/www.elsindical.com.ar\/notas\/wp-json\/wp\/v2\/categories?post=123180"},{"taxonomy":"post_tag","embeddable":true,"href":"https:\/\/www.elsindical.com.ar\/notas\/wp-json\/wp\/v2\/tags?post=123180"}],"curies":[{"name":"wp","href":"https:\/\/api.w.org\/{rel}","templated":true}]}}