{"id":123160,"date":"2023-06-12T12:58:13","date_gmt":"2023-06-12T15:58:13","guid":{"rendered":"https:\/\/www.elsindical.com.ar\/notas\/?p=123160"},"modified":"2023-06-12T12:58:14","modified_gmt":"2023-06-12T15:58:14","slug":"la-familia-de-anahi-benitez-pidio-a-casacion-que-condene-a-bazan-por-encubrimiento","status":"publish","type":"post","link":"https:\/\/www.elsindical.com.ar\/notas\/la-familia-de-anahi-benitez-pidio-a-casacion-que-condene-a-bazan-por-encubrimiento\/","title":{"rendered":"La familia de Anah\u00ed Ben\u00edtez pidi\u00f3 a Casaci\u00f3n que condene a Baz\u00e1n por encubrimiento"},"content":{"rendered":"\n<figure class=\"wp-block-image size-large\"><a href=\"https:\/\/www.elsindical.com.ar\/notas\/var\/www\/html\/notas\/wp-content\/uploads\/2023\/06\/mama-de-Anahi-Benitez.jpg\"><img loading=\"lazy\" decoding=\"async\" width=\"1024\" height=\"576\" src=\"https:\/\/www.elsindical.com.ar\/notas\/var\/www\/html\/notas\/wp-content\/uploads\/2023\/06\/mama-de-Anahi-Benitez-1024x576.jpg\" alt=\"\" class=\"wp-image-123161\" srcset=\"https:\/\/www.elsindical.com.ar\/notas\/var\/www\/html\/notas\/wp-content\/uploads\/2023\/06\/mama-de-Anahi-Benitez-1024x576.jpg 1024w, https:\/\/www.elsindical.com.ar\/notas\/var\/www\/html\/notas\/wp-content\/uploads\/2023\/06\/mama-de-Anahi-Benitez-300x169.jpg 300w, https:\/\/www.elsindical.com.ar\/notas\/var\/www\/html\/notas\/wp-content\/uploads\/2023\/06\/mama-de-Anahi-Benitez-768x432.jpg 768w, https:\/\/www.elsindical.com.ar\/notas\/var\/www\/html\/notas\/wp-content\/uploads\/2023\/06\/mama-de-Anahi-Benitez-500x281.jpg 500w, https:\/\/www.elsindical.com.ar\/notas\/var\/www\/html\/notas\/wp-content\/uploads\/2023\/06\/mama-de-Anahi-Benitez-460x260.jpg 460w, https:\/\/www.elsindical.com.ar\/notas\/var\/www\/html\/notas\/wp-content\/uploads\/2023\/06\/mama-de-Anahi-Benitez.jpg 1280w\" sizes=\"auto, (max-width: 1024px) 100vw, 1024px\" \/><\/a><\/figure>\n\n\n\n<p class=\"wp-block-paragraph\">El abogado de la familia de Anah\u00ed Ben\u00edtez, asesinada en 2017 en la Reserva Natural de Santa Catalina, se present\u00f3 ante el Tribunal de Casaci\u00f3n Penal bonaerense luego de que el Tribunal Oral en lo Criminal (TOC) 7 absolviera a uno de los imputados por el hecho, Marcos Baz\u00e1n.<\/p>\n\n\n\n<p class=\"wp-block-paragraph\">Fuentes judiciales informaron que el abogado Guillermo Bernard Krizan hizo la presentaci\u00f3n ante la Casaci\u00f3n Penal, sobre el l\u00edmite de tiempo, reclamando que se analice el fallo emitido hace poco m\u00e1s de un mes y se condene a Marcos Baz\u00e1n.<\/p>\n\n\n\n<p class=\"wp-block-paragraph\">En el fallo, el TOC 7 solo conden\u00f3 a prisi\u00f3n perpetua a Marcelo Villalba por el abuso sexual y el femicidio de Anah\u00ed Ben\u00edtez. Algo que hab\u00eda pedido tanto Krizan como la fiscal de juicio, Mariana Monti.<\/p>\n\n\n\n<p class=\"wp-block-paragraph\">No obstante, los jueces \u2013 que estuvieron a cargo del segundo debate oral por el caso \u2013 sostuvieron que hab\u00eda dudas sobre la participaci\u00f3n de Baz\u00e1n en los hechos y que por eso no pod\u00edan condenarlo.<\/p>\n\n\n\n<p class=\"wp-block-paragraph\">Esta interpretaci\u00f3n, alejada de la \u201cfalta absoluta de pruebas\u201d que plante\u00f3 la defensa de Baz\u00e1n y la propia fiscal Monti, le dej\u00f3 abierta la puerta a la familia de la v\u00edctima para ir con m\u00e1s chances a cuestionar el fallo a la Casaci\u00f3n Penal.<\/p>\n\n\n\n<p class=\"wp-block-paragraph\"><strong>Lo llamativo del planteo es que \u2013 seg\u00fan fuentes tribunalicias \u2013 el abogado de la familia de Anah\u00ed plante\u00f3 que se condene a Baz\u00e1n por \u201cencubrimiento agravado\u201d. No obstante, en su alegato el letrado no describi\u00f3 el accionar del imputado en funci\u00f3n de este delito sino que lo plante\u00f3, sin detalles, como una acusaci\u00f3n alternativa.<\/strong><\/p>\n\n\n\n<p class=\"wp-block-paragraph\">En el marco de la causa, tambi\u00e9n, se espera que la defensa de Marcos Baz\u00e1n plantee las denuncias que hizo sobre los encargados de la instrucci\u00f3n del expediente y, que seg\u00fan esta mirada, habr\u00eda desencadenado en una acusaci\u00f3n infundada sobre quien ya fue declarado inocente.<\/p>\n\n\n\n<p class=\"wp-block-paragraph\">Anah\u00ed Ben\u00edtez fue vista por \u00faltima vez el 29 de julio de 2017 cuando sali\u00f3 de su casa de Parque Bar\u00f3n, en Lomas de Zamora, para dar un paseo y el 4 de agosto su cad\u00e1ver fue encontrado desnudo, con lesiones cortantes y golpes en la cabeza, enterrado en la Reserva Natural Santa Catalina.<\/p>\n\n\n\n<p class=\"wp-block-paragraph\">La autopsia determin\u00f3 que fue estrangulada, que le hab\u00edan suministrado drogas y que, en esas condiciones, hab\u00eda sido abusada.<\/p>\n","protected":false},"excerpt":{"rendered":"<p>El abogado de la familia de Anah\u00ed Ben\u00edtez, asesinada en 2017 en la Reserva Natural de Santa Catalina, se present\u00f3 ante el Tribunal de Casaci\u00f3n Penal bonaerense luego de que el Tribunal Oral en lo Criminal (TOC) 7 absolviera a uno de los imputados por el hecho, Marcos Baz\u00e1n. Fuentes judiciales informaron que el abogado&hellip;<\/p>\n","protected":false},"author":1,"featured_media":123161,"comment_status":"open","ping_status":"open","sticky":false,"template":"","format":"standard","meta":{"footnotes":""},"categories":[20],"tags":[26701,2441,2450,9475,36270,32538,33131,33305],"class_list":["post-123160","post","type-post","status-publish","format-standard","has-post-thumbnail","hentry","category-judiciales","tag-anahi-benitez","tag-casacion","tag-diario-el-sindical","tag-fiscal-mariana-monti","tag-guillermo-bernard-krizan","tag-marcelo-villalba","tag-marcos-bazan","tag-toc-7-lz"],"_links":{"self":[{"href":"https:\/\/www.elsindical.com.ar\/notas\/wp-json\/wp\/v2\/posts\/123160","targetHints":{"allow":["GET"]}}],"collection":[{"href":"https:\/\/www.elsindical.com.ar\/notas\/wp-json\/wp\/v2\/posts"}],"about":[{"href":"https:\/\/www.elsindical.com.ar\/notas\/wp-json\/wp\/v2\/types\/post"}],"author":[{"embeddable":true,"href":"https:\/\/www.elsindical.com.ar\/notas\/wp-json\/wp\/v2\/users\/1"}],"replies":[{"embeddable":true,"href":"https:\/\/www.elsindical.com.ar\/notas\/wp-json\/wp\/v2\/comments?post=123160"}],"version-history":[{"count":1,"href":"https:\/\/www.elsindical.com.ar\/notas\/wp-json\/wp\/v2\/posts\/123160\/revisions"}],"predecessor-version":[{"id":123162,"href":"https:\/\/www.elsindical.com.ar\/notas\/wp-json\/wp\/v2\/posts\/123160\/revisions\/123162"}],"wp:featuredmedia":[{"embeddable":true,"href":"https:\/\/www.elsindical.com.ar\/notas\/wp-json\/wp\/v2\/media\/123161"}],"wp:attachment":[{"href":"https:\/\/www.elsindical.com.ar\/notas\/wp-json\/wp\/v2\/media?parent=123160"}],"wp:term":[{"taxonomy":"category","embeddable":true,"href":"https:\/\/www.elsindical.com.ar\/notas\/wp-json\/wp\/v2\/categories?post=123160"},{"taxonomy":"post_tag","embeddable":true,"href":"https:\/\/www.elsindical.com.ar\/notas\/wp-json\/wp\/v2\/tags?post=123160"}],"curies":[{"name":"wp","href":"https:\/\/api.w.org\/{rel}","templated":true}]}}