{"id":123088,"date":"2023-06-08T15:57:06","date_gmt":"2023-06-08T18:57:06","guid":{"rendered":"https:\/\/www.elsindical.com.ar\/notas\/?p=123088"},"modified":"2023-06-08T15:57:09","modified_gmt":"2023-06-08T18:57:09","slug":"larreta-garantiza-negocios-en-la-costanero-con-la-nuestra","status":"publish","type":"post","link":"https:\/\/www.elsindical.com.ar\/notas\/larreta-garantiza-negocios-en-la-costanero-con-la-nuestra\/","title":{"rendered":"Larreta garantiza negocios en la Costanero con la nuestra"},"content":{"rendered":"<div class=\"wp-block-image\">\n<figure class=\"aligncenter size-large\"><a href=\"https:\/\/www.elsindical.com.ar\/notas\/var\/www\/html\/notas\/wp-content\/uploads\/2023\/06\/Larreta-negocios-paseo-de-la-memoria.jpeg\"><img loading=\"lazy\" decoding=\"async\" width=\"1024\" height=\"1024\" src=\"https:\/\/www.elsindical.com.ar\/notas\/var\/www\/html\/notas\/wp-content\/uploads\/2023\/06\/Larreta-negocios-paseo-de-la-memoria-1024x1024.jpeg\" alt=\"\" class=\"wp-image-123089\" srcset=\"https:\/\/www.elsindical.com.ar\/notas\/var\/www\/html\/notas\/wp-content\/uploads\/2023\/06\/Larreta-negocios-paseo-de-la-memoria-1024x1024.jpeg 1024w, https:\/\/www.elsindical.com.ar\/notas\/var\/www\/html\/notas\/wp-content\/uploads\/2023\/06\/Larreta-negocios-paseo-de-la-memoria-300x300.jpeg 300w, https:\/\/www.elsindical.com.ar\/notas\/var\/www\/html\/notas\/wp-content\/uploads\/2023\/06\/Larreta-negocios-paseo-de-la-memoria-150x150.jpeg 150w, https:\/\/www.elsindical.com.ar\/notas\/var\/www\/html\/notas\/wp-content\/uploads\/2023\/06\/Larreta-negocios-paseo-de-la-memoria-768x768.jpeg 768w, https:\/\/www.elsindical.com.ar\/notas\/var\/www\/html\/notas\/wp-content\/uploads\/2023\/06\/Larreta-negocios-paseo-de-la-memoria-50x50.jpeg 50w, https:\/\/www.elsindical.com.ar\/notas\/var\/www\/html\/notas\/wp-content\/uploads\/2023\/06\/Larreta-negocios-paseo-de-la-memoria.jpeg 1080w\" sizes=\"auto, (max-width: 1024px) 100vw, 1024px\" \/><\/a><\/figure>\n<\/div>\n\n\n<p>Twitter: <a rel=\"noreferrer noopener\" target=\"_blank\" href=\"https:\/\/acortar.link\/cnmHvI\">https:\/\/acortar.link\/cnmHvI<\/a><br>Instagram: <a rel=\"noreferrer noopener\" target=\"_blank\" href=\"https:\/\/acortar.link\/61h6M6\">https:\/\/acortar.link\/61h6M6<\/a><\/p>\n\n\n\n<p><strong>Informe<\/strong>: <a rel=\"noreferrer noopener\" target=\"_blank\" href=\"https:\/\/observatoriociudad.org\/larreta-garantiza-negocios-en-la-costanera-con-la-nuestra\/\">https:\/\/observatoriociudad.org\/larreta-garantiza-negocios-en-la-costanera-con-la-nuestra\/<\/a><\/p>\n\n\n\n<p><em>Parque de la Memoria<\/em><\/p>\n\n\n\n<p>?<strong>LARRETA GARANTIZA NEGOCIOS EN LA COSTANERA CON LA NUESTRA<\/strong><\/p>\n\n\n\n<p>La <strong>Ing. Mar\u00eda Eva Koutsovitis<\/strong>, precandidata a <strong>Jefa de Gobierno<\/strong>&nbsp;por *<strong>El Movimiento La Ciudad Somos Quienes La Habitamos<\/strong>* expres\u00f3:<\/p>\n\n\n\n<p>?&nbsp;El <strong>GCBA construy\u00f3<\/strong>&nbsp;con dinero de la ciudadan\u00eda porte\u00f1a (alrededor de $120 millones) una *<strong>confiter\u00eda en el Parque de la Memoria<\/strong>*. Ahora la va a *<strong>concesionar<\/strong>* \u201cEl espacio gastron\u00f3mico con vista al R\u00edo\u201d por tan s\u00f3lo 250 mil pesos por mes (<strong>$622 por m2<\/strong>).<\/p>\n\n\n\n<p>? <strong>Cero inversi\u00f3n y riesgo empresarial, ganancia garantizada<\/strong>, con nuestra Costanera. Un nuevo ejemplo de c\u00f3mo enriquecer a empresarios amigos a costa nuestra y de nuestros bienes comunes\u201d.<\/p>\n\n\n\n<p>_________________________________<\/p>\n\n\n\n<p><em>TikTok:<\/em>&nbsp;<a rel=\"noreferrer noopener\" target=\"_blank\" href=\"https:\/\/acortar.link\/AOSTBl\">https:\/\/acortar.link\/AOSTBl<\/a><\/p>\n\n\n\n<p><em>Instagram:<\/em>&nbsp;<a rel=\"noreferrer noopener\" target=\"_blank\" href=\"https:\/\/acortar.link\/6PK174\">https:\/\/acortar.link\/6PK174<\/a><\/p>\n\n\n\n<p><em>Twitter:<\/em>&nbsp;<a rel=\"noreferrer noopener\" target=\"_blank\" href=\"https:\/\/acortar.link\/LCykJd\">https:\/\/acortar.link\/LCykJd<\/a><\/p>\n\n\n\n<p><em>YouTube:<\/em>&nbsp;<a rel=\"noreferrer noopener\" target=\"_blank\" href=\"https:\/\/youtu.be\/o_sRqrkPt-M\">https:\/\/youtu.be\/o_sRqrkPt-M<\/a><\/p>\n\n\n\n<p><strong>Entrevista a nuestra candidata a JEFA DE GOBIERNO, la Ing. MAR\u00cdA EVA KOUTSOVITIS&nbsp;en la TV P\u00fablica<\/strong><\/p>\n\n\n\n<p><strong>An\u00e1lisis sobre la crisis ambiental y la falta de espacios verdes.<\/strong><\/p>\n\n\n\n<p>?? Ver el <strong>Acuerdo Urbano<\/strong>: <a rel=\"noreferrer noopener\" target=\"_blank\" href=\"https:\/\/acortar.link\/fH2BpZ\">https:\/\/acortar.link\/fH2BpZ<\/a><\/p>\n\n\n\n<p>\u270d? Para <strong>ADHERIR a la propuesta<\/strong>&nbsp;del Acuerdo Urbano: <a rel=\"noreferrer noopener\" target=\"_blank\" href=\"https:\/\/forms.gle\/38hBUVHnNBCyfs2n6\">https:\/\/forms.gle\/38hBUVHnNBCyfs2n6<\/a><\/p>\n","protected":false},"excerpt":{"rendered":"<p>Twitter: https:\/\/acortar.link\/cnmHvIInstagram: https:\/\/acortar.link\/61h6M6 Informe: https:\/\/observatoriociudad.org\/larreta-garantiza-negocios-en-la-costanera-con-la-nuestra\/ Parque de la Memoria ?LARRETA GARANTIZA NEGOCIOS EN LA COSTANERA CON LA NUESTRA La Ing. Mar\u00eda Eva Koutsovitis, precandidata a Jefa de Gobierno&nbsp;por *El Movimiento La Ciudad Somos Quienes La Habitamos* expres\u00f3: ?&nbsp;El GCBA construy\u00f3&nbsp;con dinero de la ciudadan\u00eda porte\u00f1a (alrededor de $120 millones) una *confiter\u00eda en el Parque de&hellip;<\/p>\n","protected":false},"author":1,"featured_media":123089,"comment_status":"open","ping_status":"open","sticky":false,"template":"","format":"standard","meta":{"footnotes":""},"categories":[13],"tags":[4284,4789,2450,40369,1943,40368,8018,40367],"class_list":["post-123088","post","type-post","status-publish","format-standard","has-post-thumbnail","hentry","category-politica","tag-caba","tag-costanera","tag-diario-el-sindical","tag-el-movimiento","tag-horacio-rodriguez-larreta","tag-maria-eva-koustsovitis","tag-negociados","tag-parque-de-la-memoria"],"_links":{"self":[{"href":"https:\/\/www.elsindical.com.ar\/notas\/wp-json\/wp\/v2\/posts\/123088","targetHints":{"allow":["GET"]}}],"collection":[{"href":"https:\/\/www.elsindical.com.ar\/notas\/wp-json\/wp\/v2\/posts"}],"about":[{"href":"https:\/\/www.elsindical.com.ar\/notas\/wp-json\/wp\/v2\/types\/post"}],"author":[{"embeddable":true,"href":"https:\/\/www.elsindical.com.ar\/notas\/wp-json\/wp\/v2\/users\/1"}],"replies":[{"embeddable":true,"href":"https:\/\/www.elsindical.com.ar\/notas\/wp-json\/wp\/v2\/comments?post=123088"}],"version-history":[{"count":1,"href":"https:\/\/www.elsindical.com.ar\/notas\/wp-json\/wp\/v2\/posts\/123088\/revisions"}],"predecessor-version":[{"id":123090,"href":"https:\/\/www.elsindical.com.ar\/notas\/wp-json\/wp\/v2\/posts\/123088\/revisions\/123090"}],"wp:featuredmedia":[{"embeddable":true,"href":"https:\/\/www.elsindical.com.ar\/notas\/wp-json\/wp\/v2\/media\/123089"}],"wp:attachment":[{"href":"https:\/\/www.elsindical.com.ar\/notas\/wp-json\/wp\/v2\/media?parent=123088"}],"wp:term":[{"taxonomy":"category","embeddable":true,"href":"https:\/\/www.elsindical.com.ar\/notas\/wp-json\/wp\/v2\/categories?post=123088"},{"taxonomy":"post_tag","embeddable":true,"href":"https:\/\/www.elsindical.com.ar\/notas\/wp-json\/wp\/v2\/tags?post=123088"}],"curies":[{"name":"wp","href":"https:\/\/api.w.org\/{rel}","templated":true}]}}