{"id":123062,"date":"2023-06-07T12:14:04","date_gmt":"2023-06-07T15:14:04","guid":{"rendered":"https:\/\/www.elsindical.com.ar\/notas\/?p=123062"},"modified":"2023-06-07T12:14:05","modified_gmt":"2023-06-07T15:14:05","slug":"diego-kravetz-y-un-ridiculo-relato","status":"publish","type":"post","link":"https:\/\/www.elsindical.com.ar\/notas\/diego-kravetz-y-un-ridiculo-relato\/","title":{"rendered":"Diego Kravetz y un rid\u00edculo relato"},"content":{"rendered":"\n<figure class=\"wp-block-image size-large\"><a href=\"https:\/\/www.elsindical.com.ar\/notas\/var\/www\/html\/notas\/wp-content\/uploads\/2023\/06\/Kravetz-detencion-de-motochorro.jpg\"><img loading=\"lazy\" decoding=\"async\" width=\"1024\" height=\"576\" src=\"https:\/\/www.elsindical.com.ar\/notas\/var\/www\/html\/notas\/wp-content\/uploads\/2023\/06\/Kravetz-detencion-de-motochorro-1024x576.jpg\" alt=\"\" class=\"wp-image-123020\" srcset=\"https:\/\/www.elsindical.com.ar\/notas\/var\/www\/html\/notas\/wp-content\/uploads\/2023\/06\/Kravetz-detencion-de-motochorro-1024x576.jpg 1024w, https:\/\/www.elsindical.com.ar\/notas\/var\/www\/html\/notas\/wp-content\/uploads\/2023\/06\/Kravetz-detencion-de-motochorro-300x169.jpg 300w, https:\/\/www.elsindical.com.ar\/notas\/var\/www\/html\/notas\/wp-content\/uploads\/2023\/06\/Kravetz-detencion-de-motochorro-768x432.jpg 768w, https:\/\/www.elsindical.com.ar\/notas\/var\/www\/html\/notas\/wp-content\/uploads\/2023\/06\/Kravetz-detencion-de-motochorro-500x281.jpg 500w, https:\/\/www.elsindical.com.ar\/notas\/var\/www\/html\/notas\/wp-content\/uploads\/2023\/06\/Kravetz-detencion-de-motochorro-1536x864.jpg 1536w, https:\/\/www.elsindical.com.ar\/notas\/var\/www\/html\/notas\/wp-content\/uploads\/2023\/06\/Kravetz-detencion-de-motochorro-460x260.jpg 460w, https:\/\/www.elsindical.com.ar\/notas\/var\/www\/html\/notas\/wp-content\/uploads\/2023\/06\/Kravetz-detencion-de-motochorro.jpg 1920w\" sizes=\"auto, (max-width: 1024px) 100vw, 1024px\" \/><\/a><\/figure>\n\n\n\n<p class=\"wp-block-paragraph\">   Luego de la pol\u00e9mica que gener\u00f3 el intendente interino de Lan\u00fas Diego Kravetz, al hacerse un autobombo para atraer la atenci\u00f3n de los que reclaman mano dura, en donde se mostr\u00f3 innecesariamente empu\u00f1ando un arma de fuego cuando no hab\u00eda una situaci\u00f3n de riesgo o defensa que lo amerite, lo que si lo hiciera cualquier mortal, de m\u00ednima le secuestraban el arma y terminaba dando explicaciones en la justicia, porque Kravetz no tiene estado policial y la detenci\u00f3n ciudadana pod\u00eda hacerse sin ostentar el arma una vez que el menor estaba reducido.<\/p>\n\n\n\n<p class=\"wp-block-paragraph\">Curiosamente ni el fiscal de turno le solicito explicaciones, ni el arco pol\u00edtico, seguramente por temor a que los reaccionarios los acusen de defender delincuentes, as\u00ed estamos como sociedad, nos venden una escena montada y compramos, la realidad es que Lan\u00fas padece a diario hechos de inseguridad graves y no se lo ve a Kravetz con la misma actitud, es decir, para seguir, reducir a un menor desarmado tuvo tiempo y fot\u00f3grafo para las redes, pero en los delitos donde se necesita valor, no se lo ve ni cerca.<\/p>\n\n\n\n<h2 class=\"wp-block-heading\">Las rid\u00edculas explicaciones de Diego Kravetz<\/h2>\n\n\n\n<p class=\"wp-block-paragraph\"><strong><em>\u201cComo habr\u00e1n visto, se viraliz\u00f3 una foto en la que estoy empu\u00f1ando un arma de fuego\u201d, reza el mensaje publicado en su cuenta de Twitter, y detalla lo que pas\u00f3. Explic\u00f3 que estaba recorriendo un barrio en el l\u00edmite entre Lan\u00fas y Lomas de Zamora, Acuba 2, por obras y en el marco de una charla con los vecinos, le expresaron su malestar por la inseguridad en la zona.<\/em><\/strong><\/p>\n\n\n\n<p class=\"wp-block-paragraph\">Si a Diego Kravetz los vecinos le tienen que mostrar quienes son los que roban, su gesti\u00f3n y la de Grindetti es una mentira, Lan\u00fas cuenta con reconocimiento de patentes y rostros, adem\u00e1s de que se jactan de poseer uno de los centros de monitoreo m\u00e1s eficientes, entonces, su presencia y charla en el barrio no es inter\u00e9s sino un acto de campa\u00f1a que no aporta otra cosa que circo, los vecinos necesitan soluciones.<\/p>\n\n\n\n<p class=\"wp-block-paragraph\"><strong><em>\u201cVeo que un grupo de vecinos estaban sumamente enojados por dos motos que hac\u00eda tres d\u00edas ven\u00edan robando, meti\u00e9ndole miedo a todos. Estamos hablando de personas que pasean al perro, mam\u00e1s y pap\u00e1s que llevan los chicos al colegio, gente que espera el colectivo. Me pongo a hablar con uno de ellos y mientras est\u00e1bamos de charla me dice \u00b4es ese\u00b4. Pasa a media cuadra una de las motos. Ped\u00ed a la persona que me acompa\u00f1a que lo siga, di parte a la polic\u00eda y avanzamos. A la cuadra interceptamos a la moto, me baje dando la voz de alto y proced\u00ed a reducirlo. Instantes m\u00e1s tarde lleg\u00f3 la polic\u00eda\u201c, detall\u00f3.<\/em><\/strong><\/p>\n\n\n\n<p class=\"wp-block-paragraph\">Desde el punto estrictamente legal, la detenci\u00f3n de Diego Kravetz en un pa\u00eds serio y con una justicia eficiente ser\u00eda descartado por varias cuestiones f\u00e1cticas, la primera, no hay un denunciante, no hay un delito que se este cometiendo y por el cual la conducta de Kravetz ser\u00eda justificada por la defensa de terceros, con lo cual, ya que nos ocupamos tanto de L-Gante, la familia del menor bien podr\u00eda denunciar a Kravetz por el delito de privaci\u00f3n ilegal de la libertad agravado por el uso de arma de fuego y su condici\u00f3n de funcionario, pero, como los pol\u00edticos son cobardes nadie repudio su escena de pel\u00edcula de acci\u00f3n barata al estilo \u00abvengador\u00bb, lo correcto ante la duda de que sea el autor de los delitos hubiera sido seguirlo como lo hizo y convocar a la polic\u00eda, de esa manera se ajustaba a derecho y de paso evaluaba la respuesta que tienen los vecinos cuando denuncian, as\u00ed lo que hizo es una payasada pol\u00edtica de dudosa legalidad.<\/p>\n\n\n\n<p class=\"wp-block-paragraph\"><strong><em>En ese marco, precis\u00f3: \u201cMe gustar\u00eda aclarar que no estoy de acuerdo con que los civiles porten armas de fuego\u201d. \u201cEn mi caso puntual, por la funci\u00f3n, por las bandas con las que me met\u00ed, por firmar las denuncias contra los narcotraficantes, y por las distintas amenazas que recib\u00ed, tengo portaci\u00f3n\u201d, apunt\u00f3.<\/em><\/strong><\/p>\n\n\n\n<p class=\"wp-block-paragraph\">La hipocres\u00eda que suelen mostrar los macristas, no est\u00e1 de acuerdo en que se armen los \u00abciviles\u00bb y \u00e9l qu\u00e9 es?, una expresi\u00f3n fallida donde se diferencia del resto de los ciudadanos, algo a tener en cuenta en personas que no se sienten parte del resto.<\/p>\n\n\n\n<p class=\"wp-block-paragraph\">Y si algo le faltaba a esta escena para mostrar a Kravetz como un \u00absheriff\u00bb, que no lo es, principalmente porque es un cobarde, se va a la banquina cuando afirma que \u00e9l est\u00e1 armado y con portaci\u00f3n por la funci\u00f3n y por las bandas con las que se meti\u00f3??? las denuncias contra narcotraficantes que firmo????, bueno aclaremos que en la justicia federal no hay ninguna denuncia de Kravetz ni la hubo, entonces o miente o no sabe lo que dice, me inclino a pensar que miente porque total nadie lo cuestiona, ni los pol\u00edticos ni los seudomedios de prensa que evitan interpelar y prefieren difundir informaci\u00f3n falsa que solo desinforma a los ciudadanos y nos aleja m\u00e1s de los conceptos de un Estado de derecho igualitario.<\/p>\n\n\n\n<p class=\"wp-block-paragraph\">Para finalizar, advirti\u00f3: <strong>\u201cDonde los cruce, voy a tratar de agarrarlos. Son ellos o nosotros\u201d.<\/strong><\/p>\n\n\n\n<p class=\"wp-block-paragraph\">La frase final define todo, es un acto de campa\u00f1a y con un grave mensaje, donde los cruce a qui\u00e9nes? son ellos o nosotros??, la realidad es que los delitos tienen reincidencia por las pol\u00edticas que se aplican, por las roscas con la justicia en las que el mismo ha participado para designar a fiscales que hoy son parte del problema por su deficiente y corrupto desempe\u00f1o, por ah\u00ed pasa la puerta giratoria, es rid\u00edculo e ineficiente prometer lo que no funciona, salvo que se vista de Superman y vuele de un lado al otro de Lan\u00fas, todo bien con cartonear prensa, pero hay que ser un poco m\u00e1s inteligente y demostrar espeto por los votantes.<\/p>\n\n\n\n<p class=\"wp-block-paragraph\">Por Marcelo Ricardo Hawrylciw<\/p>\n","protected":false},"excerpt":{"rendered":"<p>Luego de la pol\u00e9mica que gener\u00f3 el intendente interino de Lan\u00fas Diego Kravetz, al hacerse un autobombo para atraer la atenci\u00f3n de los que reclaman mano dura, en donde se mostr\u00f3 innecesariamente empu\u00f1ando un arma de fuego cuando no hab\u00eda una situaci\u00f3n de riesgo o defensa que lo amerite, lo que si lo hiciera cualquier&hellip;<\/p>\n","protected":false},"author":1,"featured_media":123020,"comment_status":"open","ping_status":"open","sticky":false,"template":"","format":"standard","meta":{"footnotes":""},"categories":[10],"tags":[40359,154,40358,2450,23470,20278,11557,984,209,884,308,5025,30,1453,27408,328],"class_list":["post-123062","post","type-post","status-publish","format-standard","has-post-thumbnail","hentry","category-editorial","tag-arresto-ciudadano","tag-buenos-aires","tag-cobardia","tag-diario-el-sindical","tag-diego-kravetz","tag-hipocresia","tag-ilegal","tag-inseguridad","tag-lanus","tag-macrismo","tag-motochorros","tag-nestor-grindetti","tag-policia","tag-politicos","tag-portacion-de-arma-de-fuego","tag-pro"],"_links":{"self":[{"href":"https:\/\/www.elsindical.com.ar\/notas\/wp-json\/wp\/v2\/posts\/123062","targetHints":{"allow":["GET"]}}],"collection":[{"href":"https:\/\/www.elsindical.com.ar\/notas\/wp-json\/wp\/v2\/posts"}],"about":[{"href":"https:\/\/www.elsindical.com.ar\/notas\/wp-json\/wp\/v2\/types\/post"}],"author":[{"embeddable":true,"href":"https:\/\/www.elsindical.com.ar\/notas\/wp-json\/wp\/v2\/users\/1"}],"replies":[{"embeddable":true,"href":"https:\/\/www.elsindical.com.ar\/notas\/wp-json\/wp\/v2\/comments?post=123062"}],"version-history":[{"count":1,"href":"https:\/\/www.elsindical.com.ar\/notas\/wp-json\/wp\/v2\/posts\/123062\/revisions"}],"predecessor-version":[{"id":123063,"href":"https:\/\/www.elsindical.com.ar\/notas\/wp-json\/wp\/v2\/posts\/123062\/revisions\/123063"}],"wp:featuredmedia":[{"embeddable":true,"href":"https:\/\/www.elsindical.com.ar\/notas\/wp-json\/wp\/v2\/media\/123020"}],"wp:attachment":[{"href":"https:\/\/www.elsindical.com.ar\/notas\/wp-json\/wp\/v2\/media?parent=123062"}],"wp:term":[{"taxonomy":"category","embeddable":true,"href":"https:\/\/www.elsindical.com.ar\/notas\/wp-json\/wp\/v2\/categories?post=123062"},{"taxonomy":"post_tag","embeddable":true,"href":"https:\/\/www.elsindical.com.ar\/notas\/wp-json\/wp\/v2\/tags?post=123062"}],"curies":[{"name":"wp","href":"https:\/\/api.w.org\/{rel}","templated":true}]}}