{"id":123056,"date":"2023-06-07T01:22:29","date_gmt":"2023-06-07T04:22:29","guid":{"rendered":"https:\/\/www.elsindical.com.ar\/notas\/?p=123056"},"modified":"2023-06-07T01:22:30","modified_gmt":"2023-06-07T04:22:30","slug":"7-de-junio-dia-del-periodista-argentino-nada-para-festejar","status":"publish","type":"post","link":"https:\/\/www.elsindical.com.ar\/notas\/7-de-junio-dia-del-periodista-argentino-nada-para-festejar\/","title":{"rendered":"7 de junio d\u00eda del periodista argentino, nada para festejar"},"content":{"rendered":"<div class=\"wp-block-image\">\n<figure class=\"aligncenter size-full\"><a href=\"https:\/\/www.elsindical.com.ar\/notas\/var\/www\/html\/notas\/wp-content\/uploads\/2023\/06\/dia-del-periodista.jpg\"><img loading=\"lazy\" decoding=\"async\" width=\"711\" height=\"458\" src=\"https:\/\/www.elsindical.com.ar\/notas\/var\/www\/html\/notas\/wp-content\/uploads\/2023\/06\/dia-del-periodista.jpg\" alt=\"\" class=\"wp-image-123057\" srcset=\"https:\/\/www.elsindical.com.ar\/notas\/var\/www\/html\/notas\/wp-content\/uploads\/2023\/06\/dia-del-periodista.jpg 711w, https:\/\/www.elsindical.com.ar\/notas\/var\/www\/html\/notas\/wp-content\/uploads\/2023\/06\/dia-del-periodista-300x193.jpg 300w, https:\/\/www.elsindical.com.ar\/notas\/var\/www\/html\/notas\/wp-content\/uploads\/2023\/06\/dia-del-periodista-466x300.jpg 466w\" sizes=\"auto, (max-width: 711px) 100vw, 711px\" \/><\/a><\/figure>\n<\/div>\n\n\n<p>   Otro 7 de junio que el calendario dir\u00e1 que se celebra el d\u00eda del periodista argentino y en un pa\u00eds donde cada d\u00eda la sociedad es m\u00e1s arriada a la ignorancia y en la mansedumbre de los que aceptan su destino como si fuera un castigo impuesto que hay que tolerar, manipulados por los medios de \u00abprensa\u00bb y la influencia de las redes sociales, no hay nada para celebrar.<\/p>\n\n\n\n<p>Me sobran los dedos de una mano para poder enumerar los que hoy realmente hacen periodismo y no son ninguno de los que el p\u00fablico ve en los medios televisivos donde le dan pantalla a quien sea un buen comunicador de la bajada de l\u00ednea y se reserve su opini\u00f3n para sus \u00edntimos, ya que ni siquiera opinan fuera de sus \u00e1mbitos laborales.<\/p>\n\n\n\n<p>El periodismo es investigaci\u00f3n, un periodista se supone que investiga y expone sus investigaciones para informar a los ciudadanos y que este a su vez tenga una conciencia critica que lo lleve a pensar, replantearse y analizar la realidad que lo rodea, parece algo complejo, porque hace a\u00f1os se instal\u00f3 una cultura del menor esfuerzo y de que todo sea diagramado para una mayor audiencia, seguidores o consumidores.<\/p>\n\n\n\n<p>Los grandes medios nos han vendido que a mayor poder y dinero, sus empleados presentados como periodistas por ende son iguales de importantes, pero, de todas las notas que presentan, en cu\u00e1ntas participaron?, en ninguna, el uso de los productores los libra de errores o noticias falsas, las conocidas Fakenews, entonces, el trabajo period\u00edstico lo hace un productor X y el famoso solo relata con un acting que sea del agrado de la l\u00ednea editorial, no se informa, se manipula.<\/p>\n\n\n\n<p>Esto se comprueba con un sencillo ejercicio, se elige un programa de noticias y se anotan las informaciones que van dando, especialmente las alertas o \u00faltimo momento y comprobar\u00e1n que en un mismo programa la noticia va cambiando, ellos dicen que es por el momento a momento, pero en realidad esos cambios van acompa\u00f1ados de falacias y mentiras que son guionadas seg\u00fan el minuto a minuto.<\/p>\n\n\n\n<p>El mejor ejemplo son los canales de noticas permanentes, TN, Cr\u00f3nica que se lleva todos los premios a lo antiperiod\u00edstico, A24, C5N, pero si existe un lugar donde los grandes manipulan incluso mezclando noticias viejas con las actuales es en las redes sociales, ejemplo de los peores en redes son Clar\u00edn, TN e Infobae.<\/p>\n\n\n\n<p>Por si fuera poco, muchos periodistas adem\u00e1s de desinformar tienen una hipocres\u00eda que da asco, porque ellos o sus empresas de medios se vinculan a todo lo que el periodismo combat\u00eda, ejemplo el narcotr\u00e1fico y las mafias de trata de personas.<\/p>\n\n\n\n<p>En el extremo del rid\u00edculo, est\u00e1n los que se dicen periodistas y hacen militancia pol\u00edtica, pero la culpa no es del chancho y as\u00ed muchos tienen pautas que los periodistas no van a tener porque a nadie le interesa financiar la verdad sino que le pregunten a personajes como Lanata o Majul por dar dos ejemplos bien conocidos pero hay miles as\u00ed, incluso en medios locales, donde esto se hace m\u00e1s evidente, los municipios deber\u00edan distribuir equitativamente la pauta y publicar los medios que integran la lista de proveedores, porque los vecinos tienen derecho a saber qui\u00e9n les informa y sacar sus propias conclusiones.<\/p>\n\n\n\n<p>As\u00ed como se reclama que los que cortan reclamando pierdan sus planes sociales, m\u00e1s justo ser\u00eda que los medios que mienten o publican noticias falsas pierdan la pauta, ejemplo Clar\u00edn, nos cuesta a los argentinos millones mensuales, a\u00fan as\u00ed, mienten, operan y hasta se dan el lujo de despedir empleados mal pagos, pero claro, si tienen el poder de controlar magistrados y pol\u00edticos, la impunidad tiene sus privilegios.<\/p>\n\n\n\n<p><strong>El pueblo tiene derecho a saber la conducta de sus representantes. El pueblo no debe contentarse con que sus jefes obren bien, debe aspirar a que nunca puedan obrar mal.<\/strong> Esto dec\u00eda Mariano Moreno.<\/p>\n\n\n\n<p>Por Marcelo Ricardo Hawrylciw<\/p>\n","protected":false},"excerpt":{"rendered":"<p>Otro 7 de junio que el calendario dir\u00e1 que se celebra el d\u00eda del periodista argentino y en un pa\u00eds donde cada d\u00eda la sociedad es m\u00e1s arriada a la ignorancia y en la mansedumbre de los que aceptan su destino como si fuera un castigo impuesto que hay que tolerar, manipulados por los medios&hellip;<\/p>\n","protected":false},"author":1,"featured_media":123057,"comment_status":"open","ping_status":"open","sticky":false,"template":"","format":"standard","meta":{"footnotes":""},"categories":[10],"tags":[40351,40350,2450,40353,40352,3610,18114,40354],"class_list":["post-123056","post","type-post","status-publish","format-standard","has-post-thumbnail","hentry","category-editorial","tag-7-de-junio","tag-dia-del-periodista-argentino","tag-diario-el-sindical","tag-informar","tag-investigar","tag-mariano-moreno","tag-pauta","tag-presentados-de-noticias"],"_links":{"self":[{"href":"https:\/\/www.elsindical.com.ar\/notas\/wp-json\/wp\/v2\/posts\/123056","targetHints":{"allow":["GET"]}}],"collection":[{"href":"https:\/\/www.elsindical.com.ar\/notas\/wp-json\/wp\/v2\/posts"}],"about":[{"href":"https:\/\/www.elsindical.com.ar\/notas\/wp-json\/wp\/v2\/types\/post"}],"author":[{"embeddable":true,"href":"https:\/\/www.elsindical.com.ar\/notas\/wp-json\/wp\/v2\/users\/1"}],"replies":[{"embeddable":true,"href":"https:\/\/www.elsindical.com.ar\/notas\/wp-json\/wp\/v2\/comments?post=123056"}],"version-history":[{"count":1,"href":"https:\/\/www.elsindical.com.ar\/notas\/wp-json\/wp\/v2\/posts\/123056\/revisions"}],"predecessor-version":[{"id":123058,"href":"https:\/\/www.elsindical.com.ar\/notas\/wp-json\/wp\/v2\/posts\/123056\/revisions\/123058"}],"wp:featuredmedia":[{"embeddable":true,"href":"https:\/\/www.elsindical.com.ar\/notas\/wp-json\/wp\/v2\/media\/123057"}],"wp:attachment":[{"href":"https:\/\/www.elsindical.com.ar\/notas\/wp-json\/wp\/v2\/media?parent=123056"}],"wp:term":[{"taxonomy":"category","embeddable":true,"href":"https:\/\/www.elsindical.com.ar\/notas\/wp-json\/wp\/v2\/categories?post=123056"},{"taxonomy":"post_tag","embeddable":true,"href":"https:\/\/www.elsindical.com.ar\/notas\/wp-json\/wp\/v2\/tags?post=123056"}],"curies":[{"name":"wp","href":"https:\/\/api.w.org\/{rel}","templated":true}]}}