{"id":123052,"date":"2023-06-07T00:23:00","date_gmt":"2023-06-07T03:23:00","guid":{"rendered":"https:\/\/www.elsindical.com.ar\/notas\/?p=123052"},"modified":"2023-06-07T00:33:13","modified_gmt":"2023-06-07T03:33:13","slug":"avellaneda-ola-de-robos-de-vehiculos","status":"publish","type":"post","link":"https:\/\/www.elsindical.com.ar\/notas\/avellaneda-ola-de-robos-de-vehiculos\/","title":{"rendered":"Avellaneda: Ola de robos de veh\u00edculos"},"content":{"rendered":"\n<figure class=\"wp-block-image size-full\"><a href=\"https:\/\/www.elsindical.com.ar\/notas\/var\/www\/html\/notas\/wp-content\/uploads\/2023\/06\/robo-auto-en-Avellaneda-mujer-y-chicos.jpg\"><img loading=\"lazy\" decoding=\"async\" width=\"822\" height=\"524\" src=\"https:\/\/www.elsindical.com.ar\/notas\/var\/www\/html\/notas\/wp-content\/uploads\/2023\/06\/robo-auto-en-Avellaneda-mujer-y-chicos.jpg\" alt=\"\" class=\"wp-image-123053\" srcset=\"https:\/\/www.elsindical.com.ar\/notas\/var\/www\/html\/notas\/wp-content\/uploads\/2023\/06\/robo-auto-en-Avellaneda-mujer-y-chicos.jpg 822w, https:\/\/www.elsindical.com.ar\/notas\/var\/www\/html\/notas\/wp-content\/uploads\/2023\/06\/robo-auto-en-Avellaneda-mujer-y-chicos-300x191.jpg 300w, https:\/\/www.elsindical.com.ar\/notas\/var\/www\/html\/notas\/wp-content\/uploads\/2023\/06\/robo-auto-en-Avellaneda-mujer-y-chicos-768x490.jpg 768w, https:\/\/www.elsindical.com.ar\/notas\/var\/www\/html\/notas\/wp-content\/uploads\/2023\/06\/robo-auto-en-Avellaneda-mujer-y-chicos-471x300.jpg 471w\" sizes=\"auto, (max-width: 822px) 100vw, 822px\" \/><\/a><\/figure>\n\n\n\n<p>   Por si algo faltaba a la inseguridad que a diario viven los vecinos de Avellaneda, en los \u00faltimos d\u00edas aumentaron los robos de veh\u00edculos de todo tipo, a\u00f1o y modelo, cualquier cosa con ruedas y un motor les viene bien, demostrando dos cosas, que los desarmaderos siguen vigentes y que la seguridad es ineficiente y c\u00f3mplice.<\/p>\n\n\n\n<p>El municipio de Avellaneda que conduce <strong>Jorge Ferraresi<\/strong> tiene gran parte de responsabilidad y complicidad en muchos de estos hechos, el Centro de Monitoreo no tiene excusas para no prevenir o denunciar a la polic\u00eda y la justicia lo que ven con las c\u00e1maras y es un hecho que hay varios puntos rodeando al barrio Quinta Galli donde hay bandas organizadas para delinquir y varios dep\u00f3sitos donde acopian parte de lo robado, no lo ven?, la polic\u00eda no lo sabe?, raro.<\/p>\n\n\n\n<p>Uno de los barrios m\u00e1s castigados es Wilde, donde curiosamente poseen varios lugares dedicados al \u00abcorte\u00bb y alguna coqueta agencia de autos que deber\u00eda ser controlada en sus ofertas de veh\u00edculos, ya que varias veces fue allanada por la Polic\u00eda Federal y de la Ciudad, pero nunca por la Polic\u00eda Bonaerense, raro.<\/p>\n\n\n\n<p>Tampoco la justicia nunca investig\u00f3 los nexos con pol\u00edticos locales y eso que lo pod\u00edan haber realizado solo con un informe comercial, pero no se les ocurri\u00f3, raro.<\/p>\n\n\n\n<p>Por eso cuando en campa\u00f1a los pol\u00edticos de un partido u otro, te dicen que van a terminar con la inseguridad, te mienten, se burlan de vos y su silencio es m\u00e1s complicidad que silencio, quiz\u00e1s porque algunos se beneficiaron cuando compraron un veh\u00edculo a precio \u00abamigo\u00bb.<\/p>\n\n\n\n<figure class=\"wp-block-embed is-type-video is-provider-youtube wp-block-embed-youtube wp-embed-aspect-16-9 wp-has-aspect-ratio\"><div class=\"wp-block-embed__wrapper\">\n<iframe loading=\"lazy\" title=\"Avellaneda ola de robos de veh\u00edculos\" width=\"700\" height=\"394\" src=\"https:\/\/www.youtube.com\/embed\/joWKmIotNmg?feature=oembed\" frameborder=\"0\" allow=\"accelerometer; autoplay; clipboard-write; encrypted-media; gyroscope; picture-in-picture; web-share\" allowfullscreen><\/iframe>\n<\/div><\/figure>\n\n\n\n<p>Por Marcelo Ricardo Hawrylciw<\/p>\n","protected":false},"excerpt":{"rendered":"<p>Por si algo faltaba a la inseguridad que a diario viven los vecinos de Avellaneda, en los \u00faltimos d\u00edas aumentaron los robos de veh\u00edculos de todo tipo, a\u00f1o y modelo, cualquier cosa con ruedas y un motor les viene bien, demostrando dos cosas, que los desarmaderos siguen vigentes y que la seguridad es ineficiente y&hellip;<\/p>\n","protected":false},"author":1,"featured_media":123053,"comment_status":"open","ping_status":"open","sticky":false,"template":"","format":"standard","meta":{"footnotes":""},"categories":[10],"tags":[825,461,2937,2450,984,698,3906,24537,1174,2827,882],"class_list":["post-123052","post","type-post","status-publish","format-standard","has-post-thumbnail","hentry","category-editorial","tag-agencias","tag-avellaneda","tag-desarmaderos","tag-diario-el-sindical","tag-inseguridad","tag-pfa","tag-policia-bonerense","tag-policia-de-la-ciudad","tag-robos","tag-vehiculos","tag-wilde"],"_links":{"self":[{"href":"https:\/\/www.elsindical.com.ar\/notas\/wp-json\/wp\/v2\/posts\/123052","targetHints":{"allow":["GET"]}}],"collection":[{"href":"https:\/\/www.elsindical.com.ar\/notas\/wp-json\/wp\/v2\/posts"}],"about":[{"href":"https:\/\/www.elsindical.com.ar\/notas\/wp-json\/wp\/v2\/types\/post"}],"author":[{"embeddable":true,"href":"https:\/\/www.elsindical.com.ar\/notas\/wp-json\/wp\/v2\/users\/1"}],"replies":[{"embeddable":true,"href":"https:\/\/www.elsindical.com.ar\/notas\/wp-json\/wp\/v2\/comments?post=123052"}],"version-history":[{"count":2,"href":"https:\/\/www.elsindical.com.ar\/notas\/wp-json\/wp\/v2\/posts\/123052\/revisions"}],"predecessor-version":[{"id":123055,"href":"https:\/\/www.elsindical.com.ar\/notas\/wp-json\/wp\/v2\/posts\/123052\/revisions\/123055"}],"wp:featuredmedia":[{"embeddable":true,"href":"https:\/\/www.elsindical.com.ar\/notas\/wp-json\/wp\/v2\/media\/123053"}],"wp:attachment":[{"href":"https:\/\/www.elsindical.com.ar\/notas\/wp-json\/wp\/v2\/media?parent=123052"}],"wp:term":[{"taxonomy":"category","embeddable":true,"href":"https:\/\/www.elsindical.com.ar\/notas\/wp-json\/wp\/v2\/categories?post=123052"},{"taxonomy":"post_tag","embeddable":true,"href":"https:\/\/www.elsindical.com.ar\/notas\/wp-json\/wp\/v2\/tags?post=123052"}],"curies":[{"name":"wp","href":"https:\/\/api.w.org\/{rel}","templated":true}]}}