{"id":122989,"date":"2023-06-04T14:10:39","date_gmt":"2023-06-04T17:10:39","guid":{"rendered":"https:\/\/www.elsindical.com.ar\/notas\/?p=122989"},"modified":"2023-06-04T15:21:59","modified_gmt":"2023-06-04T18:21:59","slug":"axel-kicillof-y-un-incidente-relevante-para-afirmar-que-el-gobernador-esta-rodeado-de-inutiles","status":"publish","type":"post","link":"https:\/\/www.elsindical.com.ar\/notas\/axel-kicillof-y-un-incidente-relevante-para-afirmar-que-el-gobernador-esta-rodeado-de-inutiles\/","title":{"rendered":"Axel Kicillof y un incidente relevante para afirmar que el gobernador est\u00e1 rodeado de in\u00fatiles"},"content":{"rendered":"\n<figure class=\"wp-block-image size-full\"><a href=\"https:\/\/www.elsindical.com.ar\/notas\/var\/www\/html\/notas\/wp-content\/uploads\/2023\/06\/incidente-con-Kicillof.jpg\"><img loading=\"lazy\" decoding=\"async\" width=\"943\" height=\"532\" src=\"https:\/\/www.elsindical.com.ar\/notas\/var\/www\/html\/notas\/wp-content\/uploads\/2023\/06\/incidente-con-Kicillof.jpg\" alt=\"\" class=\"wp-image-122990\" srcset=\"https:\/\/www.elsindical.com.ar\/notas\/var\/www\/html\/notas\/wp-content\/uploads\/2023\/06\/incidente-con-Kicillof.jpg 943w, https:\/\/www.elsindical.com.ar\/notas\/var\/www\/html\/notas\/wp-content\/uploads\/2023\/06\/incidente-con-Kicillof-300x169.jpg 300w, https:\/\/www.elsindical.com.ar\/notas\/var\/www\/html\/notas\/wp-content\/uploads\/2023\/06\/incidente-con-Kicillof-768x433.jpg 768w, https:\/\/www.elsindical.com.ar\/notas\/var\/www\/html\/notas\/wp-content\/uploads\/2023\/06\/incidente-con-Kicillof-500x282.jpg 500w, https:\/\/www.elsindical.com.ar\/notas\/var\/www\/html\/notas\/wp-content\/uploads\/2023\/06\/incidente-con-Kicillof-460x260.jpg 460w\" sizes=\"auto, (max-width: 943px) 100vw, 943px\" \/><\/a><\/figure>\n\n\n\n<p>   Un incidente ocurrido en el partido de Brandsen donde el gobernador Axel Kicillof entregaba escrituras y entre sonrisas y fotos con militantes presentes, termin\u00f3 en un esc\u00e1ndalo pol\u00edtico que dej\u00f3 en evidencia el p\u00e9simo gabinete que lo rodea y que en su ignorancia Kicillof  mantiene a pesar de todo.<\/p>\n\n\n\n<p>No tengo elementos para poner en duda la honestidad del gobernador, cuando lo investigaron quienes tuvieron acceso a medios de prueba tampoco pudieron encontrar elementos para un proceso, pero s\u00ed, puedo afirmar que varios ministros del gobernador son ineficientes de m\u00ednima y que varios incluso por acci\u00f3n y omisi\u00f3n encubren actos de corrupci\u00f3n, con lo cual no me parece que el reclamo de la mujer fuera una agresi\u00f3n pol\u00edtica y mucho menos un atentado.<\/p>\n\n\n\n<p>Quienes justifican lo ocurrido no hacen m\u00e1s que alejar a los que ve\u00edan en Kicillof un pol\u00edtico joven, que en su af\u00e1n a veces de explicar se confunde, pero nada que lleve a pensar que es un tipo repudiable, a\u00fan con algunas de las limitaciones que tiene su oratoria, pero su actitud con Fernanda, la mujer que se acerc\u00f3 a reclamar por salud y educaci\u00f3n, lo alejan y hace dudar de su \u00abcopada\u00bb humildad pol\u00edtica que suele mostrar en campa\u00f1a, sonre\u00edr y tomarse fotos con los propios lo hace cualquiera, es un acto onanista y como tal irreal, por eso con los disidentes se debe ser m\u00e1s respetuoso, no hab\u00eda ning\u00fan elemento en poder de la mujer que pudiera representar un riesgo y la actitud de arrebatarle el micr\u00f3fono es infantil, porque termin\u00f3 generando una tensi\u00f3n y un espect\u00e1culo que le resta m\u00e1s que sumar.<\/p>\n\n\n\n<p>\u00bfQu\u00e9 parte no entienden los pol\u00edticos que los ciudadanos est\u00e1n cansados de la pol\u00edtica tramposa?, as\u00ed como era v\u00e1lido criticar a Mauricio Macri por sus viajes en colectivo con actores, la conducta del gobernador y m\u00e1s de su entorno es repudiable, en un mundo serio, el pol\u00edtico no reacciona mal con el ciudadano sino con su entorno, empezando por los responsables de ceremonial y la custodia, permitir una agresi\u00f3n a una mujer desarmada, que no lo agredi\u00f3 es mostrarse hip\u00f3crita cuando ellos mismos promueven y gastan millones en ministerios de la mujer, es decir, si bien existe un mecanismo formal para reclamar, la realidad es que sus ministros no dan respuesta alguna, no atienden a los ciudadanos y lo peor, repito, son c\u00f3mplices de actos de corrupci\u00f3n.<\/p>\n\n\n\n<figure class=\"wp-block-image size-large\"><a href=\"https:\/\/www.elsindical.com.ar\/notas\/var\/www\/html\/notas\/wp-content\/uploads\/2021\/07\/Kreplak-juramento.jpg\"><img loading=\"lazy\" decoding=\"async\" width=\"1024\" height=\"576\" src=\"https:\/\/www.elsindical.com.ar\/notas\/var\/www\/html\/notas\/wp-content\/uploads\/2021\/07\/Kreplak-juramento-1024x576.jpg\" alt=\"\" class=\"wp-image-106487\" srcset=\"https:\/\/www.elsindical.com.ar\/notas\/var\/www\/html\/notas\/wp-content\/uploads\/2021\/07\/Kreplak-juramento-1024x576.jpg 1024w, https:\/\/www.elsindical.com.ar\/notas\/var\/www\/html\/notas\/wp-content\/uploads\/2021\/07\/Kreplak-juramento-300x169.jpg 300w, https:\/\/www.elsindical.com.ar\/notas\/var\/www\/html\/notas\/wp-content\/uploads\/2021\/07\/Kreplak-juramento-768x432.jpg 768w, https:\/\/www.elsindical.com.ar\/notas\/var\/www\/html\/notas\/wp-content\/uploads\/2021\/07\/Kreplak-juramento-500x281.jpg 500w, https:\/\/www.elsindical.com.ar\/notas\/var\/www\/html\/notas\/wp-content\/uploads\/2021\/07\/Kreplak-juramento-460x260.jpg 460w, https:\/\/www.elsindical.com.ar\/notas\/var\/www\/html\/notas\/wp-content\/uploads\/2021\/07\/Kreplak-juramento.jpg 1200w\" sizes=\"auto, (max-width: 1024px) 100vw, 1024px\" \/><\/a><\/figure>\n\n\n\n<h2 class=\"wp-block-heading\">Tema SALUD<\/h2>\n\n\n\n<p>Le comento se\u00f1or Axel Kicillof que su ministro Nicol\u00e1s Kreplak, es uno de los ministros ineficientes, rid\u00edculo por la poca seriedad de sus inversiones millonarias y se lo voy a fundamentar con un simple ejemplo, hospitales donde hay demoras para cirug\u00edas, que pueden llevar a costar la vida del paciente, en lugar de priorizar invertir en solucionar la cuesti\u00f3n, van y gastan millones en mejorar las habitaciones existentes, en el mientras tanto, el hospital se queda sin camas y por ende sin cirug\u00edas, es decir, a las pocas que se hacen, se dejan de hacer, eso es algo inteligente?, los pacientes quieren atenci\u00f3n, no una cama nueva o una habitaci\u00f3n que solo sirve para la foto pol\u00edtica, pero que es una mentira porque no representa una mejora en el sistema de salud, a sabiendas que en pocos meses la habitaci\u00f3n estar\u00e1 como la que demoraron meses en reparar.<\/p>\n\n\n\n<p>Su ministro de salud tiene una enorme deuda con los controles de las cl\u00ednicas en la provincia de Buenos Aires donde los colegios de m\u00e9dicos vienen denunciando desde hace a\u00f1os irregularidades en cuanto al personal m\u00e9dico que en ellas trabaja, algunas extranjeros y que no se sabe si quiera su verdadera identidad porque usan los datos de m\u00e9dicos registrados, estas irregularidades producen mala praxis y muertes o da\u00f1os permanentes en la salud.<\/p>\n\n\n\n<p>Cualquiera que sin previo aviso visite una Guardia M\u00e9dica, podr\u00e1 ver las demoras y la mala atenci\u00f3n general que reciben los vecinos, esto tambi\u00e9n ocurre por falta de controles, pero claro, si faltan m\u00e9dicos, mejor no controlar a lo que tenemos y que el paciente se joda.<\/p>\n\n\n<div class=\"wp-block-image\">\n<figure class=\"aligncenter size-full is-resized\"><a href=\"https:\/\/www.elsindical.com.ar\/notas\/var\/www\/html\/notas\/wp-content\/uploads\/2023\/06\/Alberto-Sileoni.jpg\"><img loading=\"lazy\" decoding=\"async\" src=\"https:\/\/www.elsindical.com.ar\/notas\/var\/www\/html\/notas\/wp-content\/uploads\/2023\/06\/Alberto-Sileoni.jpg\" alt=\"\" class=\"wp-image-122991\" width=\"616\" height=\"616\" srcset=\"https:\/\/www.elsindical.com.ar\/notas\/var\/www\/html\/notas\/wp-content\/uploads\/2023\/06\/Alberto-Sileoni.jpg 400w, https:\/\/www.elsindical.com.ar\/notas\/var\/www\/html\/notas\/wp-content\/uploads\/2023\/06\/Alberto-Sileoni-300x300.jpg 300w, https:\/\/www.elsindical.com.ar\/notas\/var\/www\/html\/notas\/wp-content\/uploads\/2023\/06\/Alberto-Sileoni-150x150.jpg 150w, https:\/\/www.elsindical.com.ar\/notas\/var\/www\/html\/notas\/wp-content\/uploads\/2023\/06\/Alberto-Sileoni-50x50.jpg 50w\" sizes=\"auto, (max-width: 616px) 100vw, 616px\" \/><\/a><\/figure>\n<\/div>\n\n\n<h2 class=\"wp-block-heading\">Tema EDUCACI\u00d3N<\/h2>\n\n\n\n<p>El otro tema que reclamaba Fernanda, no es algo menor, todos los pol\u00edticos hablan de que el camino es la educaci\u00f3n, pero en la practica son ellos mismos los que denigran la calidad educativa priorizando los intereses pol\u00edticos por sobre lo correcto, es decir, el propio Director General de Escuelas <strong>Alberto Sileoni<\/strong>, no hace cumplir la Ley sobre educaci\u00f3n y peor a\u00fan, no atiende las denuncias al respecto lo que t\u00e9cnicamente es un delito cuando un funcionario se niega a cumplir con sus obligaciones. Ejemplo, existen algunos partidos donde bajo lo que se denomina Educaci\u00f3n Art\u00edstica, cualquier puede autotitularse docente y peor a\u00fan, cobrar el sueldo de un docente que estudi\u00f3 y se capacit\u00f3 para eso e incluso jubilarse con un monto por sobre otros trabajadores que tampoco le corresponder\u00eda, es decir una cadena de p\u00e9rdidas econ\u00f3micas para el Estado y una desigualdad que denigra la carrera docente, le doy un ejemplo, el <strong>IDAC<\/strong> (Instituto de Arte Cinematogr\u00e1fico de Avellaneda) que de yapa posee un director <strong>Rub\u00e9n Jajdelski<\/strong>, amigo de Sileoni que fue puesto a dedo sin reunir los requisitos para ser directivo.<\/p>\n\n\n\n<p>Si no hay m\u00e1s reclamos sobre la situaci\u00f3n real de las escuelas de la provincia es porque guste o no la realidad es que los sindicatos vinculados a la educaci\u00f3n o los auxiliares son militantes y mientras ellos recauden el 4% del sueldo de los afiliados, prefieren pasear y hacer asambleas donde curiosamente todos los presentes sonr\u00eden y no parecen vivir la realidad de sus afiliados.<\/p>\n\n\n\n<p>Parte de gobernar con coherencia, es no creerse el circo que los aduladores suelen armar alrededor del que gobierna para entretenerlo.<\/p>\n\n\n\n<figure class=\"wp-block-image size-large\"><a href=\"https:\/\/www.elsindical.com.ar\/notas\/var\/www\/html\/notas\/wp-content\/uploads\/2023\/06\/Julio-Alak-ministro-de-justicia.jpg\"><img loading=\"lazy\" decoding=\"async\" width=\"1024\" height=\"504\" src=\"https:\/\/www.elsindical.com.ar\/notas\/var\/www\/html\/notas\/wp-content\/uploads\/2023\/06\/Julio-Alak-ministro-de-justicia-1024x504.jpg\" alt=\"\" class=\"wp-image-122992\" srcset=\"https:\/\/www.elsindical.com.ar\/notas\/var\/www\/html\/notas\/wp-content\/uploads\/2023\/06\/Julio-Alak-ministro-de-justicia-1024x504.jpg 1024w, https:\/\/www.elsindical.com.ar\/notas\/var\/www\/html\/notas\/wp-content\/uploads\/2023\/06\/Julio-Alak-ministro-de-justicia-300x148.jpg 300w, https:\/\/www.elsindical.com.ar\/notas\/var\/www\/html\/notas\/wp-content\/uploads\/2023\/06\/Julio-Alak-ministro-de-justicia-768x378.jpg 768w, https:\/\/www.elsindical.com.ar\/notas\/var\/www\/html\/notas\/wp-content\/uploads\/2023\/06\/Julio-Alak-ministro-de-justicia-500x246.jpg 500w, https:\/\/www.elsindical.com.ar\/notas\/var\/www\/html\/notas\/wp-content\/uploads\/2023\/06\/Julio-Alak-ministro-de-justicia.jpg 1256w\" sizes=\"auto, (max-width: 1024px) 100vw, 1024px\" \/><\/a><\/figure>\n\n\n\n<h2 class=\"wp-block-heading\">Tema CONTROL Y TRANSPARENCIA<\/h2>\n\n\n\n<p>Para que todas las irregularidades mencionadas y muchas otras m\u00e1s que obligar\u00edan a horas de escritura y lectura se perpet\u00faen, debe existir IMPUNIDAD, porque de nada sirven las normas si quien las viola sabe que no se van a cumplir y que cuando m\u00e1s contactos mejor.<\/p>\n\n\n\n<p>As\u00ed otro de los ministros que incumplen sus funciones y muy caro nos cuesta a los ciudadanos es el ministro de justicia y derechos humanos<strong> Julio Alak<\/strong>, de quien depende la <strong>Subsecretar\u00eda de Transparencia Institucional<\/strong>, que cuenta con varias direcciones, por ende varios directores con sueldos elevados, que puedo afirmar hacen poco para merecerlos.<\/p>\n\n\n\n<p>Entre las irregularidades detectadas se encuentran, falta de controles en las declaraciones juradas patrimoniales de los funcionarios, algo b\u00e1sico para detectar inconsistencia, a pesar que muchas son dibujadas porque nadie controla, pero cuando hay funcionarios que llevan a\u00f1os sin presentarlas y no pasa nada, eso es avalar la corrupci\u00f3n.<\/p>\n\n\n\n<p>No investigar las denuncias a funcionarios hace que sea poco inteligente gastar millones en funcionarios que ya que no investigan por motu propio, por lo menos deber\u00edan responder a las denuncias de los ciudadanos, eso s\u00ed, tiempo para subir contenidos a las redes sociales no les falta.<\/p>\n\n\n\n<figure class=\"wp-block-image size-large\"><a href=\"https:\/\/www.elsindical.com.ar\/notas\/var\/www\/html\/notas\/wp-content\/uploads\/2023\/06\/subsecretariade-transparencia-institucional.jpg\"><img loading=\"lazy\" decoding=\"async\" width=\"1024\" height=\"802\" src=\"https:\/\/www.elsindical.com.ar\/notas\/var\/www\/html\/notas\/wp-content\/uploads\/2023\/06\/subsecretariade-transparencia-institucional-1024x802.jpg\" alt=\"\" class=\"wp-image-122993\" srcset=\"https:\/\/www.elsindical.com.ar\/notas\/var\/www\/html\/notas\/wp-content\/uploads\/2023\/06\/subsecretariade-transparencia-institucional-1024x802.jpg 1024w, https:\/\/www.elsindical.com.ar\/notas\/var\/www\/html\/notas\/wp-content\/uploads\/2023\/06\/subsecretariade-transparencia-institucional-300x235.jpg 300w, https:\/\/www.elsindical.com.ar\/notas\/var\/www\/html\/notas\/wp-content\/uploads\/2023\/06\/subsecretariade-transparencia-institucional-768x601.jpg 768w, https:\/\/www.elsindical.com.ar\/notas\/var\/www\/html\/notas\/wp-content\/uploads\/2023\/06\/subsecretariade-transparencia-institucional-383x300.jpg 383w, https:\/\/www.elsindical.com.ar\/notas\/var\/www\/html\/notas\/wp-content\/uploads\/2023\/06\/subsecretariade-transparencia-institucional.jpg 1184w\" sizes=\"auto, (max-width: 1024px) 100vw, 1024px\" \/><\/a><\/figure>\n\n\n\n<p><strong>CONCLUSI\u00d3N<\/strong><\/p>\n\n\n\n<p>Entonces es entendible la reacci\u00f3n de Fernanda, porque muchos ciudadanos se sienten impotentes, con ganas de gritar la verdad que muchos como hoy usted prefieren no o\u00edr, son ustedes los que hablan de que el amor vence el odio, pero no frena la agresi\u00f3n innecesaria a una mujer que solo quer\u00eda ser escuchada, a\u00fan cuando NADA iba a cambiar, porque usted est\u00e1 en campa\u00f1a y se olvid\u00f3 de controlar a sus ministros, entonces todos est\u00e1n c\u00f3modos, usted en la rosca como el resto y los ministros tranquilos administrando ministerios que no funcionan, sumando directivos que se preocupan m\u00e1s por los likes que reciben que por mostrar gesti\u00f3n, as\u00ed, nada puede tener un bien resultado. <\/p>\n\n\n\n<p>Usted ha sido escrachado y es objeto de agresiones por redes sociales, que no comparto, pero eso no es excusa para actuar como un hip\u00f3crita, porque usted eligi\u00f3 estar en la pol\u00edtica y en lugar de terminar siendo como todos, deber\u00eda mostrar que lo que pregona es el primero que lo practica.<\/p>\n\n\n\n<p>Hay cuestiones que pueden mejorar pero la decisi\u00f3n depende de usted, salvo que sus ministros le mientan en la cara y usted prefiera creer porque es c\u00f3modo y debe favores, gobernar es ejercer la fuerza del voto de quienes representa y eso es reclamar a sus ministros brinden con claridad sus actos de gesti\u00f3n y si tiene que realizar cambios los haga sin debilidad, no debe haber segundas oportunidades en funcionarios que son ineficientes para los cargos p\u00fablicos, pero muestran un crecimiento patrimonial incompatible con la forma en que administran lo p\u00fablico.<\/p>\n\n\n\n<figure class=\"wp-block-embed is-type-video is-provider-youtube wp-block-embed-youtube wp-embed-aspect-16-9 wp-has-aspect-ratio\"><div class=\"wp-block-embed__wrapper\">\n<iframe loading=\"lazy\" title=\"El incidente con Axel Kicillof que expone su gesti\u00f3n\" width=\"700\" height=\"394\" src=\"https:\/\/www.youtube.com\/embed\/f5NouFoHLZU?feature=oembed\" frameborder=\"0\" allow=\"accelerometer; autoplay; clipboard-write; encrypted-media; gyroscope; picture-in-picture; web-share\" allowfullscreen><\/iframe>\n<\/div><\/figure>\n\n\n\n<p>Por Marcelo Ricardo Hawrylciw<\/p>\n","protected":false},"excerpt":{"rendered":"<p>Un incidente ocurrido en el partido de Brandsen donde el gobernador Axel Kicillof entregaba escrituras y entre sonrisas y fotos con militantes presentes, termin\u00f3 en un esc\u00e1ndalo pol\u00edtico que dej\u00f3 en evidencia el p\u00e9simo gabinete que lo rodea y que en su ignorancia Kicillof mantiene a pesar de todo. No tengo elementos para poner en&hellip;<\/p>\n","protected":false},"author":1,"featured_media":122990,"comment_status":"open","ping_status":"open","sticky":false,"template":"","format":"standard","meta":{"footnotes":""},"categories":[10],"tags":[10623,16628,1451,2450,5561,32496,1726,35166,22031],"class_list":["post-122989","post","type-post","status-publish","format-standard","has-post-thumbnail","hentry","category-editorial","tag-alberto-sileoni","tag-brandsen","tag-corrupcion","tag-diario-el-sindical","tag-educacion","tag-gobernador-axel-kicillof","tag-julio-alak","tag-nicolas-kreplak","tag-salud"],"_links":{"self":[{"href":"https:\/\/www.elsindical.com.ar\/notas\/wp-json\/wp\/v2\/posts\/122989","targetHints":{"allow":["GET"]}}],"collection":[{"href":"https:\/\/www.elsindical.com.ar\/notas\/wp-json\/wp\/v2\/posts"}],"about":[{"href":"https:\/\/www.elsindical.com.ar\/notas\/wp-json\/wp\/v2\/types\/post"}],"author":[{"embeddable":true,"href":"https:\/\/www.elsindical.com.ar\/notas\/wp-json\/wp\/v2\/users\/1"}],"replies":[{"embeddable":true,"href":"https:\/\/www.elsindical.com.ar\/notas\/wp-json\/wp\/v2\/comments?post=122989"}],"version-history":[{"count":2,"href":"https:\/\/www.elsindical.com.ar\/notas\/wp-json\/wp\/v2\/posts\/122989\/revisions"}],"predecessor-version":[{"id":122995,"href":"https:\/\/www.elsindical.com.ar\/notas\/wp-json\/wp\/v2\/posts\/122989\/revisions\/122995"}],"wp:featuredmedia":[{"embeddable":true,"href":"https:\/\/www.elsindical.com.ar\/notas\/wp-json\/wp\/v2\/media\/122990"}],"wp:attachment":[{"href":"https:\/\/www.elsindical.com.ar\/notas\/wp-json\/wp\/v2\/media?parent=122989"}],"wp:term":[{"taxonomy":"category","embeddable":true,"href":"https:\/\/www.elsindical.com.ar\/notas\/wp-json\/wp\/v2\/categories?post=122989"},{"taxonomy":"post_tag","embeddable":true,"href":"https:\/\/www.elsindical.com.ar\/notas\/wp-json\/wp\/v2\/tags?post=122989"}],"curies":[{"name":"wp","href":"https:\/\/api.w.org\/{rel}","templated":true}]}}