{"id":122986,"date":"2023-06-04T11:29:46","date_gmt":"2023-06-04T14:29:46","guid":{"rendered":"https:\/\/www.elsindical.com.ar\/notas\/?p=122986"},"modified":"2023-06-04T11:53:19","modified_gmt":"2023-06-04T14:53:19","slug":"vinagre-y-bullrich-mirando-los-pajaritos","status":"publish","type":"post","link":"https:\/\/www.elsindical.com.ar\/notas\/vinagre-y-bullrich-mirando-los-pajaritos\/","title":{"rendered":"Vinagre y Bullrich mirando los pajaritos"},"content":{"rendered":"\n<figure class=\"wp-block-image size-large\"><a href=\"https:\/\/www.elsindical.com.ar\/notas\/var\/www\/html\/notas\/wp-content\/uploads\/2023\/06\/Vinagre-y-Bullrich-mirando-el-pajarito.jpg\"><img loading=\"lazy\" decoding=\"async\" width=\"1024\" height=\"1024\" src=\"https:\/\/www.elsindical.com.ar\/notas\/var\/www\/html\/notas\/wp-content\/uploads\/2023\/06\/Vinagre-y-Bullrich-mirando-el-pajarito-1024x1024.jpg\" alt=\"\" class=\"wp-image-122987\" srcset=\"https:\/\/www.elsindical.com.ar\/notas\/var\/www\/html\/notas\/wp-content\/uploads\/2023\/06\/Vinagre-y-Bullrich-mirando-el-pajarito-1024x1024.jpg 1024w, https:\/\/www.elsindical.com.ar\/notas\/var\/www\/html\/notas\/wp-content\/uploads\/2023\/06\/Vinagre-y-Bullrich-mirando-el-pajarito-300x300.jpg 300w, https:\/\/www.elsindical.com.ar\/notas\/var\/www\/html\/notas\/wp-content\/uploads\/2023\/06\/Vinagre-y-Bullrich-mirando-el-pajarito-150x150.jpg 150w, https:\/\/www.elsindical.com.ar\/notas\/var\/www\/html\/notas\/wp-content\/uploads\/2023\/06\/Vinagre-y-Bullrich-mirando-el-pajarito-768x768.jpg 768w, https:\/\/www.elsindical.com.ar\/notas\/var\/www\/html\/notas\/wp-content\/uploads\/2023\/06\/Vinagre-y-Bullrich-mirando-el-pajarito-50x50.jpg 50w, https:\/\/www.elsindical.com.ar\/notas\/var\/www\/html\/notas\/wp-content\/uploads\/2023\/06\/Vinagre-y-Bullrich-mirando-el-pajarito.jpg 1080w\" sizes=\"auto, (max-width: 1024px) 100vw, 1024px\" \/><\/a><\/figure>\n\n\n\n<p>   Existe un concepto mundial que incluso ha sido estudiado en la interpretaci\u00f3n gestual, respecto a las personas que no miran a los ojos, la creencia popular dice que no se puede confiar en quien no mira a los ojos y en lo gestual hay varias acepciones, una persona evita mirar a otra a los ojos normalmente es porque <strong>se siente amenazada, insegura, o avergonzada<\/strong>, por alguna raz\u00f3n.<\/p>\n\n\n\n<p>En esta fallida foto de campa\u00f1a, solo a improvisados se les puede ocurrir promocionar una imagen donde los referentes principales est\u00e1n mirando el \u00abpajarito\u00bb que se llev\u00f3 sus ideas y dignidad, porque ya de por s\u00ed la foto es pat\u00e9tica, se pueden observar a pol\u00edticos locales que pasaron por distintas alianzas, ex peronistas, renovadores y radicales. <\/p>\n\n\n\n<p>Incluso se ve sonriente a Sandra Alice, quien no hace mucho, a\u00f1o 2017 pregonaba la unidad peronista para fortalecer las alianzas y volver a gobernar, luego de que perdieran frente a Cambiemos, el propio Sebasti\u00e1n Vinagre es un invento de Cacho \u00c1varez otro que un d\u00eda cantaba la marcha peronista y otro d\u00eda corr\u00eda buscando un ministerio detr\u00e1s de Vidal.<\/p>\n\n\n\n<p>\u00bfDe verdad alguien puede creer que esta gente sin palabra, sin ideolog\u00eda y sin respeto por sus electores pueden ser algo positivo?<\/p>\n\n\n\n<p>No hay mucho por analizar, ellos mismos se muestran mirando a cualquier lado, dudo se sientan amenazados o inseguros, pero no tengo ninguna duda de que los invade a m\u00e1s de uno la verg\u00fcenza, por lo que han sido y lo que son.<\/p>\n\n\n\n<p>Antes de votar recuerden esta foto y recuerden quienes son los rejuntados de la rosca pol\u00edtica donde la prioridad son ellos y sus cuentas bancarias, los seguidores de Cambiemos dicen que buscan un cambio y critican a Sergio Massa al que llaman panqueque, pero en lo local van y votan a su gente, raro no?.<\/p>\n\n\n\n<p>Por Marcelo Ricardo Hawrylciw<\/p>\n","protected":false},"excerpt":{"rendered":"<p>Existe un concepto mundial que incluso ha sido estudiado en la interpretaci\u00f3n gestual, respecto a las personas que no miran a los ojos, la creencia popular dice que no se puede confiar en quien no mira a los ojos y en lo gestual hay varias acepciones, una persona evita mirar a otra a los ojos&hellip;<\/p>\n","protected":false},"author":1,"featured_media":122987,"comment_status":"open","ping_status":"open","sticky":false,"template":"","format":"standard","meta":{"footnotes":""},"categories":[10],"tags":[461,19864,18028,2450,31166,27598,1241,19955,459,3918],"class_list":["post-122986","post","type-post","status-publish","format-standard","has-post-thumbnail","hentry","category-editorial","tag-avellaneda","tag-cacho-alvarez-de-olivera","tag-damian-paz","tag-diario-el-sindical","tag-juntos-por-el-cambio","tag-maricel-marciano","tag-patricia-bullrich","tag-sandra-alice","tag-sebastian-vinagre","tag-sergio-massa"],"_links":{"self":[{"href":"https:\/\/www.elsindical.com.ar\/notas\/wp-json\/wp\/v2\/posts\/122986","targetHints":{"allow":["GET"]}}],"collection":[{"href":"https:\/\/www.elsindical.com.ar\/notas\/wp-json\/wp\/v2\/posts"}],"about":[{"href":"https:\/\/www.elsindical.com.ar\/notas\/wp-json\/wp\/v2\/types\/post"}],"author":[{"embeddable":true,"href":"https:\/\/www.elsindical.com.ar\/notas\/wp-json\/wp\/v2\/users\/1"}],"replies":[{"embeddable":true,"href":"https:\/\/www.elsindical.com.ar\/notas\/wp-json\/wp\/v2\/comments?post=122986"}],"version-history":[{"count":1,"href":"https:\/\/www.elsindical.com.ar\/notas\/wp-json\/wp\/v2\/posts\/122986\/revisions"}],"predecessor-version":[{"id":122988,"href":"https:\/\/www.elsindical.com.ar\/notas\/wp-json\/wp\/v2\/posts\/122986\/revisions\/122988"}],"wp:featuredmedia":[{"embeddable":true,"href":"https:\/\/www.elsindical.com.ar\/notas\/wp-json\/wp\/v2\/media\/122987"}],"wp:attachment":[{"href":"https:\/\/www.elsindical.com.ar\/notas\/wp-json\/wp\/v2\/media?parent=122986"}],"wp:term":[{"taxonomy":"category","embeddable":true,"href":"https:\/\/www.elsindical.com.ar\/notas\/wp-json\/wp\/v2\/categories?post=122986"},{"taxonomy":"post_tag","embeddable":true,"href":"https:\/\/www.elsindical.com.ar\/notas\/wp-json\/wp\/v2\/tags?post=122986"}],"curies":[{"name":"wp","href":"https:\/\/api.w.org\/{rel}","templated":true}]}}