{"id":12298,"date":"2011-02-07T18:51:41","date_gmt":"2011-02-07T21:51:41","guid":{"rendered":"http:\/\/www.elsindical.com.ar\/notas\/?p=12298"},"modified":"2011-02-07T18:51:41","modified_gmt":"2011-02-07T21:51:41","slug":"mauricio-macri-nuevamente-a-indagatoria","status":"publish","type":"post","link":"https:\/\/www.elsindical.com.ar\/notas\/mauricio-macri-nuevamente-a-indagatoria\/","title":{"rendered":"Mauricio Macri nuevamente a indagatoria"},"content":{"rendered":"<div id=\"cope\" style=\"text-align: justify;\"><em><a href=\"http:\/\/www.elsindical.com.ar\/notas\/var\/www\/html\/notas\/wp-content\/uploads\/2010\/07\/Macri_mirada.jpg\"><img loading=\"lazy\" decoding=\"async\" class=\"alignleft size-medium wp-image-8005\" title=\"Macri_mirada\" src=\"http:\/\/www.elsindical.com.ar\/notas\/var\/www\/html\/notas\/wp-content\/uploads\/2010\/07\/Macri_mirada-300x174.jpg\" alt=\"\" width=\"300\" height=\"174\" srcset=\"https:\/\/www.elsindical.com.ar\/notas\/var\/www\/html\/notas\/wp-content\/uploads\/2010\/07\/Macri_mirada-300x174.jpg 300w, https:\/\/www.elsindical.com.ar\/notas\/var\/www\/html\/notas\/wp-content\/uploads\/2010\/07\/Macri_mirada.jpg 318w\" sizes=\"auto, (max-width: 300px) 100vw, 300px\" \/><\/a>El jefe de Gobierno porte\u00f1o deber\u00e1 prestar declaraci\u00f3n el 25 de febrero en el marco de un caso en el que se investiga a la ex Unidad de Control de Espacio P\u00fablico sobre presuntos maltratos y amenazas a indigentes en situaci\u00f3n de calle. En tanto, desde este lunes, alrededor de 20 ex agentes de ese cuerpo tambi\u00e9n deber\u00e1n declarar.<\/em><\/div>\n<div style=\"text-align: justify;\">\n<p style=\"text-align: justify;\">El juez Facundo Cubas, titular del Juzgado Criminal de Instrucci\u00f3n N\u00ba 49 dispuso que el jefe de Gobierno porte\u00f1o, Mauricio Macri, se debe presentar a declarar el pr\u00f3ximo 25 de febrero. Es en el marco de un caso en el que se investiga el accionar de la ex Unidad de Control de Espacio P\u00fablico (UCEP) por presunto maltrato a personas sin hogar en situaci\u00f3n de calle.<\/p>\n<p>Para ese mismo d\u00eda tambi\u00e9n fue citado a indagatoria el ex ministro de Espacio P\u00fablico Juan Pablo Piccardo.<\/p>\n<p>En tanto, desde este lunes, alrededor de 20 ex agentes de ese cuerpo tambi\u00e9n deber\u00e1n declarar ante el magistrado.<\/p>\n<p>El juez hizo lugar a un pedido del fiscal Marcelo Roma, en el marco de una causa iniciada en 2008 tras una denuncia de ex la legisladora porte\u00f1a y actual diputada nacional, Liliana Beatriz Parada. Cabe recordar que Macri hab\u00eda sido citado para el pasado 10 de diciembre, pero se dispuso la postergaci\u00f3n de su declaraci\u00f3n.<\/p>\n<p>En la causa, caratulada \u201cMacri, Mauricio, Piccardo Pablo, UCEP s\/Amenazas y otros delitos\u201d, se investigan los presuntos delitos de lesiones, amenazas, coacci\u00f3n agravada e incumplimiento de los deberes de funcionario p\u00fablico.<\/p>\n<\/div>\n","protected":false},"excerpt":{"rendered":"<p>El jefe de Gobierno porte\u00f1o deber\u00e1 prestar declaraci\u00f3n el 25 de febrero en el marco de un caso en el que se investiga a la ex Unidad de Control de Espacio P\u00fablico sobre presuntos maltratos y amenazas a indigentes en situaci\u00f3n de calle. En tanto, desde este lunes, alrededor de 20 ex agentes de ese&hellip;<\/p>\n","protected":false},"author":1,"featured_media":0,"comment_status":"open","ping_status":"open","sticky":false,"template":"","format":"standard","meta":{"footnotes":""},"categories":[20],"tags":[1869,331,1983,495,2920,76,5887],"class_list":["post-12298","post","type-post","status-publish","format-standard","hentry","category-judiciales","tag-agentes","tag-amenazas","tag-indagatoria","tag-jefe-de-gobierno","tag-maltratos","tag-mauricio-macri","tag-unidad-de-control-de-espacio-publico"],"_links":{"self":[{"href":"https:\/\/www.elsindical.com.ar\/notas\/wp-json\/wp\/v2\/posts\/12298","targetHints":{"allow":["GET"]}}],"collection":[{"href":"https:\/\/www.elsindical.com.ar\/notas\/wp-json\/wp\/v2\/posts"}],"about":[{"href":"https:\/\/www.elsindical.com.ar\/notas\/wp-json\/wp\/v2\/types\/post"}],"author":[{"embeddable":true,"href":"https:\/\/www.elsindical.com.ar\/notas\/wp-json\/wp\/v2\/users\/1"}],"replies":[{"embeddable":true,"href":"https:\/\/www.elsindical.com.ar\/notas\/wp-json\/wp\/v2\/comments?post=12298"}],"version-history":[{"count":1,"href":"https:\/\/www.elsindical.com.ar\/notas\/wp-json\/wp\/v2\/posts\/12298\/revisions"}],"predecessor-version":[{"id":12299,"href":"https:\/\/www.elsindical.com.ar\/notas\/wp-json\/wp\/v2\/posts\/12298\/revisions\/12299"}],"wp:attachment":[{"href":"https:\/\/www.elsindical.com.ar\/notas\/wp-json\/wp\/v2\/media?parent=12298"}],"wp:term":[{"taxonomy":"category","embeddable":true,"href":"https:\/\/www.elsindical.com.ar\/notas\/wp-json\/wp\/v2\/categories?post=12298"},{"taxonomy":"post_tag","embeddable":true,"href":"https:\/\/www.elsindical.com.ar\/notas\/wp-json\/wp\/v2\/tags?post=12298"}],"curies":[{"name":"wp","href":"https:\/\/api.w.org\/{rel}","templated":true}]}}