{"id":122972,"date":"2023-06-03T12:37:46","date_gmt":"2023-06-03T15:37:46","guid":{"rendered":"https:\/\/www.elsindical.com.ar\/notas\/?p=122972"},"modified":"2023-06-03T12:37:47","modified_gmt":"2023-06-03T15:37:47","slug":"guillermo-lasso-contrato-empresas-de-eeuu-para-resguardar-su-imagen-durante-juicio-por-corrupcion-segun-investigacion","status":"publish","type":"post","link":"https:\/\/www.elsindical.com.ar\/notas\/guillermo-lasso-contrato-empresas-de-eeuu-para-resguardar-su-imagen-durante-juicio-por-corrupcion-segun-investigacion\/","title":{"rendered":"Guillermo Lasso contrat\u00f3 empresas de EEUU para resguardar su imagen durante juicio por corrupci\u00f3n, seg\u00fan investigaci\u00f3n"},"content":{"rendered":"<div class=\"wp-block-image\">\n<figure class=\"aligncenter size-large\"><a href=\"https:\/\/www.elsindical.com.ar\/notas\/var\/www\/html\/notas\/wp-content\/uploads\/2023\/06\/Guillermo-Lasso.jpg\"><img loading=\"lazy\" decoding=\"async\" width=\"1024\" height=\"553\" src=\"https:\/\/www.elsindical.com.ar\/notas\/var\/www\/html\/notas\/wp-content\/uploads\/2023\/06\/Guillermo-Lasso-1024x553.jpg\" alt=\"\" class=\"wp-image-122973\" srcset=\"https:\/\/www.elsindical.com.ar\/notas\/var\/www\/html\/notas\/wp-content\/uploads\/2023\/06\/Guillermo-Lasso-1024x553.jpg 1024w, https:\/\/www.elsindical.com.ar\/notas\/var\/www\/html\/notas\/wp-content\/uploads\/2023\/06\/Guillermo-Lasso-300x162.jpg 300w, https:\/\/www.elsindical.com.ar\/notas\/var\/www\/html\/notas\/wp-content\/uploads\/2023\/06\/Guillermo-Lasso-768x415.jpg 768w, https:\/\/www.elsindical.com.ar\/notas\/var\/www\/html\/notas\/wp-content\/uploads\/2023\/06\/Guillermo-Lasso-500x270.jpg 500w, https:\/\/www.elsindical.com.ar\/notas\/var\/www\/html\/notas\/wp-content\/uploads\/2023\/06\/Guillermo-Lasso.jpg 1165w\" sizes=\"auto, (max-width: 1024px) 100vw, 1024px\" \/><\/a><\/figure>\n<\/div>\n\n\n<p>Medios estadounidenses revelaron que el gobierno ecuatoriano invirti\u00f3 USD 250 mil en compa\u00f1\u00edas privadas que deb\u00edan argumentar a favor del presidente.<\/p>\n\n\n\n<p>Mientras <strong>Guillermo Lasso<\/strong>, el presidente ecuatoriano, se enfrentaba a un <strong>juicio pol\u00edtico en la Asamblea Nacional<\/strong> (Parlamento) en el que lo acusaban de<strong> malversaci\u00f3n de fondos<\/strong>, empresas norteamericanas e inglesas firmaron un contrato en <strong>Estados Unidos<\/strong> para cuidar su imagen, seg\u00fan una investigaci\u00f3n period\u00edstica del <strong>Miami Herald<\/strong> junto al peri\u00f3dico <strong>Plan V <\/strong>y con la red<strong> Proyecto de Reportajes sobre Crimen Organizado y Corrupci\u00f3n (OCCRP, por sus siglas en ingl\u00e9s).<\/strong><\/p>\n\n\n\n<p>Las compa\u00f1\u00edas que participaron del acuerdo son <strong>Global Research and Asset Management LLC (GRAM) y Perceptual Advisors LLC.<\/strong><\/p>\n\n\n\n<p>GRAM firm\u00f3 un pago de 250 mil d\u00f3lares para Perceptual Advisors LLC por contratar sus servicios durante un mes para que medios de comunicaci\u00f3n de Estados Unidos y Reino Unido argumenten a favor del presidente ecuatoriano. <strong>La primer empresa se dedica a la administraci\u00f3n de patrimonio y la dirige Miguel Mac\u00edas que fue tambi\u00e9n director del Banco Guayaquil, instituci\u00f3n en la que Lasso tuvo un rol como presidente ejecutivo.\u00a0<\/strong><\/p>\n\n\n\n<p>De esta manera<strong>, las empresas firmaron contrato con el fin de \u00abintroducir\/aclarar la verdad sobre los motivos del juicio pol\u00edtico\u00bb. <\/strong>Por este motivo, Perceptual Advisors se reuni\u00f3 con 23 periodistas para hacer entrevistas y encuentros con Lasso.&nbsp;<\/p>\n\n\n\n<p>La informaci\u00f3n se dio a conocer cuando <strong>Perceptual Advisors, la compa\u00f1\u00eda de relaciones p\u00fablicas, declar\u00f3 el contrato en el Departamento de Justicia de EEUU<\/strong>, ya que as\u00ed lo exige la Ley de Registro de Agentes Extranjeros de ese pa\u00eds (FARA, por sus siglas en ingl\u00e9s). En este sentido, el detalle m\u00e1s extra\u00f1o es que el contrato haya tenido a GRAM de intermediario.\u00a0<\/p>\n\n\n\n<p>La empresa de Mac\u00edas ten\u00eda un rol como representante de la <strong>Secretar\u00eda General de Comunicaci\u00f3n de la Presidencia de Ecuador. <\/strong>Tampoco se conoce de d\u00f3nde se sac\u00f3 el dinero para pagar el contrato. Las dos hip\u00f3tesis que se barajan son: si los fondos los aport\u00f3 la empresa GRAM, por qu\u00e9 una empresa privada se hace cargo de la imagen del gobierno ecuatoriano y si el dinero provino del Estado, por qu\u00e9 una empresa privada de relaciones p\u00fablicas llev\u00f3 adelante esa tarea en vez de la Secretar\u00eda de Comunicaci\u00f3n. <strong>El interrogante aparece en el marco de que el juicio contra Lasso por corrupci\u00f3n no termin\u00f3 porque inmediatamente el mandatario sac\u00f3 a relucir el decreto de \u00abmuerte cruzada\u00bb<\/strong> y disolvi\u00f3 el congreso.\u00a0<\/p>\n","protected":false},"excerpt":{"rendered":"<p>Medios estadounidenses revelaron que el gobierno ecuatoriano invirti\u00f3 USD 250 mil en compa\u00f1\u00edas privadas que deb\u00edan argumentar a favor del presidente. Mientras Guillermo Lasso, el presidente ecuatoriano, se enfrentaba a un juicio pol\u00edtico en la Asamblea Nacional (Parlamento) en el que lo acusaban de malversaci\u00f3n de fondos, empresas norteamericanas e inglesas firmaron un contrato en&hellip;<\/p>\n","protected":false},"author":1,"featured_media":122973,"comment_status":"open","ping_status":"open","sticky":false,"template":"","format":"standard","meta":{"footnotes":""},"categories":[18],"tags":[1451,2450,4795,141,39768,627],"class_list":["post-122972","post","type-post","status-publish","format-standard","has-post-thumbnail","hentry","category-internacionales","tag-corrupcion","tag-diario-el-sindical","tag-ecuador","tag-eeuu","tag-guillermo-lasso","tag-juicio-politico"],"_links":{"self":[{"href":"https:\/\/www.elsindical.com.ar\/notas\/wp-json\/wp\/v2\/posts\/122972","targetHints":{"allow":["GET"]}}],"collection":[{"href":"https:\/\/www.elsindical.com.ar\/notas\/wp-json\/wp\/v2\/posts"}],"about":[{"href":"https:\/\/www.elsindical.com.ar\/notas\/wp-json\/wp\/v2\/types\/post"}],"author":[{"embeddable":true,"href":"https:\/\/www.elsindical.com.ar\/notas\/wp-json\/wp\/v2\/users\/1"}],"replies":[{"embeddable":true,"href":"https:\/\/www.elsindical.com.ar\/notas\/wp-json\/wp\/v2\/comments?post=122972"}],"version-history":[{"count":1,"href":"https:\/\/www.elsindical.com.ar\/notas\/wp-json\/wp\/v2\/posts\/122972\/revisions"}],"predecessor-version":[{"id":122974,"href":"https:\/\/www.elsindical.com.ar\/notas\/wp-json\/wp\/v2\/posts\/122972\/revisions\/122974"}],"wp:featuredmedia":[{"embeddable":true,"href":"https:\/\/www.elsindical.com.ar\/notas\/wp-json\/wp\/v2\/media\/122973"}],"wp:attachment":[{"href":"https:\/\/www.elsindical.com.ar\/notas\/wp-json\/wp\/v2\/media?parent=122972"}],"wp:term":[{"taxonomy":"category","embeddable":true,"href":"https:\/\/www.elsindical.com.ar\/notas\/wp-json\/wp\/v2\/categories?post=122972"},{"taxonomy":"post_tag","embeddable":true,"href":"https:\/\/www.elsindical.com.ar\/notas\/wp-json\/wp\/v2\/tags?post=122972"}],"curies":[{"name":"wp","href":"https:\/\/api.w.org\/{rel}","templated":true}]}}