{"id":122891,"date":"2023-05-31T15:59:06","date_gmt":"2023-05-31T18:59:06","guid":{"rendered":"https:\/\/www.elsindical.com.ar\/notas\/?p=122891"},"modified":"2023-05-31T15:59:07","modified_gmt":"2023-05-31T18:59:07","slug":"lomas-de-zamora-le-negaron-la-excarcelacion-a-la-azafata-que-realizo-una-falsa-amenaza-de-bomba","status":"publish","type":"post","link":"https:\/\/www.elsindical.com.ar\/notas\/lomas-de-zamora-le-negaron-la-excarcelacion-a-la-azafata-que-realizo-una-falsa-amenaza-de-bomba\/","title":{"rendered":"Lomas de Zamora: Le negaron la excarcelaci\u00f3n a la azafata que realiz\u00f3 una falsa amenaza de bomba"},"content":{"rendered":"\n<figure class=\"wp-block-image size-full\"><a href=\"https:\/\/www.elsindical.com.ar\/notas\/var\/www\/html\/notas\/wp-content\/uploads\/2023\/05\/Daniela-Carbone.jpg\"><img loading=\"lazy\" decoding=\"async\" width=\"1024\" height=\"576\" src=\"https:\/\/www.elsindical.com.ar\/notas\/var\/www\/html\/notas\/wp-content\/uploads\/2023\/05\/Daniela-Carbone.jpg\" alt=\"\" class=\"wp-image-122892\" srcset=\"https:\/\/www.elsindical.com.ar\/notas\/var\/www\/html\/notas\/wp-content\/uploads\/2023\/05\/Daniela-Carbone.jpg 1024w, https:\/\/www.elsindical.com.ar\/notas\/var\/www\/html\/notas\/wp-content\/uploads\/2023\/05\/Daniela-Carbone-300x169.jpg 300w, https:\/\/www.elsindical.com.ar\/notas\/var\/www\/html\/notas\/wp-content\/uploads\/2023\/05\/Daniela-Carbone-768x432.jpg 768w, https:\/\/www.elsindical.com.ar\/notas\/var\/www\/html\/notas\/wp-content\/uploads\/2023\/05\/Daniela-Carbone-500x281.jpg 500w, https:\/\/www.elsindical.com.ar\/notas\/var\/www\/html\/notas\/wp-content\/uploads\/2023\/05\/Daniela-Carbone-460x260.jpg 460w\" sizes=\"auto, (max-width: 1024px) 100vw, 1024px\" \/><\/a><\/figure>\n\n\n\n<p>El magistrado, de todas formas, abri\u00f3 un incidente para que se eval\u00fae la posibilidad de concederle la prisi\u00f3n domiciliaria.<\/p>\n\n\n\n<p>El juez federal Federico Villena le <strong>neg\u00f3 la excarcelaci\u00f3n a la azafata de Aerol\u00edneas Argentinas<\/strong> que se encuentra detenida como presunta autora de una llamada que alert\u00f3 sobre la supuesta colocaci\u00f3n de una bomba en un vuelo de la compa\u00f1\u00eda del domingo 21, con destino a Miami, cuyo despegue qued\u00f3 demorado m\u00e1s de 7 horas tras la amenaza, informaron hoy fuentes judiciales.<\/p>\n\n\n\n<p>El magistrado consider\u00f3 que, de recuperar la libertad, <strong>Daniela Carbone podr\u00eda poner en riesgo la investigaci\u00f3n<\/strong> toda vez que se detect\u00f3 que antes de ser detenida intent\u00f3 borrar el contenido del tel\u00e9fono desde el cual, con el chip cambiado, se hab\u00edan proferido las amenazas.<\/p>\n\n\n\n<p>El magistrado, de todas formas, abri\u00f3 un incidente para que se eval\u00fae la posibilidad de concederle la <strong>prisi\u00f3n domiciliaria<\/strong>.<\/p>\n\n\n\n<p>La mujer, de 47 a\u00f1os y con 25 a\u00f1os de antig\u00fcedad en la empresa, que se hab\u00eda <strong>negado a declarar <\/strong>ayer ante el juez Villena, se encuentra alojada en una celda en dependencias de la Polic\u00eda de Seguridad Aeroportuaria (PSA) en Ezeiza.<\/p>\n\n\n\n<p>Fuentes judiciales aseguraron a T\u00e9lam que la situaci\u00f3n de la mujer es \u201c<strong>muy comprometida<\/strong>\u201d y que, independientemente de que pueda seguir el proceso en su domicilio, deber\u00e1 afrontar varios cargos penales y econ\u00f3micos, debido a los perjuicios ocasionados con su accionar.<\/p>\n\n\n\n<p>Si bien la causa se encuentra \u201cbajo secreto de sumario\u201d, las fuentes advirtieron que \u201c<strong>hay elementos de prueba suficientes\u201d contra la mujer <\/strong>a quien se acusa de \u201ccoacci\u00f3n agravada al piloto\u201d por \u201creferencias a su familia\u201d, luego de haber intentado \u201chacer pasar la amenaza como una interna sindical\u201d.<\/p>\n\n\n\n<p>La azafata fue <strong>apresada al arribar al pa\u00eds en su \u00faltimo vuelo<\/strong> y est\u00e1 acusada de ser la autora del llamado que recibieron tanto el comandante de a bordo en su tel\u00e9fono celular personal, como otros integrantes de la empresa.<\/p>\n\n\n\n<p>La llamada puso en alerta a la seguridad del aeropuerto, que implement\u00f3 un operativo que demor\u00f3 la salida del vuelo y gener\u00f3 complicaciones a los 270 pasajeros que viajaban en la aeronave.<\/p>\n\n\n\n<p>En relaci\u00f3n a la investigaci\u00f3n que lleva adelante el juez Villena, fuentes de Aerol\u00edneas indicaron a T\u00e9lam que los delitos de \u201cintimidaci\u00f3n p\u00fablica y entorpecimiento de los servicios p\u00fablicos (art. 211 y 194 del C\u00f3digo Penal, respectivamente) son faltas graves, por ende, de comprobarse la acusaci\u00f3n y el delito, la empresa sancionar\u00e1 a la persona investigada de forma proporcional a la gravedad del hecho\u201d.<\/p>\n\n\n\n<p>El domingo 21 de mayo,<strong> el vuelo AR1304 de Aerol\u00edneas debi\u00f3 ser evacuado en su totalidad cuando estaba por partir rumbo a la ciudad estadounidense de Miami<\/strong>, con 270 pasajeros y 12 tripulantes a las 07.35, al recibir, tanto el comandante del vuelo como personal de tierra, una amenaza asociada al vuelo.<\/p>\n\n\n\n<p>Finalmente, tras corroborarse que se trataba de una<strong> falsa amenaza<\/strong>, el avi\u00f3n despeg\u00f3 a las 16.50, m\u00e1s de nueve horas despu\u00e9s de lo previsto.<\/p>\n\n\n\n<p>De acuerdo con fuentes vinculadas con la investigaci\u00f3n, la amenaza consisti\u00f3 en un audio que dec\u00eda: \u201c<strong>Decile al capitancito que le pusimos tres bombas en el Miami. Que se deje de joder con la pol\u00edtica y chequee el avi\u00f3n porque van a volar en mil pedazos<\/strong>\u201c.<\/p>\n\n\n\n<p>La voz fue distorsionada, pero los investigadores<strong> pudieron establecer primero que se trataba de una mujer <\/strong>y, luego, identificar el origen de la comunicaci\u00f3n, lo que llev\u00f3 a la <strong>detenci\u00f3n de la azafata<\/strong>.<\/p>\n\n\n\n<p>La justicia investiga si la mujer habr\u00eda mantenido, hasta hace dos meses, una relaci\u00f3n sentimental con un tripulante de cabina que se encontraba en el vuelo que deb\u00eda despegar hacia Miami y habr\u00eda utilizado la amenaza al comandante y al avi\u00f3n para desviar el verdadero motivo, que puede ser complicarle la vida a su expareja.<\/p>\n\n\n\n<p>A tal fin, las fuentes indicaron que, para sostener esa l\u00ednea, tambi\u00e9n habr\u00eda mandado mensajes al piloto del vuelo, en el que le advert\u00eda que \u201csab\u00eda a qu\u00e9 colegio\u201d iban \u201csus hijas\u201d.<\/p>\n\n\n\n<p>Aerol\u00edneas Argentinas sufri\u00f3 una p\u00e9rdida superior al mill\u00f3n de d\u00f3lares entre el operativo de evacuaci\u00f3n de los pasajeros y lo que implic\u00f3 la reprogramaci\u00f3n de la partida del vuelo hacia Miami y las demoras ocasionadas.<\/p>\n","protected":false},"excerpt":{"rendered":"<p>El magistrado, de todas formas, abri\u00f3 un incidente para que se eval\u00fae la posibilidad de concederle la prisi\u00f3n domiciliaria. El juez federal Federico Villena le neg\u00f3 la excarcelaci\u00f3n a la azafata de Aerol\u00edneas Argentinas que se encuentra detenida como presunta autora de una llamada que alert\u00f3 sobre la supuesta colocaci\u00f3n de una bomba en un&hellip;<\/p>\n","protected":false},"author":1,"featured_media":122892,"comment_status":"open","ping_status":"open","sticky":false,"template":"","format":"standard","meta":{"footnotes":""},"categories":[20],"tags":[3051,27197,40313,2450,23654,839],"class_list":["post-122891","post","type-post","status-publish","format-standard","has-post-thumbnail","hentry","category-judiciales","tag-aerolineas-argentinas","tag-amenaza-de-bomba","tag-daniela-carbone","tag-diario-el-sindical","tag-juez-federal-federico-villena","tag-psa"],"_links":{"self":[{"href":"https:\/\/www.elsindical.com.ar\/notas\/wp-json\/wp\/v2\/posts\/122891","targetHints":{"allow":["GET"]}}],"collection":[{"href":"https:\/\/www.elsindical.com.ar\/notas\/wp-json\/wp\/v2\/posts"}],"about":[{"href":"https:\/\/www.elsindical.com.ar\/notas\/wp-json\/wp\/v2\/types\/post"}],"author":[{"embeddable":true,"href":"https:\/\/www.elsindical.com.ar\/notas\/wp-json\/wp\/v2\/users\/1"}],"replies":[{"embeddable":true,"href":"https:\/\/www.elsindical.com.ar\/notas\/wp-json\/wp\/v2\/comments?post=122891"}],"version-history":[{"count":1,"href":"https:\/\/www.elsindical.com.ar\/notas\/wp-json\/wp\/v2\/posts\/122891\/revisions"}],"predecessor-version":[{"id":122893,"href":"https:\/\/www.elsindical.com.ar\/notas\/wp-json\/wp\/v2\/posts\/122891\/revisions\/122893"}],"wp:featuredmedia":[{"embeddable":true,"href":"https:\/\/www.elsindical.com.ar\/notas\/wp-json\/wp\/v2\/media\/122892"}],"wp:attachment":[{"href":"https:\/\/www.elsindical.com.ar\/notas\/wp-json\/wp\/v2\/media?parent=122891"}],"wp:term":[{"taxonomy":"category","embeddable":true,"href":"https:\/\/www.elsindical.com.ar\/notas\/wp-json\/wp\/v2\/categories?post=122891"},{"taxonomy":"post_tag","embeddable":true,"href":"https:\/\/www.elsindical.com.ar\/notas\/wp-json\/wp\/v2\/tags?post=122891"}],"curies":[{"name":"wp","href":"https:\/\/api.w.org\/{rel}","templated":true}]}}