{"id":122887,"date":"2023-05-31T00:08:21","date_gmt":"2023-05-31T03:08:21","guid":{"rendered":"https:\/\/www.elsindical.com.ar\/notas\/?p=122887"},"modified":"2023-05-31T00:08:22","modified_gmt":"2023-05-31T03:08:22","slug":"efemerides-del-dia-31-de-mayo-10","status":"publish","type":"post","link":"https:\/\/www.elsindical.com.ar\/notas\/efemerides-del-dia-31-de-mayo-10\/","title":{"rendered":"EFEM\u00c9RIDES: DEL D\u00cdA 31 DE MAYO"},"content":{"rendered":"\n<p>\u2013 D\u00eda Mundial sin Tabaco<\/p>\n\n\n\n<p>\u2013 D\u00eda Nacional de la&nbsp;Cerveza<\/p>\n\n\n\n<p>\u2013 D\u00eda Nacional de la Energ\u00eda At\u00f3mica<\/p>\n\n\n\n<p>\u2013 D\u00eda Nacional del Ecoturismo<\/p>\n\n\n\n<p>1556 \u2013&nbsp;Muere San Ignacio de Loyola, el&nbsp;religioso cat\u00f3lico y militar castellano que fund\u00f3 la Compa\u00f1\u00eda de Jes\u00fas, la orden religiosa a cuyos miembros se conoce como jesuitas.<\/p>\n\n\n\n<p>1565 \u2013 Diego de Villarroel funda San Miguel del Tucum\u00e1n.<\/p>\n\n\n\n<p>1740 \u2013 Muere Federico Guillermo I de Prusia.<\/p>\n\n\n\n<p>1790 \u2013 Se promulga en los Estados Unidos la Ley de derechos de autor.<\/p>\n\n\n\n<p>1793 \u2013&nbsp;Los extremistas de la Convenci\u00f3n declaran fuera de la ley a los girondinos o moderados, con lo que comienza el periodo del \u201cTerror\u201d de la Revoluci\u00f3n Francesa.<\/p>\n\n\n\n<p>1819 \u2013 Nacimiento de Walt Whitman, poeta.<\/p>\n\n\n\n<p>1820 \u2013 El ej\u00e9rcito espa\u00f1ol que hab\u00eda entrado en Jujuy se apodera de Salta.<\/p>\n\n\n\n<p>1827 \u2013&nbsp;El gobierno de la provincia de C\u00f3rdoba declar\u00f3 que desde el 2 de octubre de 1826 se hab\u00eda separado de la asociaci\u00f3n de las Provincias Unidas del R\u00edo de la Plata.<\/p>\n\n\n\n<p>1852 \u2013 Nace en Buenos Aires el ge\u00f3grafo y paleont\u00f3logo Francisco P. Moreno, perito en l\u00edmites geogr\u00e1ficos y donante de tres leguas cuadradas, para establecimiento del Parque Nacional Nahuel Huapi. Sus peritajes hicieron ganar grandes extensiones para la soberan\u00eda argentina. Falleci\u00f3 en Buenos Aires el 22 de noviembre de 1919.<\/p>\n\n\n\n<p>1852 \u2013 Convocados los gobernadores de las provincias argentinas por el general Justo Jos\u00e9 de Urquiza, se firma el Acuerdo de San Nicol\u00e1s de los Arroyos, que consagra la forma federal de gobierno, dispone la reuni\u00f3n de un Congreso Constituyente en Santa Fe y nombra a Urquiza director provisorio de la Confederaci\u00f3n Argentina.<\/p>\n\n\n\n<p>1859 \u2013 Se inaugura en Londres el Big Ben.<\/p>\n\n\n\n<p>1879 \u2013 Se inaugura el Madison Square Garden.<\/p>\n\n\n\n<p>1902 \u2013 Tratado de Vereeniging, que pone fin a la guerra de los boers, que enfrent\u00f3 a Orange y Transvaal con el Imperio brit\u00e1nico, con resultado favorable para este \u00faltimo.<\/p>\n\n\n\n<p>1906 \u2013 Boda de Alfonso XIII con Victoria Eugenia de Battenberg. Cuando la comitiva regresaba al Palacio Real, el anarquista Mateo Morral arroj\u00f3 sobre la carroza real una bomba que no alcanz\u00f3 a la pareja, pero caus\u00f3 numerosas v\u00edctimas en el cortejo.<\/p>\n\n\n\n<p>1908 \u2013 Nacimiento de Don Ameche, actor estadounidense<\/p>\n\n\n\n<p>1910 \u2013 Las provincias de El Cabo, Transvaal, Natal y el Estado libre de Orange se unen para formar la Uni\u00f3n Sudafricana, integrada en la Commonwealth.<\/p>\n\n\n\n<p>1916 \u2013 Se lleva a cabo la batalla naval de Jutlandia en la primera guerra mundial, en la que la flota alemana, inferior en n\u00famero y poder de fuego, derrota a la flota brit\u00e1nica.<\/p>\n\n\n\n<p>1930 \u2013 Nace Clint Eastwood, actor y director de cine.<\/p>\n\n\n\n<p>1935 \u2013 Comienza a funcionar el Banco Central de la Rep\u00fablica Argentina.<\/p>\n\n\n\n<p>1935 \u2013 Un terremoto destruye la ciudad de Quetta (Pakist\u00e1n) y mueren m\u00e1s de 56.000 personas.<\/p>\n\n\n\n<p>1941 \u2013 Los ingleses ocupan Irak.<\/p>\n\n\n\n<p>1945 \u2013 Nace Rainer Werner Fassbinder, autor, realizador f\u00edlmico y director teatral alem\u00e1n.<\/p>\n\n\n\n<p>1950 \u2013 Se crea la Comisi\u00f3n Nacional de Energ\u00eda At\u00f3mica.<\/p>\n\n\n\n<p>1949 \u2013 Nace el actor Tom Berenger.<\/p>\n\n\n\n<p>1961 \u2013 La Uni\u00f3n Sudafricana abandona la Commonwealth y proclama su independencia como Rep\u00fablica de Sud\u00e1frica.<\/p>\n\n\n\n<p>1962 \u2013 Ajustician en Israel a Adolf Eichmann, criminal nazi, responsable del holocausto jud\u00edo.<\/p>\n\n\n\n<p>1965 \u2013 Nace Brooke Shields, actriz estadounidense.<\/p>\n\n\n\n<p>1970 \u2013 Un terremoto deja m\u00e1s de 60.000 muertos, 20.000 desaparecidos y 200.000 heridos en Per\u00fa.<\/p>\n\n\n\n<p>1970 \u2013 Nace Mariana Baraj, cantante, percusionista y compositora argentina.<\/p>\n\n\n\n<p>1976 \u2013 Muerte de Jacques Monod, cient\u00edfico franc\u00e9s, P. Nobel de Medicina y Fisiolog\u00eda 1965.<\/p>\n\n\n\n<p>1976&nbsp;\u2013 Nace Colin Farrell, actor irland\u00e9s.<\/p>\n\n\n\n<p>1990 \u2013&nbsp;El poeta Jos\u00e9 Hierro gana el Premio Nacional de las Letras Espa\u00f1olas.<\/p>\n\n\n\n<p>1993 \u2013 El poeta Carlos Bouso\u00f1o, Premio Nacional de las Letras Espa\u00f1olas.<\/p>\n\n\n\n<p>1995 \u2013 Muere Emilo Garc\u00eda G\u00f3mez, arabista espa\u00f1ol, director de la Real Academia de la Historia.<\/p>\n\n\n\n<p>2000 \u2013 Muere Tito Puente, cantante.<\/p>\n\n\n\n<p>2002 \u2013 En&nbsp;Corea&nbsp;y&nbsp;Jap\u00f3n&nbsp;comienza la&nbsp;Copa Mundial de F\u00fatbol.<\/p>\n\n\n\n<p>2005 \u2013 En Estados Unidos, se devela que el esp\u00eda \u00abGarganta Profunda\u00bb es Mark Felt, el \u00abn\u00famero dos\u00bb del FBI en tiempos de Nixo.<\/p>\n\n\n\n<p>2010 \u2013 Muere Rub\u00e9n Ju\u00e1rez, cantautor de tangos y bandoneonista argentino.<\/p>\n\n\n\n<p>2011 \u2013 En Argentina, se inaugura la primera l\u00ednea del Metrob\u00fas en la Ciudad Aut\u00f3noma de Buenos Aires, en la Avenida Juan B. Justo.<\/p>\n\n\n\n<p>2013 \u2013 Muere Jean Stapleton, actriz estadounidense.<\/p>\n\n\n\n<p>2013&nbsp;\u2013 El&nbsp;asteroide&nbsp;1998 QE2&nbsp;y su&nbsp;luna&nbsp;hacen su&nbsp;acercamiento m\u00e1s cercano a la Tierra&nbsp;durante los pr\u00f3ximos dos siglos.<\/p>\n","protected":false},"excerpt":{"rendered":"<p>\u2013 D\u00eda Mundial sin Tabaco \u2013 D\u00eda Nacional de la&nbsp;Cerveza \u2013 D\u00eda Nacional de la Energ\u00eda At\u00f3mica \u2013 D\u00eda Nacional del Ecoturismo 1556 \u2013&nbsp;Muere San Ignacio de Loyola, el&nbsp;religioso cat\u00f3lico y militar castellano que fund\u00f3 la Compa\u00f1\u00eda de Jes\u00fas, la orden religiosa a cuyos miembros se conoce como jesuitas. 1565 \u2013 Diego de Villarroel funda&hellip;<\/p>\n","protected":false},"author":1,"featured_media":0,"comment_status":"open","ping_status":"open","sticky":false,"template":"","format":"standard","meta":{"footnotes":""},"categories":[14],"tags":[2450,22026],"class_list":["post-122887","post","type-post","status-publish","format-standard","hentry","category-efemerides","tag-diario-el-sindical","tag-efemerides"],"_links":{"self":[{"href":"https:\/\/www.elsindical.com.ar\/notas\/wp-json\/wp\/v2\/posts\/122887","targetHints":{"allow":["GET"]}}],"collection":[{"href":"https:\/\/www.elsindical.com.ar\/notas\/wp-json\/wp\/v2\/posts"}],"about":[{"href":"https:\/\/www.elsindical.com.ar\/notas\/wp-json\/wp\/v2\/types\/post"}],"author":[{"embeddable":true,"href":"https:\/\/www.elsindical.com.ar\/notas\/wp-json\/wp\/v2\/users\/1"}],"replies":[{"embeddable":true,"href":"https:\/\/www.elsindical.com.ar\/notas\/wp-json\/wp\/v2\/comments?post=122887"}],"version-history":[{"count":1,"href":"https:\/\/www.elsindical.com.ar\/notas\/wp-json\/wp\/v2\/posts\/122887\/revisions"}],"predecessor-version":[{"id":122888,"href":"https:\/\/www.elsindical.com.ar\/notas\/wp-json\/wp\/v2\/posts\/122887\/revisions\/122888"}],"wp:attachment":[{"href":"https:\/\/www.elsindical.com.ar\/notas\/wp-json\/wp\/v2\/media?parent=122887"}],"wp:term":[{"taxonomy":"category","embeddable":true,"href":"https:\/\/www.elsindical.com.ar\/notas\/wp-json\/wp\/v2\/categories?post=122887"},{"taxonomy":"post_tag","embeddable":true,"href":"https:\/\/www.elsindical.com.ar\/notas\/wp-json\/wp\/v2\/tags?post=122887"}],"curies":[{"name":"wp","href":"https:\/\/api.w.org\/{rel}","templated":true}]}}