{"id":122785,"date":"2023-05-25T16:42:37","date_gmt":"2023-05-25T19:42:37","guid":{"rendered":"https:\/\/www.elsindical.com.ar\/notas\/?p=122785"},"modified":"2023-05-25T16:42:38","modified_gmt":"2023-05-25T19:42:38","slug":"lomas-de-zamora-tres-anos-de-prision-en-suspenso-para-gendarme-que-mato-a-un-ladron","status":"publish","type":"post","link":"https:\/\/www.elsindical.com.ar\/notas\/lomas-de-zamora-tres-anos-de-prision-en-suspenso-para-gendarme-que-mato-a-un-ladron\/","title":{"rendered":"Lomas de Zamora: Tres a\u00f1os de prisi\u00f3n en suspenso para gendarme que mat\u00f3 a un ladr\u00f3n"},"content":{"rendered":"\n<figure class=\"wp-block-image size-large\"><a href=\"https:\/\/www.elsindical.com.ar\/notas\/var\/www\/html\/notas\/wp-content\/uploads\/2022\/09\/Tribunales-de-Lomas-de-Zamora.jpg\"><img loading=\"lazy\" decoding=\"async\" width=\"1024\" height=\"576\" src=\"https:\/\/www.elsindical.com.ar\/notas\/var\/www\/html\/notas\/wp-content\/uploads\/2022\/09\/Tribunales-de-Lomas-de-Zamora-1024x576.jpg\" alt=\"\" class=\"wp-image-116469\" srcset=\"https:\/\/www.elsindical.com.ar\/notas\/var\/www\/html\/notas\/wp-content\/uploads\/2022\/09\/Tribunales-de-Lomas-de-Zamora-1024x576.jpg 1024w, https:\/\/www.elsindical.com.ar\/notas\/var\/www\/html\/notas\/wp-content\/uploads\/2022\/09\/Tribunales-de-Lomas-de-Zamora-300x169.jpg 300w, https:\/\/www.elsindical.com.ar\/notas\/var\/www\/html\/notas\/wp-content\/uploads\/2022\/09\/Tribunales-de-Lomas-de-Zamora-768x432.jpg 768w, https:\/\/www.elsindical.com.ar\/notas\/var\/www\/html\/notas\/wp-content\/uploads\/2022\/09\/Tribunales-de-Lomas-de-Zamora-500x281.jpg 500w, https:\/\/www.elsindical.com.ar\/notas\/var\/www\/html\/notas\/wp-content\/uploads\/2022\/09\/Tribunales-de-Lomas-de-Zamora-460x260.jpg 460w, https:\/\/www.elsindical.com.ar\/notas\/var\/www\/html\/notas\/wp-content\/uploads\/2022\/09\/Tribunales-de-Lomas-de-Zamora.jpg 1200w\" sizes=\"auto, (max-width: 1024px) 100vw, 1024px\" \/><\/a><\/figure>\n\n\n\n<p>El Tribunal Oral en lo Criminal (TOC) 8 de Lomas de Zamora conden\u00f3 a tres a\u00f1os de prisi\u00f3n en suspenso a un oficial de la Gendarmer\u00eda Nacional que mat\u00f3 a un delincuente cuando intent\u00f3 robarle sus pertenencias en la calle. El ladr\u00f3n recibi\u00f3 cinco balazos. El hecho ocurri\u00f3 en marzo de 2019, en Monte Grande.<\/p>\n\n\n\n<p>Fuentes judiciales informaron que los jueces hicieron lugar al pedido de pena que hab\u00eda realizado la fiscal de Lomas de Zamora Marcela Dimundo.<\/p>\n\n\n\n<p>En su alegato, hab\u00eda solicitado para el gendarme Jorge Luis Torres la pena de tres a\u00f1os de prisi\u00f3n de ejecuci\u00f3n condicional por el delito de \u201chomicidio con arma de fuego en exceso de la leg\u00edtima defensa\u201d.<\/p>\n\n\n\n<p><strong>El tribunal tambi\u00e9n una inhabilitaci\u00f3n especial para ejercer cargos p\u00fablicos por 6 a\u00f1os y el cumplimiento de reglas de conducta por 4 a\u00f1os.<\/strong><\/p>\n\n\n\n<p>Los jueces no hicieron lugar al pedido de la defensa de Torres que hab\u00eda solicitado su absoluci\u00f3n al entender que su accionar encuadraba en la leg\u00edtima defensa.<\/p>\n\n\n\n<p>Seg\u00fan se determin\u00f3, el gendarme Jos\u00e9 Luis Torres fue sorprendido por un delincuente \u2013 Sergio Gustavo Moreno \u2013 el 20 de marzo de 2019, en la esquina de Ocantos y 9 de Julio, en Monte Grande.<\/p>\n\n\n\n<p>El ladr\u00f3n le cruz\u00f3 el auto, se baj\u00f3 y lo apunt\u00f3 exigi\u00e9ndole todo lo que llevaba. Entonces el gendarme extrajo su arma y, en ese contexto, Moreno se su subi\u00f3 a su auto e intent\u00f3 huir.<\/p>\n\n\n\n<p>Torres dispar\u00f3 en varias oportunidades. El ladr\u00f3n recibi\u00f3 cinco disparos y muri\u00f3. Nunca lleg\u00f3 a dispararle al gendarme.<\/p>\n","protected":false},"excerpt":{"rendered":"<p>El Tribunal Oral en lo Criminal (TOC) 8 de Lomas de Zamora conden\u00f3 a tres a\u00f1os de prisi\u00f3n en suspenso a un oficial de la Gendarmer\u00eda Nacional que mat\u00f3 a un delincuente cuando intent\u00f3 robarle sus pertenencias en la calle. El ladr\u00f3n recibi\u00f3 cinco balazos. El hecho ocurri\u00f3 en marzo de 2019, en Monte Grande.&hellip;<\/p>\n","protected":false},"author":1,"featured_media":116469,"comment_status":"open","ping_status":"open","sticky":false,"template":"","format":"standard","meta":{"footnotes":""},"categories":[20],"tags":[580,224,2450,19640,40286,1681,116,40287,37009],"class_list":["post-122785","post","type-post","status-publish","format-standard","has-post-thumbnail","hentry","category-judiciales","tag-asalto","tag-condena","tag-diario-el-sindical","tag-fiscal-marcela-dimundo","tag-jorge-luis-torres","tag-monte-grande","tag-robo","tag-sergio-gustavo-moreno","tag-toc-8-lz"],"_links":{"self":[{"href":"https:\/\/www.elsindical.com.ar\/notas\/wp-json\/wp\/v2\/posts\/122785","targetHints":{"allow":["GET"]}}],"collection":[{"href":"https:\/\/www.elsindical.com.ar\/notas\/wp-json\/wp\/v2\/posts"}],"about":[{"href":"https:\/\/www.elsindical.com.ar\/notas\/wp-json\/wp\/v2\/types\/post"}],"author":[{"embeddable":true,"href":"https:\/\/www.elsindical.com.ar\/notas\/wp-json\/wp\/v2\/users\/1"}],"replies":[{"embeddable":true,"href":"https:\/\/www.elsindical.com.ar\/notas\/wp-json\/wp\/v2\/comments?post=122785"}],"version-history":[{"count":1,"href":"https:\/\/www.elsindical.com.ar\/notas\/wp-json\/wp\/v2\/posts\/122785\/revisions"}],"predecessor-version":[{"id":122786,"href":"https:\/\/www.elsindical.com.ar\/notas\/wp-json\/wp\/v2\/posts\/122785\/revisions\/122786"}],"wp:featuredmedia":[{"embeddable":true,"href":"https:\/\/www.elsindical.com.ar\/notas\/wp-json\/wp\/v2\/media\/116469"}],"wp:attachment":[{"href":"https:\/\/www.elsindical.com.ar\/notas\/wp-json\/wp\/v2\/media?parent=122785"}],"wp:term":[{"taxonomy":"category","embeddable":true,"href":"https:\/\/www.elsindical.com.ar\/notas\/wp-json\/wp\/v2\/categories?post=122785"},{"taxonomy":"post_tag","embeddable":true,"href":"https:\/\/www.elsindical.com.ar\/notas\/wp-json\/wp\/v2\/tags?post=122785"}],"curies":[{"name":"wp","href":"https:\/\/api.w.org\/{rel}","templated":true}]}}