{"id":122714,"date":"2023-05-23T00:13:10","date_gmt":"2023-05-23T03:13:10","guid":{"rendered":"https:\/\/www.elsindical.com.ar\/notas\/?p=122714"},"modified":"2023-05-23T00:13:11","modified_gmt":"2023-05-23T03:13:11","slug":"florencio-varela-senalizacion-por-un-caso-de-violencia-institucional","status":"publish","type":"post","link":"https:\/\/www.elsindical.com.ar\/notas\/florencio-varela-senalizacion-por-un-caso-de-violencia-institucional\/","title":{"rendered":"Florencio Varela: Se\u00f1alizaci\u00f3n por un caso de violencia institucional"},"content":{"rendered":"\n<figure class=\"wp-block-image size-large\"><a href=\"https:\/\/www.elsindical.com.ar\/notas\/var\/www\/html\/notas\/wp-content\/uploads\/2023\/05\/Parte-4.jpeg\"><img loading=\"lazy\" decoding=\"async\" width=\"1024\" height=\"682\" src=\"https:\/\/www.elsindical.com.ar\/notas\/var\/www\/html\/notas\/wp-content\/uploads\/2023\/05\/Parte-4-1024x682.jpeg\" alt=\"\" class=\"wp-image-122715\" srcset=\"https:\/\/www.elsindical.com.ar\/notas\/var\/www\/html\/notas\/wp-content\/uploads\/2023\/05\/Parte-4-1024x682.jpeg 1024w, https:\/\/www.elsindical.com.ar\/notas\/var\/www\/html\/notas\/wp-content\/uploads\/2023\/05\/Parte-4-300x200.jpeg 300w, https:\/\/www.elsindical.com.ar\/notas\/var\/www\/html\/notas\/wp-content\/uploads\/2023\/05\/Parte-4-768x512.jpeg 768w, https:\/\/www.elsindical.com.ar\/notas\/var\/www\/html\/notas\/wp-content\/uploads\/2023\/05\/Parte-4-450x300.jpeg 450w, https:\/\/www.elsindical.com.ar\/notas\/var\/www\/html\/notas\/wp-content\/uploads\/2023\/05\/Parte-4.jpeg 1280w\" sizes=\"auto, (max-width: 1024px) 100vw, 1024px\" \/><\/a><\/figure>\n\n\n\n<p><em>Se descubri\u00f3 un cartel en memoria de Andrea Viera, torturada y asesinada en 2002 por agentes de la polic\u00eda de la provincia de Buenos Aires<\/em>.<\/p>\n\n\n\n<p>En un acto organizado por la Secretar\u00eda de Derechos Humanos de la Naci\u00f3n, en conjunto con la Subsecretar\u00eda de la provincia de Buenos Aires, y el municipio de Florencio Varela, se realiz\u00f3 esta tarde la se\u00f1alizaci\u00f3n de la Comisar\u00eda 1\u00b0 de esa localidad, donde hace 21 a\u00f1os era torturada Andrea Viera, quien d\u00edas despu\u00e9s fallecer\u00eda producto de los golpes recibidos.<\/p>\n\n\n\n<p>El homenaje estuvo encabezado por el director nacional de Pol\u00edticas contra la Violencia Institucional de la Secretar\u00eda, Mariano Przybylski; el subsecretario de Derechos Humanos de la Provincia de Buenos Aires, Mat\u00edas Moreno, y el intendente del municipio, Andr\u00e9s Watson.<\/p>\n\n\n\n<p>Participaron de la ceremonia familiares, compa\u00f1eros, compa\u00f1eras, amigos y amigas de Andrea; acompa\u00f1ando a su hermana, Eugenia V\u00e1zquez, quien ha sostenido el reclamo por justicia por m\u00e1s de 20 a\u00f1os.<\/p>\n\n\n\n<p>Luego de las palabras alusivas, los familiares y las autoridades presentes descubrieron el cartel por Memoria, Verdad y Justicia que quedar\u00e1 emplazado frente a la Comisar\u00eda, para dejar un testimonio de lo all\u00ed sucedido y crear conciencia acerca de las graves consecuencias de la violencia institucional.<\/p>\n\n\n\n<p>La se\u00f1alizaci\u00f3n forma parte de la campa\u00f1a que lleva adelante la Secretar\u00eda en todo el pa\u00eds para recordar a las v\u00edctimas y brindar una clara se\u00f1al de repudio desde el Estado a los cr\u00edmenes cometidos por las fuerzas de seguridad, para que hechos como estos no ocurran nunca m\u00e1s.<\/p>\n\n\n\n<p>Entre las autoridades presentes en el homenaje estuvieron adem\u00e1s el director de Pol\u00edticas contra la Violencia Institucional de la provincia de Buenos Aires, Ignacio \u00c1lvarez; el director de Derechos Humanos de Florencio Varela, Guillermo \u00abCuco\u00bb \u00d1\u00e1\u00f1ez; y la subsecretaria de Asistencia a las V\u00edctimas de la Procuraci\u00f3n General de la Provincia de Buenos Aires, Sandra Furio.<\/p>\n\n\n\n<p><strong>El caso<\/strong><\/p>\n\n\n\n<p>El 10 de mayo de 2002 Andrea Viera, de 25 a\u00f1os, y su pareja, Gustavo Cardozo, salieron de su casa en el Barrio Ingeniero Allan de Florencio Varela para visitar a un familiar. Andrea estaba embarazada, y en el camino tuvieron que bajarse del colectivo porque estaba descompuesta. Se sentaron en el umbral de una casa, cuando un grupo de polic\u00edas de la provincia de Buenos Aires apareci\u00f3 de repente y detuvo a Andrea, tras acusarla de haber disparado contra un efectivo durante un tiroteo en el que muri\u00f3 un joven.<\/p>\n\n\n\n<p>Andrea fue trasladada a la Comisar\u00eda 1\u00b0 de Florencio Varela, donde los polic\u00edas la torturaron hasta dejarla inconsciente. Luego llamaron a una ambulancia que traslad\u00f3 a la joven al hospital \u00abMi Pueblo\u00bb, donde muri\u00f3 doce d\u00edas m\u00e1s tarde.<\/p>\n\n\n\n<p>Eugenia V\u00e1zquez, hermana de Andrea, empez\u00f3 la lucha por Verdad y Justicia apenas ocurrido el hecho. Gracias a su compromiso, al de toda la familia y del pueblo de Florencio Varela, finalmente llegaron las condenas a los responsables, luego de un largo camino judicial.<\/p>\n\n\n\n<p>Por el homicidio de Andrea, los polic\u00edas Marta Jorgelina Oviedo y Marcelo Miguel Aquino fueron condenados a prisi\u00f3n perpetua.<\/p>\n\n\n\n<figure class=\"wp-block-gallery has-nested-images columns-1 is-cropped wp-block-gallery-1 is-layout-flex wp-block-gallery-is-layout-flex\">\n<figure class=\"wp-block-image size-large\"><a href=\"https:\/\/www.elsindical.com.ar\/notas\/var\/www\/html\/notas\/wp-content\/uploads\/2023\/05\/Parte-3.jpeg\"><img loading=\"lazy\" decoding=\"async\" width=\"1024\" height=\"682\" data-id=\"122716\" src=\"https:\/\/www.elsindical.com.ar\/notas\/var\/www\/html\/notas\/wp-content\/uploads\/2023\/05\/Parte-3-1024x682.jpeg\" alt=\"\" class=\"wp-image-122716\" srcset=\"https:\/\/www.elsindical.com.ar\/notas\/var\/www\/html\/notas\/wp-content\/uploads\/2023\/05\/Parte-3-1024x682.jpeg 1024w, https:\/\/www.elsindical.com.ar\/notas\/var\/www\/html\/notas\/wp-content\/uploads\/2023\/05\/Parte-3-300x200.jpeg 300w, https:\/\/www.elsindical.com.ar\/notas\/var\/www\/html\/notas\/wp-content\/uploads\/2023\/05\/Parte-3-768x512.jpeg 768w, https:\/\/www.elsindical.com.ar\/notas\/var\/www\/html\/notas\/wp-content\/uploads\/2023\/05\/Parte-3-450x300.jpeg 450w, https:\/\/www.elsindical.com.ar\/notas\/var\/www\/html\/notas\/wp-content\/uploads\/2023\/05\/Parte-3.jpeg 1280w\" sizes=\"auto, (max-width: 1024px) 100vw, 1024px\" \/><\/a><\/figure>\n\n\n\n<figure class=\"wp-block-image size-large\"><a href=\"https:\/\/www.elsindical.com.ar\/notas\/var\/www\/html\/notas\/wp-content\/uploads\/2023\/05\/Parte-5.jpeg\"><img loading=\"lazy\" decoding=\"async\" width=\"1024\" height=\"682\" data-id=\"122717\" src=\"https:\/\/www.elsindical.com.ar\/notas\/var\/www\/html\/notas\/wp-content\/uploads\/2023\/05\/Parte-5-1024x682.jpeg\" alt=\"\" class=\"wp-image-122717\" srcset=\"https:\/\/www.elsindical.com.ar\/notas\/var\/www\/html\/notas\/wp-content\/uploads\/2023\/05\/Parte-5-1024x682.jpeg 1024w, https:\/\/www.elsindical.com.ar\/notas\/var\/www\/html\/notas\/wp-content\/uploads\/2023\/05\/Parte-5-300x200.jpeg 300w, https:\/\/www.elsindical.com.ar\/notas\/var\/www\/html\/notas\/wp-content\/uploads\/2023\/05\/Parte-5-768x512.jpeg 768w, https:\/\/www.elsindical.com.ar\/notas\/var\/www\/html\/notas\/wp-content\/uploads\/2023\/05\/Parte-5-450x300.jpeg 450w, https:\/\/www.elsindical.com.ar\/notas\/var\/www\/html\/notas\/wp-content\/uploads\/2023\/05\/Parte-5.jpeg 1280w\" sizes=\"auto, (max-width: 1024px) 100vw, 1024px\" \/><\/a><\/figure>\n<\/figure>\n","protected":false},"excerpt":{"rendered":"<p>Se descubri\u00f3 un cartel en memoria de Andrea Viera, torturada y asesinada en 2002 por agentes de la polic\u00eda de la provincia de Buenos Aires. En un acto organizado por la Secretar\u00eda de Derechos Humanos de la Naci\u00f3n, en conjunto con la Subsecretar\u00eda de la provincia de Buenos Aires, y el municipio de Florencio Varela,&hellip;<\/p>\n","protected":false},"author":1,"featured_media":122715,"comment_status":"open","ping_status":"open","sticky":false,"template":"","format":"standard","meta":{"footnotes":""},"categories":[8],"tags":[40263,40264,1765,2450,1307,18951,16037],"class_list":["post-122714","post","type-post","status-publish","format-standard","has-post-thumbnail","hentry","category-derechos-humanos","tag-andreaviera","tag-comisaria-1ra-florencio-varela","tag-ddhh","tag-diario-el-sindical","tag-florencio-varela","tag-ingeniero-allan","tag-violencia-institucional"],"_links":{"self":[{"href":"https:\/\/www.elsindical.com.ar\/notas\/wp-json\/wp\/v2\/posts\/122714","targetHints":{"allow":["GET"]}}],"collection":[{"href":"https:\/\/www.elsindical.com.ar\/notas\/wp-json\/wp\/v2\/posts"}],"about":[{"href":"https:\/\/www.elsindical.com.ar\/notas\/wp-json\/wp\/v2\/types\/post"}],"author":[{"embeddable":true,"href":"https:\/\/www.elsindical.com.ar\/notas\/wp-json\/wp\/v2\/users\/1"}],"replies":[{"embeddable":true,"href":"https:\/\/www.elsindical.com.ar\/notas\/wp-json\/wp\/v2\/comments?post=122714"}],"version-history":[{"count":1,"href":"https:\/\/www.elsindical.com.ar\/notas\/wp-json\/wp\/v2\/posts\/122714\/revisions"}],"predecessor-version":[{"id":122718,"href":"https:\/\/www.elsindical.com.ar\/notas\/wp-json\/wp\/v2\/posts\/122714\/revisions\/122718"}],"wp:featuredmedia":[{"embeddable":true,"href":"https:\/\/www.elsindical.com.ar\/notas\/wp-json\/wp\/v2\/media\/122715"}],"wp:attachment":[{"href":"https:\/\/www.elsindical.com.ar\/notas\/wp-json\/wp\/v2\/media?parent=122714"}],"wp:term":[{"taxonomy":"category","embeddable":true,"href":"https:\/\/www.elsindical.com.ar\/notas\/wp-json\/wp\/v2\/categories?post=122714"},{"taxonomy":"post_tag","embeddable":true,"href":"https:\/\/www.elsindical.com.ar\/notas\/wp-json\/wp\/v2\/tags?post=122714"}],"curies":[{"name":"wp","href":"https:\/\/api.w.org\/{rel}","templated":true}]}}