{"id":122709,"date":"2023-05-22T16:04:46","date_gmt":"2023-05-22T19:04:46","guid":{"rendered":"https:\/\/www.elsindical.com.ar\/notas\/?p=122709"},"modified":"2023-05-22T16:04:47","modified_gmt":"2023-05-22T19:04:47","slug":"familias-de-guernica-realizaran-una-movilizacion-hacia-el-municipio-de-presidente-peron","status":"publish","type":"post","link":"https:\/\/www.elsindical.com.ar\/notas\/familias-de-guernica-realizaran-una-movilizacion-hacia-el-municipio-de-presidente-peron\/","title":{"rendered":"Familias de Guernica realizar\u00e1n una movilizaci\u00f3n hacia el municipio de Presidente Per\u00f3n."},"content":{"rendered":"<div class=\"wp-block-image\">\n<figure class=\"aligncenter size-large\"><a href=\"https:\/\/www.elsindical.com.ar\/notas\/var\/www\/html\/notas\/wp-content\/uploads\/2023\/05\/movilizacion-Guernica.jpeg\"><img loading=\"lazy\" decoding=\"async\" width=\"724\" height=\"1024\" src=\"https:\/\/www.elsindical.com.ar\/notas\/var\/www\/html\/notas\/wp-content\/uploads\/2023\/05\/movilizacion-Guernica-724x1024.jpeg\" alt=\"\" class=\"wp-image-122710\" srcset=\"https:\/\/www.elsindical.com.ar\/notas\/var\/www\/html\/notas\/wp-content\/uploads\/2023\/05\/movilizacion-Guernica-724x1024.jpeg 724w, https:\/\/www.elsindical.com.ar\/notas\/var\/www\/html\/notas\/wp-content\/uploads\/2023\/05\/movilizacion-Guernica-212x300.jpeg 212w, https:\/\/www.elsindical.com.ar\/notas\/var\/www\/html\/notas\/wp-content\/uploads\/2023\/05\/movilizacion-Guernica-768x1086.jpeg 768w, https:\/\/www.elsindical.com.ar\/notas\/var\/www\/html\/notas\/wp-content\/uploads\/2023\/05\/movilizacion-Guernica-1086x1536.jpeg 1086w, https:\/\/www.elsindical.com.ar\/notas\/var\/www\/html\/notas\/wp-content\/uploads\/2023\/05\/movilizacion-Guernica.jpeg 1131w\" sizes=\"auto, (max-width: 724px) 100vw, 724px\" \/><\/a><\/figure>\n<\/div>\n\n\n<p>El d\u00eda 4 de mayo una vez m\u00e1s se realiz\u00f3 en el Ministerio de Desarrollo de la Comunidad de La Plata un acto p\u00fablico donde el gobierno provincial de Axel Kicillof, el gobierno municipal encabezado por Blanca Cantero, el ministro Andr\u00e9s Larroque y la ministra Cristina Rodr\u00edguez, se comprometieron firmando un acta compromiso de vivienda para 498 vecines que fueron desalojades por la fuerza represiva del Estado encabezada por Sergio Berni en el 2020.<br><br>La firma de las actas de preadjudicaci\u00f3n para cada familia deb\u00eda realizarse los d\u00edas 6 y 7 de Mayo, y eso no sucedi\u00f3. Los funcionarios involucrados dieron una nueva fecha de firma y tampoco la cumplieron.<br><br>Tampoco nos enviaron los pliegos de las licitaciones de las obras (donde detallan datos de inicio y finalizaci\u00f3n de la obra, que estar\u00e1 atada a la entrega de la totalidad de las viviendas) que se hab\u00edan comprometido enviar en los d\u00edas siguientes al 4 de Mayo.<br><br>Mientras los funcionarios antes mencionados salen a decir en los medios de comunicaci\u00f3n que est\u00e1n dando soluci\u00f3n al problema habitacional que sufrimos las mujeres y familias de Guernica, la realidad es que a m\u00e1s de 2 a\u00f1os de la violenta represi\u00f3n seguimos sin ninguna respuesta concreta.<br>Esta situaci\u00f3n se da en el marco de un ajuste muy duro que viene llevando adelante el gobierno del Frente de Todos, con el acuerdo de Juntos por el Cambio y Milei. Dicho ajuste al pueblo trabajador es para pagar la deuda fraudulenta que contrajo el gobierno de Macri con el FMI.<br><br>Mientras la inflaci\u00f3n se come nuestros pocos ingresos, y pagar un alquiler se vuelve insostenible, volvemos a salir a las calles para exigir que cumplan con los compromisos asumidos.<br><br>Por eso desde la Recuperaci\u00f3n de Tierra de Guernica y la Asamblea Permanente nos mantenemos en estado de alerta y movilizaci\u00f3n hasta lograr respuestas y convocamos el pr\u00f3ximo Martes 23 de mayo a las 10 am en el Barrio San mart\u00edn &#8211; Islas Malvinas y Juan De Dios a movilizarnos hacia el municipio de Presidente Per\u00f3n.<br><br>Invitamos a las organizaciones sociales y a todes los que se solidaricen con nosotres y que acompa\u00f1an nuestra lucha.<br><br>En Guernica la lucha por la vivienda contin\u00faa.<\/p>\n","protected":false},"excerpt":{"rendered":"<p>El d\u00eda 4 de mayo una vez m\u00e1s se realiz\u00f3 en el Ministerio de Desarrollo de la Comunidad de La Plata un acto p\u00fablico donde el gobierno provincial de Axel Kicillof, el gobierno municipal encabezado por Blanca Cantero, el ministro Andr\u00e9s Larroque y la ministra Cristina Rodr\u00edguez, se comprometieron firmando un acta compromiso de vivienda&hellip;<\/p>\n","protected":false},"author":1,"featured_media":122710,"comment_status":"open","ping_status":"open","sticky":false,"template":"","format":"standard","meta":{"footnotes":""},"categories":[25],"tags":[13798,2450,3850,239,156,2705],"class_list":["post-122709","post","type-post","status-publish","format-standard","has-post-thumbnail","hentry","category-sociedad","tag-axel-kicillof","tag-diario-el-sindical","tag-guernica","tag-la-plata","tag-marcha","tag-viviendas"],"_links":{"self":[{"href":"https:\/\/www.elsindical.com.ar\/notas\/wp-json\/wp\/v2\/posts\/122709","targetHints":{"allow":["GET"]}}],"collection":[{"href":"https:\/\/www.elsindical.com.ar\/notas\/wp-json\/wp\/v2\/posts"}],"about":[{"href":"https:\/\/www.elsindical.com.ar\/notas\/wp-json\/wp\/v2\/types\/post"}],"author":[{"embeddable":true,"href":"https:\/\/www.elsindical.com.ar\/notas\/wp-json\/wp\/v2\/users\/1"}],"replies":[{"embeddable":true,"href":"https:\/\/www.elsindical.com.ar\/notas\/wp-json\/wp\/v2\/comments?post=122709"}],"version-history":[{"count":1,"href":"https:\/\/www.elsindical.com.ar\/notas\/wp-json\/wp\/v2\/posts\/122709\/revisions"}],"predecessor-version":[{"id":122711,"href":"https:\/\/www.elsindical.com.ar\/notas\/wp-json\/wp\/v2\/posts\/122709\/revisions\/122711"}],"wp:featuredmedia":[{"embeddable":true,"href":"https:\/\/www.elsindical.com.ar\/notas\/wp-json\/wp\/v2\/media\/122710"}],"wp:attachment":[{"href":"https:\/\/www.elsindical.com.ar\/notas\/wp-json\/wp\/v2\/media?parent=122709"}],"wp:term":[{"taxonomy":"category","embeddable":true,"href":"https:\/\/www.elsindical.com.ar\/notas\/wp-json\/wp\/v2\/categories?post=122709"},{"taxonomy":"post_tag","embeddable":true,"href":"https:\/\/www.elsindical.com.ar\/notas\/wp-json\/wp\/v2\/tags?post=122709"}],"curies":[{"name":"wp","href":"https:\/\/api.w.org\/{rel}","templated":true}]}}