{"id":122696,"date":"2023-05-22T00:24:57","date_gmt":"2023-05-22T03:24:57","guid":{"rendered":"https:\/\/www.elsindical.com.ar\/notas\/?p=122696"},"modified":"2023-05-22T00:24:58","modified_gmt":"2023-05-22T03:24:58","slug":"avellaneda-un-degollado-en-una-sangrienta-pelea-callejera","status":"publish","type":"post","link":"https:\/\/www.elsindical.com.ar\/notas\/avellaneda-un-degollado-en-una-sangrienta-pelea-callejera\/","title":{"rendered":"Avellaneda: Un degollado en una sangrienta pelea callejera"},"content":{"rendered":"\n<figure class=\"wp-block-image size-full\"><a href=\"https:\/\/www.elsindical.com.ar\/notas\/var\/www\/html\/notas\/wp-content\/uploads\/2023\/05\/degollado-en-Dock-Sud.jpg\"><img loading=\"lazy\" decoding=\"async\" width=\"1010\" height=\"568\" src=\"https:\/\/www.elsindical.com.ar\/notas\/var\/www\/html\/notas\/wp-content\/uploads\/2023\/05\/degollado-en-Dock-Sud.jpg\" alt=\"\" class=\"wp-image-122697\" srcset=\"https:\/\/www.elsindical.com.ar\/notas\/var\/www\/html\/notas\/wp-content\/uploads\/2023\/05\/degollado-en-Dock-Sud.jpg 1010w, https:\/\/www.elsindical.com.ar\/notas\/var\/www\/html\/notas\/wp-content\/uploads\/2023\/05\/degollado-en-Dock-Sud-300x169.jpg 300w, https:\/\/www.elsindical.com.ar\/notas\/var\/www\/html\/notas\/wp-content\/uploads\/2023\/05\/degollado-en-Dock-Sud-768x432.jpg 768w, https:\/\/www.elsindical.com.ar\/notas\/var\/www\/html\/notas\/wp-content\/uploads\/2023\/05\/degollado-en-Dock-Sud-500x281.jpg 500w, https:\/\/www.elsindical.com.ar\/notas\/var\/www\/html\/notas\/wp-content\/uploads\/2023\/05\/degollado-en-Dock-Sud-460x260.jpg 460w\" sizes=\"auto, (max-width: 1010px) 100vw, 1010px\" \/><\/a><\/figure>\n\n\n\n<p class=\"wp-block-paragraph\">Un hombre fue <strong>degollado durante una pelea callejera <\/strong>que, seg\u00fan los investigadores, se debi\u00f3 a un conflicto barrial pues ya descartaron de plano que se hay tratado de intento de asalto en la v\u00eda p\u00fablica en el linde entre <strong>Villa Tranquila y Dock Sud, partido de Avellaneda<\/strong>.<\/p>\n\n\n\n<p class=\"wp-block-paragraph\">Desde la causa informaron que el hombre asesinado este s\u00e1bado fue identificado como Ismael Barrios y que el hecho se produjo en <strong>Combatientes de Malvinas e Irala, en uno de los accesos a un complejo habitacional, <\/strong>donde, en forma repentina, el homicida atac\u00f3 a cuchilladas a su adversario y para luego escapar por las calles del complejo.<\/p>\n\n\n\n<p class=\"wp-block-paragraph\">Malherido, Barrios fue auxiliado por sus familiares, quienes lo trasladaron de urgencia al <strong>Hospital Interzonal General de Agudos Doctor Pedro Fiorito<\/strong>, dobde habr\u00eda llegado sin vida.<\/p>\n\n\n\n<p class=\"wp-block-paragraph\">Peritos de la Polic\u00eda Cient\u00edfica establecieron que <strong>recibi\u00f3 una herida de arma blanca en la regi\u00f3n del cuello <\/strong>lo que es consistente con el cuchillo con manchas de sangre que fue requisado de la escena del crimen.<\/p>\n\n\n\n<p class=\"wp-block-paragraph\">Por su parte, los investigadores de la comisar\u00eda de Dock Sud descartaron una tentativa de robo en esta causa que fue caratulada como Homicidio, por la <strong>Unidad Funcional 3 del Polo Judicial de Avellaneda \u2013 Lan\u00fas.<\/strong><\/p>\n","protected":false},"excerpt":{"rendered":"<p>Un hombre fue degollado durante una pelea callejera que, seg\u00fan los investigadores, se debi\u00f3 a un conflicto barrial pues ya descartaron de plano que se hay tratado de intento de asalto en la v\u00eda p\u00fablica en el linde entre Villa Tranquila y Dock Sud, partido de Avellaneda. Desde la causa informaron que el hombre asesinado&hellip;<\/p>\n","protected":false},"author":1,"featured_media":122697,"comment_status":"open","ping_status":"open","sticky":false,"template":"","format":"standard","meta":{"footnotes":""},"categories":[22],"tags":[461,13784,2450,3028,984,1796],"class_list":["post-122696","post","type-post","status-publish","format-standard","has-post-thumbnail","hentry","category-policiales","tag-avellaneda","tag-degollado","tag-diario-el-sindical","tag-dock-sud","tag-inseguridad","tag-villa-tranquila"],"_links":{"self":[{"href":"https:\/\/www.elsindical.com.ar\/notas\/wp-json\/wp\/v2\/posts\/122696","targetHints":{"allow":["GET"]}}],"collection":[{"href":"https:\/\/www.elsindical.com.ar\/notas\/wp-json\/wp\/v2\/posts"}],"about":[{"href":"https:\/\/www.elsindical.com.ar\/notas\/wp-json\/wp\/v2\/types\/post"}],"author":[{"embeddable":true,"href":"https:\/\/www.elsindical.com.ar\/notas\/wp-json\/wp\/v2\/users\/1"}],"replies":[{"embeddable":true,"href":"https:\/\/www.elsindical.com.ar\/notas\/wp-json\/wp\/v2\/comments?post=122696"}],"version-history":[{"count":1,"href":"https:\/\/www.elsindical.com.ar\/notas\/wp-json\/wp\/v2\/posts\/122696\/revisions"}],"predecessor-version":[{"id":122698,"href":"https:\/\/www.elsindical.com.ar\/notas\/wp-json\/wp\/v2\/posts\/122696\/revisions\/122698"}],"wp:featuredmedia":[{"embeddable":true,"href":"https:\/\/www.elsindical.com.ar\/notas\/wp-json\/wp\/v2\/media\/122697"}],"wp:attachment":[{"href":"https:\/\/www.elsindical.com.ar\/notas\/wp-json\/wp\/v2\/media?parent=122696"}],"wp:term":[{"taxonomy":"category","embeddable":true,"href":"https:\/\/www.elsindical.com.ar\/notas\/wp-json\/wp\/v2\/categories?post=122696"},{"taxonomy":"post_tag","embeddable":true,"href":"https:\/\/www.elsindical.com.ar\/notas\/wp-json\/wp\/v2\/tags?post=122696"}],"curies":[{"name":"wp","href":"https:\/\/api.w.org\/{rel}","templated":true}]}}