{"id":122692,"date":"2023-05-22T00:12:41","date_gmt":"2023-05-22T03:12:41","guid":{"rendered":"https:\/\/www.elsindical.com.ar\/notas\/?p=122692"},"modified":"2023-05-22T00:12:42","modified_gmt":"2023-05-22T03:12:42","slug":"avellaneda-machado-se-bajo-de-la-candidatura-y-apoyara-a-vinagre","status":"publish","type":"post","link":"https:\/\/www.elsindical.com.ar\/notas\/avellaneda-machado-se-bajo-de-la-candidatura-y-apoyara-a-vinagre\/","title":{"rendered":"Avellaneda: Machado se baj\u00f3 de la candidatura y apoyar\u00e1 a Vinagre"},"content":{"rendered":"<div class=\"wp-block-image\">\n<figure class=\"aligncenter size-full\"><a href=\"https:\/\/www.elsindical.com.ar\/notas\/var\/www\/html\/notas\/wp-content\/uploads\/2023\/05\/Orlando-Machado-oficina-SECLA.jpg\"><img loading=\"lazy\" decoding=\"async\" width=\"704\" height=\"440\" src=\"https:\/\/www.elsindical.com.ar\/notas\/var\/www\/html\/notas\/wp-content\/uploads\/2023\/05\/Orlando-Machado-oficina-SECLA.jpg\" alt=\"\" class=\"wp-image-122693\" srcset=\"https:\/\/www.elsindical.com.ar\/notas\/var\/www\/html\/notas\/wp-content\/uploads\/2023\/05\/Orlando-Machado-oficina-SECLA.jpg 704w, https:\/\/www.elsindical.com.ar\/notas\/var\/www\/html\/notas\/wp-content\/uploads\/2023\/05\/Orlando-Machado-oficina-SECLA-300x188.jpg 300w, https:\/\/www.elsindical.com.ar\/notas\/var\/www\/html\/notas\/wp-content\/uploads\/2023\/05\/Orlando-Machado-oficina-SECLA-480x300.jpg 480w\" sizes=\"auto, (max-width: 704px) 100vw, 704px\" \/><\/a><\/figure>\n<\/div>\n\n\n<p class=\"wp-block-paragraph\">En sinton\u00eda con los \u00faltimos anuncios del PRO y con la intenci\u00f3n de achicar las internas del espacio, el concejal por Juntos en Avellaneda y secretario general del Sindicato de Empleados de&nbsp;Comercio&nbsp;de Lan\u00fas y Avellaneda (SECLA)<strong>, Pedro Orlando Machado,<\/strong> inform\u00f3 su retirada de la contienda electoral por la intendencia del Municipio y anunci\u00f3 que apoyar\u00e1 la candidatura de su colega y presidente del PRO de Avellaneda, <strong>Sebasti\u00e1n Vinagre.<\/strong><\/p>\n\n\n\n<p class=\"wp-block-paragraph\"><strong>Para Machado la decisi\u00f3n no fue dif\u00edcil, sino que fue \u201cnecesaria\u201d en el marco de una situaci\u00f3n electoral \u201cconfusa\u201d y a la que \u201cle falta unificar criterios\u201d, defini\u00f3 el concejal.<\/strong><\/p>\n\n\n\n<p class=\"wp-block-paragraph\">El anuncio de Machado vino de la mano de un comunicado del PRO en el cual los precandidatos a presidentes del espacio (Horacio Rodriguez Larreta y Patricia Bullrich) definieron que la Ciudad de Buenos Aires no habr\u00e1 PASO y que en provincia ambos espacios tendr\u00e1n un solo candidato en las elecciones.<\/p>\n\n\n\n<p class=\"wp-block-paragraph\">\u201cCreo que tenemos que unificar un criterio y salir con menos candidatos ya a esta altura del partido. Ya se confirm\u00f3 lo nacional, lo que resta definir ahora es qui\u00e9nes van a estar en provincia <strong>para que nos ocupemos y que pongamos todas las neuronas en armar planes para resolver los problemas de la gente\u201d,<\/strong> apunt\u00f3 y exigi\u00f3 Machado.<\/p>\n\n\n\n<p class=\"wp-block-paragraph\">El concejal y dirigente de SECLA sostuvo que su decisi\u00f3n de apoyar a Vinagre va de la mano con los a\u00f1os de trayectoria del presidente del PRO de Avellaneda que \u201cacompa\u00f1a a Patricia Bullrich desde hace mucho tiempo\u201d y al cual consider\u00f3 \u201cun excelente precandidato\u201d.<\/p>\n\n\n\n<p class=\"wp-block-paragraph\"><strong>\u201cTenemos los mejores candidatos, el mejor equipo, gente de Avellaneda que va a estar a la altura de las circunstancias como para gestionar una Avellaneda para todos si es que la gente nos respalda con su voto\u201d, subray\u00f3 Machado.<\/strong><\/p>\n\n\n\n<p class=\"wp-block-paragraph\">En cuanto a la situaci\u00f3n en el Municipio, Machado asegur\u00f3 que \u201chay un hartazgo generalizado de la gente con la gobernaci\u00f3n actual\u201d y conf\u00edo en que \u201ceso es lo que dar\u00e1 la posibilidad a Juntos de gobernar el distrito\u201d.<\/p>\n\n\n\n<p class=\"wp-block-paragraph\">\u201cLa gente est\u00e1 cansada de lo mismo y nosotros fundamentalmente queremos recuperar la cultura del trabajo. Me parece que hay que hablar mucho con las Pymes, ver qu\u00e9 necesitan, tratar de fomentar la toma de nuevos trabajadores y por supuesto trabajar en los ejes que tambi\u00e9n ata\u00f1en a provincia y Naci\u00f3n que son la inseguridad y la inflaci\u00f3n\u201d, apunt\u00f3 Machado.<\/p>\n","protected":false},"excerpt":{"rendered":"<p>En sinton\u00eda con los \u00faltimos anuncios del PRO y con la intenci\u00f3n de achicar las internas del espacio, el concejal por Juntos en Avellaneda y secretario general del Sindicato de Empleados de&nbsp;Comercio&nbsp;de Lan\u00fas y Avellaneda (SECLA), Pedro Orlando Machado, inform\u00f3 su retirada de la contienda electoral por la intendencia del Municipio y anunci\u00f3 que apoyar\u00e1&hellip;<\/p>\n","protected":false},"author":1,"featured_media":122693,"comment_status":"open","ping_status":"open","sticky":false,"template":"","format":"standard","meta":{"footnotes":""},"categories":[13],"tags":[2450,18420,1241,328,459,13091],"class_list":["post-122692","post","type-post","status-publish","format-standard","has-post-thumbnail","hentry","category-politica","tag-diario-el-sindical","tag-orlando-machado","tag-patricia-bullrich","tag-pro","tag-sebastian-vinagre","tag-secla"],"_links":{"self":[{"href":"https:\/\/www.elsindical.com.ar\/notas\/wp-json\/wp\/v2\/posts\/122692","targetHints":{"allow":["GET"]}}],"collection":[{"href":"https:\/\/www.elsindical.com.ar\/notas\/wp-json\/wp\/v2\/posts"}],"about":[{"href":"https:\/\/www.elsindical.com.ar\/notas\/wp-json\/wp\/v2\/types\/post"}],"author":[{"embeddable":true,"href":"https:\/\/www.elsindical.com.ar\/notas\/wp-json\/wp\/v2\/users\/1"}],"replies":[{"embeddable":true,"href":"https:\/\/www.elsindical.com.ar\/notas\/wp-json\/wp\/v2\/comments?post=122692"}],"version-history":[{"count":1,"href":"https:\/\/www.elsindical.com.ar\/notas\/wp-json\/wp\/v2\/posts\/122692\/revisions"}],"predecessor-version":[{"id":122694,"href":"https:\/\/www.elsindical.com.ar\/notas\/wp-json\/wp\/v2\/posts\/122692\/revisions\/122694"}],"wp:featuredmedia":[{"embeddable":true,"href":"https:\/\/www.elsindical.com.ar\/notas\/wp-json\/wp\/v2\/media\/122693"}],"wp:attachment":[{"href":"https:\/\/www.elsindical.com.ar\/notas\/wp-json\/wp\/v2\/media?parent=122692"}],"wp:term":[{"taxonomy":"category","embeddable":true,"href":"https:\/\/www.elsindical.com.ar\/notas\/wp-json\/wp\/v2\/categories?post=122692"},{"taxonomy":"post_tag","embeddable":true,"href":"https:\/\/www.elsindical.com.ar\/notas\/wp-json\/wp\/v2\/tags?post=122692"}],"curies":[{"name":"wp","href":"https:\/\/api.w.org\/{rel}","templated":true}]}}