{"id":122656,"date":"2023-05-20T00:05:25","date_gmt":"2023-05-20T03:05:25","guid":{"rendered":"https:\/\/www.elsindical.com.ar\/notas\/?p=122656"},"modified":"2023-05-20T00:08:33","modified_gmt":"2023-05-20T03:08:33","slug":"el-gobierno-de-la-ciudad-desaparecen-una-plaza-y-un-paseo-publico-en-el-parque-3-de-febrero","status":"publish","type":"post","link":"https:\/\/www.elsindical.com.ar\/notas\/el-gobierno-de-la-ciudad-desaparecen-una-plaza-y-un-paseo-publico-en-el-parque-3-de-febrero\/","title":{"rendered":"El Gobierno de la Ciudad desaparecen una plaza y un paseo p\u00fablico en el Parque 3 de Febrero"},"content":{"rendered":"\n<figure class=\"wp-block-image size-large\"><a href=\"https:\/\/www.elsindical.com.ar\/notas\/var\/www\/html\/notas\/wp-content\/uploads\/2023\/05\/Paseo-Marcela-Brenda-Iglesias-scaled.jpg\"><img loading=\"lazy\" decoding=\"async\" width=\"1024\" height=\"768\" src=\"https:\/\/www.elsindical.com.ar\/notas\/var\/www\/html\/notas\/wp-content\/uploads\/2023\/05\/Paseo-Marcela-Brenda-Iglesias-1024x768.jpg\" alt=\"\" class=\"wp-image-122657\" srcset=\"https:\/\/www.elsindical.com.ar\/notas\/var\/www\/html\/notas\/wp-content\/uploads\/2023\/05\/Paseo-Marcela-Brenda-Iglesias-1024x768.jpg 1024w, https:\/\/www.elsindical.com.ar\/notas\/var\/www\/html\/notas\/wp-content\/uploads\/2023\/05\/Paseo-Marcela-Brenda-Iglesias-300x225.jpg 300w, https:\/\/www.elsindical.com.ar\/notas\/var\/www\/html\/notas\/wp-content\/uploads\/2023\/05\/Paseo-Marcela-Brenda-Iglesias-768x576.jpg 768w, https:\/\/www.elsindical.com.ar\/notas\/var\/www\/html\/notas\/wp-content\/uploads\/2023\/05\/Paseo-Marcela-Brenda-Iglesias-400x300.jpg 400w, https:\/\/www.elsindical.com.ar\/notas\/var\/www\/html\/notas\/wp-content\/uploads\/2023\/05\/Paseo-Marcela-Brenda-Iglesias-1536x1152.jpg 1536w, https:\/\/www.elsindical.com.ar\/notas\/var\/www\/html\/notas\/wp-content\/uploads\/2023\/05\/Paseo-Marcela-Brenda-Iglesias-2048x1536.jpg 2048w\" sizes=\"auto, (max-width: 1024px) 100vw, 1024px\" \/><\/a><\/figure>\n\n\n\n<p><strong>Se trata de la Plaza Comte. Andr\u00e9s Guacurar\u00ed Artigas<\/strong> <strong>y el Paseo Marcela Brenda Iglesias<\/strong>.<\/p>\n\n\n\n<p>Desde hace tiempo y muchas denuncias mediante, el GCBA de Horacio Rodr\u00edguez Larreta -bajo responsabilidad directa de la Ministro de Espacio P\u00fablico Mar\u00eda Clara Muzio- ha concretado una operaci\u00f3n de \u00absustituci\u00f3n de identidad\u00bb entre el <em>\u00abPaseo Marcela Brenda Iglesias\u00bb<\/em> y la adyacente <em>\u00abPlaza Comandante Andr\u00e9s Guacurari Artigas\u00bb:<\/em> el espacio verde p\u00fablico de la Plaza luce carteles con el nombre del Paseo. Y sobre el Paseo, nada.<\/p>\n\n\n\n<p>Agravando esta situaci\u00f3n, tanto el Paseo como la Plaza han desaparecido literalmente bajo las mesas, sillas e instalaciones varias (muchas fijas) de los bares, restaurantes y boliches bailables ubicados bajo el viaducto ferroviario que, de esa forma, duplican o triplican su superficie a costa del espacio p\u00fablico, en un caso del Paseo y en otro, del espacio verde. La situaci\u00f3n de ocupaci\u00f3n ilegal del Paseo con estructuras fijas se repite del otro lado del viaducto ferroviario, sobre el sector adyacente a la Plaza de la Sho\u00e1.<\/p>\n\n\n\n<p><strong><a href=\"https:\/\/www.elsindical.com.ar\/notas\/var\/www\/html\/notas\/wp-content\/uploads\/2023\/05\/2023mayo16-PaseoMBI-PlazaCmte.AGA_.pdf\">(m\u00e1s fotograf\u00edas e informaci\u00f3n en el PDF adjunto)<\/a><\/strong><\/p>\n","protected":false},"excerpt":{"rendered":"<p>Se trata de la Plaza Comte. Andr\u00e9s Guacurar\u00ed Artigas y el Paseo Marcela Brenda Iglesias. Desde hace tiempo y muchas denuncias mediante, el GCBA de Horacio Rodr\u00edguez Larreta -bajo responsabilidad directa de la Ministro de Espacio P\u00fablico Mar\u00eda Clara Muzio- ha concretado una operaci\u00f3n de \u00absustituci\u00f3n de identidad\u00bb entre el \u00abPaseo Marcela Brenda Iglesias\u00bb y&hellip;<\/p>\n","protected":false},"author":1,"featured_media":122657,"comment_status":"open","ping_status":"open","sticky":false,"template":"","format":"standard","meta":{"footnotes":""},"categories":[6],"tags":[4284,2450,10432,40232,40234,40235,40233],"class_list":["post-122656","post","type-post","status-publish","format-standard","has-post-thumbnail","hentry","category-denuncias","tag-caba","tag-diario-el-sindical","tag-espacio-publico","tag-parque-3-de-febrero","tag-paseo-marcela-brenda-iglesias","tag-plaza-comandante-andres-guacurari-artigas","tag-plaza-comte"],"_links":{"self":[{"href":"https:\/\/www.elsindical.com.ar\/notas\/wp-json\/wp\/v2\/posts\/122656","targetHints":{"allow":["GET"]}}],"collection":[{"href":"https:\/\/www.elsindical.com.ar\/notas\/wp-json\/wp\/v2\/posts"}],"about":[{"href":"https:\/\/www.elsindical.com.ar\/notas\/wp-json\/wp\/v2\/types\/post"}],"author":[{"embeddable":true,"href":"https:\/\/www.elsindical.com.ar\/notas\/wp-json\/wp\/v2\/users\/1"}],"replies":[{"embeddable":true,"href":"https:\/\/www.elsindical.com.ar\/notas\/wp-json\/wp\/v2\/comments?post=122656"}],"version-history":[{"count":2,"href":"https:\/\/www.elsindical.com.ar\/notas\/wp-json\/wp\/v2\/posts\/122656\/revisions"}],"predecessor-version":[{"id":122660,"href":"https:\/\/www.elsindical.com.ar\/notas\/wp-json\/wp\/v2\/posts\/122656\/revisions\/122660"}],"wp:featuredmedia":[{"embeddable":true,"href":"https:\/\/www.elsindical.com.ar\/notas\/wp-json\/wp\/v2\/media\/122657"}],"wp:attachment":[{"href":"https:\/\/www.elsindical.com.ar\/notas\/wp-json\/wp\/v2\/media?parent=122656"}],"wp:term":[{"taxonomy":"category","embeddable":true,"href":"https:\/\/www.elsindical.com.ar\/notas\/wp-json\/wp\/v2\/categories?post=122656"},{"taxonomy":"post_tag","embeddable":true,"href":"https:\/\/www.elsindical.com.ar\/notas\/wp-json\/wp\/v2\/tags?post=122656"}],"curies":[{"name":"wp","href":"https:\/\/api.w.org\/{rel}","templated":true}]}}