{"id":122636,"date":"2023-05-18T14:58:35","date_gmt":"2023-05-18T17:58:35","guid":{"rendered":"https:\/\/www.elsindical.com.ar\/notas\/?p=122636"},"modified":"2023-05-18T14:58:36","modified_gmt":"2023-05-18T17:58:36","slug":"avellaneda-un-preso-le-ofrecio-15-mil-dolares-a-un-policia-para-poder-fugarse","status":"publish","type":"post","link":"https:\/\/www.elsindical.com.ar\/notas\/avellaneda-un-preso-le-ofrecio-15-mil-dolares-a-un-policia-para-poder-fugarse\/","title":{"rendered":"Avellaneda: un preso le ofreci\u00f3 15 mil d\u00f3lares a un polic\u00eda para poder fugarse"},"content":{"rendered":"<div class=\"wp-block-image\">\n<figure class=\"aligncenter size-full\"><a href=\"https:\/\/www.elsindical.com.ar\/notas\/var\/www\/html\/notas\/wp-content\/uploads\/2023\/05\/comisaria-3ra-Avellaneda.jpg\"><img loading=\"lazy\" decoding=\"async\" width=\"701\" height=\"415\" src=\"https:\/\/www.elsindical.com.ar\/notas\/var\/www\/html\/notas\/wp-content\/uploads\/2023\/05\/comisaria-3ra-Avellaneda.jpg\" alt=\"\" class=\"wp-image-122637\" srcset=\"https:\/\/www.elsindical.com.ar\/notas\/var\/www\/html\/notas\/wp-content\/uploads\/2023\/05\/comisaria-3ra-Avellaneda.jpg 701w, https:\/\/www.elsindical.com.ar\/notas\/var\/www\/html\/notas\/wp-content\/uploads\/2023\/05\/comisaria-3ra-Avellaneda-300x178.jpg 300w, https:\/\/www.elsindical.com.ar\/notas\/var\/www\/html\/notas\/wp-content\/uploads\/2023\/05\/comisaria-3ra-Avellaneda-500x296.jpg 500w\" sizes=\"auto, (max-width: 701px) 100vw, 701px\" \/><\/a><\/figure>\n<\/div>\n\n\n<p>\u00abHacemos un choque, yo me escapo y mis compa\u00f1eros le dan la plata\u00bb, fueron las palabras del acusado seg\u00fan las fuentes policiales.<\/p>\n\n\n\n<p>Un<strong> detenido por robos<\/strong> bajo la modalidad entradera en la localidad de Wilde, partido de Avellaneda, fue imputado en una <strong>nueva causa por intento de evasi\u00f3n<\/strong>, luego de que le ofreciera<strong> 15 mil d\u00f3lares <\/strong>a polic\u00edas para que le permitieran contactarse con c\u00f3mplices y simular un accidente de tr\u00e1nsito durante su traslado para poder escapar.<\/p>\n\n\n\n<p>El hecho ocurri\u00f3 ayer cerca de las 15.30 cuando se orden\u00f3 el trasladado del detenido Leonardo Oscar Ben\u00edtez desde la comisar\u00eda 3ra. de Dock Sud, en el partido de Avellaneda, donde se encontraba alojado, hacia el Hospital Fiorito, del mismo distrito del sur del conurbano bonaerense.<\/p>\n\n\n\n<p>Seg\u00fan las fuentes, Ben\u00edtez fue <strong>detenido el pasado 29 de marzo <\/strong>en Quilmes durante un operativo cerrojo realizado por la polic\u00eda luego de que, junto a un c\u00f3mplice y vestido de operario, intercept\u00f3 a un jubilado de 72 a\u00f1os en la puerta de su vivienda de Wilde y lo ingres\u00f3 a la fuerza al domicilio para robarle un Ford Escort.<\/p>\n\n\n\n<p>El mismo acusado era adem\u00e1s<strong> buscado por al menos otros dos hechos similares<\/strong> que tuvieron como v\u00edctimas a dos adultas mayores, una de ellas en silla de ruedas, en el partido de Lan\u00fas, a\u00f1adieron los informantes.<\/p>\n\n\n\n<p>Ayer, en base a un oficio del abogado defensor y a requerimiento del Juzgado de Garant\u00edas 3 del Departamento Judicial de Avellaneda-Lan\u00fas, Ben\u00edtez debi\u00f3 ser trasladado a la guardia del centro de salud \u201cde manera urgente\u201d debido a \u201cque presentar\u00eda lesiones en su cuerpo que le impedir\u00edan moverse\u201d, seg\u00fan detallaron los voceros.<\/p>\n\n\n\n<p>Pero una vez en el hospital, seg\u00fan se investiga, el detenido le dijo a uno de los polic\u00edas a cargo: \u201c<strong>Jefe, \u00bfc\u00f3mo podemos arreglar? Tengo 15 mil d\u00f3lares en mi casa<\/strong>. Hago una llamada y me pasan a buscar mis compa\u00f1eros en un (Volkswagen) Scirocco. Hacemos un choque, yo me escapo y mis compa\u00f1eros le dan la plata\u201d.<\/p>\n\n\n\n<p>De acuerdo a la denuncia realizada luego por los efectivos, Ben\u00edtez tambi\u00e9n <strong>les ofreci\u00f3 la entrega de un reloj de oro que hab\u00eda robado<\/strong> en uno de los hechos que se le imputan.<\/p>\n\n\n\n<p>Un pesquisa dijo a T\u00e9lam que el ofrecimiento de dinero fue realizado en el hospital, donde Ben\u00edtez dilat\u00f3 la atenci\u00f3n m\u00e9dica y le insisti\u00f3 al efectivo a cargo de su traslado que \u201cten\u00eda todo planeado\u201d y que estaba esperando \u201cser rescatado\u201d.<\/p>\n\n\n\n<p>Al momento de salir del hospital, uno de los polic\u00edas observ\u00f3 que el detenido cruz\u00f3 miradas y le hizo una leve mueca sonriente con un joven que justo pasaba por el lugar, lo que alarm\u00f3 a los agentes, quienes r\u00e1pidamente lo subieron al m\u00f3vil policial y lo trasladaron nuevamente a la dependencia policial.<\/p>\n\n\n\n<p>All\u00ed,<strong> los polic\u00edas denunciaron el hecho <\/strong>en la Unidad Funcional de Instrucci\u00f3n (UFI) 3 de Avellaneda, a cargo de la fiscal Solange C\u00e1ceres, quien abri\u00f3 una nueva investigaci\u00f3n por \u201caveriguaci\u00f3n de il\u00edcito\u201d y \u201cpresunta tentativa de evasi\u00f3n\u201d.<\/p>\n\n\n\n<p>El fiscal orden\u00f3 que se tome declaraci\u00f3n a los oficiales que intervinieron en el traslado y que se notifique a Ben\u00edtez del inicio de la causa.<\/p>\n","protected":false},"excerpt":{"rendered":"<p>\u00abHacemos un choque, yo me escapo y mis compa\u00f1eros le dan la plata\u00bb, fueron las palabras del acusado seg\u00fan las fuentes policiales. Un detenido por robos bajo la modalidad entradera en la localidad de Wilde, partido de Avellaneda, fue imputado en una nueva causa por intento de evasi\u00f3n, luego de que le ofreciera 15 mil&hellip;<\/p>\n","protected":false},"author":1,"featured_media":122637,"comment_status":"open","ping_status":"open","sticky":false,"template":"","format":"standard","meta":{"footnotes":""},"categories":[22],"tags":[461,8350,2450,3028,2408,209,40227,22030,1246,1174,882],"class_list":["post-122636","post","type-post","status-publish","format-standard","has-post-thumbnail","hentry","category-policiales","tag-avellaneda","tag-coima","tag-diario-el-sindical","tag-dock-sud","tag-evasion","tag-lanus","tag-leonardo-oscar-benitez","tag-policiales","tag-preso","tag-robos","tag-wilde"],"_links":{"self":[{"href":"https:\/\/www.elsindical.com.ar\/notas\/wp-json\/wp\/v2\/posts\/122636","targetHints":{"allow":["GET"]}}],"collection":[{"href":"https:\/\/www.elsindical.com.ar\/notas\/wp-json\/wp\/v2\/posts"}],"about":[{"href":"https:\/\/www.elsindical.com.ar\/notas\/wp-json\/wp\/v2\/types\/post"}],"author":[{"embeddable":true,"href":"https:\/\/www.elsindical.com.ar\/notas\/wp-json\/wp\/v2\/users\/1"}],"replies":[{"embeddable":true,"href":"https:\/\/www.elsindical.com.ar\/notas\/wp-json\/wp\/v2\/comments?post=122636"}],"version-history":[{"count":1,"href":"https:\/\/www.elsindical.com.ar\/notas\/wp-json\/wp\/v2\/posts\/122636\/revisions"}],"predecessor-version":[{"id":122638,"href":"https:\/\/www.elsindical.com.ar\/notas\/wp-json\/wp\/v2\/posts\/122636\/revisions\/122638"}],"wp:featuredmedia":[{"embeddable":true,"href":"https:\/\/www.elsindical.com.ar\/notas\/wp-json\/wp\/v2\/media\/122637"}],"wp:attachment":[{"href":"https:\/\/www.elsindical.com.ar\/notas\/wp-json\/wp\/v2\/media?parent=122636"}],"wp:term":[{"taxonomy":"category","embeddable":true,"href":"https:\/\/www.elsindical.com.ar\/notas\/wp-json\/wp\/v2\/categories?post=122636"},{"taxonomy":"post_tag","embeddable":true,"href":"https:\/\/www.elsindical.com.ar\/notas\/wp-json\/wp\/v2\/tags?post=122636"}],"curies":[{"name":"wp","href":"https:\/\/api.w.org\/{rel}","templated":true}]}}