{"id":122622,"date":"2023-05-18T01:22:49","date_gmt":"2023-05-18T04:22:49","guid":{"rendered":"https:\/\/www.elsindical.com.ar\/notas\/?p=122622"},"modified":"2023-05-18T01:22:56","modified_gmt":"2023-05-18T04:22:56","slug":"avellaneda-sumo-vehiculos-policiales-para-reforzar-la-seguridad","status":"publish","type":"post","link":"https:\/\/www.elsindical.com.ar\/notas\/avellaneda-sumo-vehiculos-policiales-para-reforzar-la-seguridad\/","title":{"rendered":"Avellaneda sum\u00f3 veh\u00edculos policiales para reforzar la seguridad"},"content":{"rendered":"\n<figure class=\"wp-block-image size-large\"><a href=\"https:\/\/www.elsindical.com.ar\/notas\/var\/www\/html\/notas\/wp-content\/uploads\/2023\/05\/patrullas-policiales-Avellaneda.jpg\"><img loading=\"lazy\" decoding=\"async\" width=\"1024\" height=\"681\" src=\"https:\/\/www.elsindical.com.ar\/notas\/var\/www\/html\/notas\/wp-content\/uploads\/2023\/05\/patrullas-policiales-Avellaneda-1024x681.jpg\" alt=\"\" class=\"wp-image-122623\" srcset=\"https:\/\/www.elsindical.com.ar\/notas\/var\/www\/html\/notas\/wp-content\/uploads\/2023\/05\/patrullas-policiales-Avellaneda-1024x681.jpg 1024w, https:\/\/www.elsindical.com.ar\/notas\/var\/www\/html\/notas\/wp-content\/uploads\/2023\/05\/patrullas-policiales-Avellaneda-300x200.jpg 300w, https:\/\/www.elsindical.com.ar\/notas\/var\/www\/html\/notas\/wp-content\/uploads\/2023\/05\/patrullas-policiales-Avellaneda-768x511.jpg 768w, https:\/\/www.elsindical.com.ar\/notas\/var\/www\/html\/notas\/wp-content\/uploads\/2023\/05\/patrullas-policiales-Avellaneda-451x300.jpg 451w, https:\/\/www.elsindical.com.ar\/notas\/var\/www\/html\/notas\/wp-content\/uploads\/2023\/05\/patrullas-policiales-Avellaneda-1536x1021.jpg 1536w, https:\/\/www.elsindical.com.ar\/notas\/var\/www\/html\/notas\/wp-content\/uploads\/2023\/05\/patrullas-policiales-Avellaneda.jpg 1600w\" sizes=\"auto, (max-width: 1024px) 100vw, 1024px\" \/><\/a><\/figure>\n\n\n\n<p>En total se incorporaron 7 autom\u00f3viles, 16 camionetas y 25 motos.<\/p>\n\n\n\n<p>El Municipio de <strong>Avellaneda <\/strong>anunci\u00f3 que sum\u00f3, en conjunto con el Gobierno de la Provincia de Buenos Aires, nuevos <strong>m\u00f3viles policiales<\/strong>.<\/p>\n\n\n\n<p>El intendente de Avellaneda, Jorge Ferraresi, junto con el secretario de Seguridad Ciudadana, Alejo Chornobroff, entreg\u00f3 en el play\u00f3n de estacionamiento del Palacio Municipal las llaves de cada nuevo veh\u00edculo que se suma a las tareas de patrullaje de las fuerzas de seguridad del distrito.<\/p>\n\n\n\n<p>En total se incorporaron <strong>7 autom\u00f3viles, 16 camionetas y 25 motos<\/strong> que permitir\u00e1n reforzar la seguridad de la ciudad.<\/p>\n\n\n\n<p>Tambi\u00e9n participaron de la entrega el comisario mayor y jefe departamental, Gregorio Mart\u00ednez; el jefe del comando, Comisario Javier Bibiano; el titular del HCD, Hugo Barrueco; el subsecretario de Seguridad Ciudadana, Mart\u00edn Montiel, adem\u00e1s de otros funcionarios y funcionarias locales.<\/p>\n\n\n\n<figure class=\"wp-block-gallery has-nested-images columns-1 is-cropped wp-block-gallery-1 is-layout-flex wp-block-gallery-is-layout-flex\">\n<figure class=\"wp-block-image size-large\"><a href=\"https:\/\/www.elsindical.com.ar\/notas\/var\/www\/html\/notas\/wp-content\/uploads\/2023\/05\/seguridad-en-Avellaneda-2023.jpg\"><img loading=\"lazy\" decoding=\"async\" width=\"1024\" height=\"681\" data-id=\"122624\" src=\"https:\/\/www.elsindical.com.ar\/notas\/var\/www\/html\/notas\/wp-content\/uploads\/2023\/05\/seguridad-en-Avellaneda-2023-1024x681.jpg\" alt=\"\" class=\"wp-image-122624\" srcset=\"https:\/\/www.elsindical.com.ar\/notas\/var\/www\/html\/notas\/wp-content\/uploads\/2023\/05\/seguridad-en-Avellaneda-2023-1024x681.jpg 1024w, https:\/\/www.elsindical.com.ar\/notas\/var\/www\/html\/notas\/wp-content\/uploads\/2023\/05\/seguridad-en-Avellaneda-2023-300x199.jpg 300w, https:\/\/www.elsindical.com.ar\/notas\/var\/www\/html\/notas\/wp-content\/uploads\/2023\/05\/seguridad-en-Avellaneda-2023-768x511.jpg 768w, https:\/\/www.elsindical.com.ar\/notas\/var\/www\/html\/notas\/wp-content\/uploads\/2023\/05\/seguridad-en-Avellaneda-2023-451x300.jpg 451w, https:\/\/www.elsindical.com.ar\/notas\/var\/www\/html\/notas\/wp-content\/uploads\/2023\/05\/seguridad-en-Avellaneda-2023-1536x1021.jpg 1536w, https:\/\/www.elsindical.com.ar\/notas\/var\/www\/html\/notas\/wp-content\/uploads\/2023\/05\/seguridad-en-Avellaneda-2023.jpg 1560w\" sizes=\"auto, (max-width: 1024px) 100vw, 1024px\" \/><\/a><\/figure>\n\n\n\n<figure class=\"wp-block-image size-large\"><a href=\"https:\/\/www.elsindical.com.ar\/notas\/var\/www\/html\/notas\/wp-content\/uploads\/2023\/05\/motos-policiales-Avellaneda.jpg\"><img loading=\"lazy\" decoding=\"async\" width=\"1024\" height=\"681\" data-id=\"122625\" src=\"https:\/\/www.elsindical.com.ar\/notas\/var\/www\/html\/notas\/wp-content\/uploads\/2023\/05\/motos-policiales-Avellaneda-1024x681.jpg\" alt=\"\" class=\"wp-image-122625\" srcset=\"https:\/\/www.elsindical.com.ar\/notas\/var\/www\/html\/notas\/wp-content\/uploads\/2023\/05\/motos-policiales-Avellaneda-1024x681.jpg 1024w, https:\/\/www.elsindical.com.ar\/notas\/var\/www\/html\/notas\/wp-content\/uploads\/2023\/05\/motos-policiales-Avellaneda-300x199.jpg 300w, https:\/\/www.elsindical.com.ar\/notas\/var\/www\/html\/notas\/wp-content\/uploads\/2023\/05\/motos-policiales-Avellaneda-768x511.jpg 768w, https:\/\/www.elsindical.com.ar\/notas\/var\/www\/html\/notas\/wp-content\/uploads\/2023\/05\/motos-policiales-Avellaneda-451x300.jpg 451w, https:\/\/www.elsindical.com.ar\/notas\/var\/www\/html\/notas\/wp-content\/uploads\/2023\/05\/motos-policiales-Avellaneda.jpg 1280w\" sizes=\"auto, (max-width: 1024px) 100vw, 1024px\" \/><\/a><\/figure>\n<\/figure>\n","protected":false},"excerpt":{"rendered":"<p>En total se incorporaron 7 autom\u00f3viles, 16 camionetas y 25 motos. El Municipio de Avellaneda anunci\u00f3 que sum\u00f3, en conjunto con el Gobierno de la Provincia de Buenos Aires, nuevos m\u00f3viles policiales. El intendente de Avellaneda, Jorge Ferraresi, junto con el secretario de Seguridad Ciudadana, Alejo Chornobroff, entreg\u00f3 en el play\u00f3n de estacionamiento del Palacio&hellip;<\/p>\n","protected":false},"author":1,"featured_media":122623,"comment_status":"open","ping_status":"open","sticky":false,"template":"","format":"standard","meta":{"footnotes":""},"categories":[22,13],"tags":[30014,461,40224,34470,2450,17603,1062,40223,18384],"class_list":["post-122622","post","type-post","status-publish","format-standard","has-post-thumbnail","hentry","category-policiales","category-politica","tag-alejo-chornobroff","tag-avellaneda","tag-comisario-javier-bibiano","tag-comisario-mayor-gregorio-martinez","tag-diario-el-sindical","tag-hugo-barrueco","tag-jorge-ferraresi","tag-martin-montiel","tag-moviles-policiales"],"_links":{"self":[{"href":"https:\/\/www.elsindical.com.ar\/notas\/wp-json\/wp\/v2\/posts\/122622","targetHints":{"allow":["GET"]}}],"collection":[{"href":"https:\/\/www.elsindical.com.ar\/notas\/wp-json\/wp\/v2\/posts"}],"about":[{"href":"https:\/\/www.elsindical.com.ar\/notas\/wp-json\/wp\/v2\/types\/post"}],"author":[{"embeddable":true,"href":"https:\/\/www.elsindical.com.ar\/notas\/wp-json\/wp\/v2\/users\/1"}],"replies":[{"embeddable":true,"href":"https:\/\/www.elsindical.com.ar\/notas\/wp-json\/wp\/v2\/comments?post=122622"}],"version-history":[{"count":1,"href":"https:\/\/www.elsindical.com.ar\/notas\/wp-json\/wp\/v2\/posts\/122622\/revisions"}],"predecessor-version":[{"id":122626,"href":"https:\/\/www.elsindical.com.ar\/notas\/wp-json\/wp\/v2\/posts\/122622\/revisions\/122626"}],"wp:featuredmedia":[{"embeddable":true,"href":"https:\/\/www.elsindical.com.ar\/notas\/wp-json\/wp\/v2\/media\/122623"}],"wp:attachment":[{"href":"https:\/\/www.elsindical.com.ar\/notas\/wp-json\/wp\/v2\/media?parent=122622"}],"wp:term":[{"taxonomy":"category","embeddable":true,"href":"https:\/\/www.elsindical.com.ar\/notas\/wp-json\/wp\/v2\/categories?post=122622"},{"taxonomy":"post_tag","embeddable":true,"href":"https:\/\/www.elsindical.com.ar\/notas\/wp-json\/wp\/v2\/tags?post=122622"}],"curies":[{"name":"wp","href":"https:\/\/api.w.org\/{rel}","templated":true}]}}