{"id":122611,"date":"2023-05-17T13:17:51","date_gmt":"2023-05-17T16:17:51","guid":{"rendered":"https:\/\/www.elsindical.com.ar\/notas\/?p=122611"},"modified":"2023-05-17T13:17:52","modified_gmt":"2023-05-17T16:17:52","slug":"karina-banfi-perdiendo-imagen-y-prestigio-en-la-ucr-de-avellaneda","status":"publish","type":"post","link":"https:\/\/www.elsindical.com.ar\/notas\/karina-banfi-perdiendo-imagen-y-prestigio-en-la-ucr-de-avellaneda\/","title":{"rendered":"Karina Banfi perdiendo imagen y prestigio en la UCR de Avellaneda"},"content":{"rendered":"<div class=\"wp-block-image\">\n<figure class=\"aligncenter size-full\"><a href=\"https:\/\/www.elsindical.com.ar\/notas\/var\/www\/html\/notas\/wp-content\/uploads\/2023\/05\/charla-de-Karina-Banfi.jpg\"><img loading=\"lazy\" decoding=\"async\" width=\"677\" height=\"564\" src=\"https:\/\/www.elsindical.com.ar\/notas\/var\/www\/html\/notas\/wp-content\/uploads\/2023\/05\/charla-de-Karina-Banfi.jpg\" alt=\"\" class=\"wp-image-122612\" srcset=\"https:\/\/www.elsindical.com.ar\/notas\/var\/www\/html\/notas\/wp-content\/uploads\/2023\/05\/charla-de-Karina-Banfi.jpg 677w, https:\/\/www.elsindical.com.ar\/notas\/var\/www\/html\/notas\/wp-content\/uploads\/2023\/05\/charla-de-Karina-Banfi-300x250.jpg 300w, https:\/\/www.elsindical.com.ar\/notas\/var\/www\/html\/notas\/wp-content\/uploads\/2023\/05\/charla-de-Karina-Banfi-360x300.jpg 360w\" sizes=\"auto, (max-width: 677px) 100vw, 677px\" \/><\/a><\/figure>\n<\/div>\n\n\n<p class=\"wp-block-paragraph\">   Cuesta entender los motivos por los cuales alguien con la trayectoria profesional de la diputada nacional Karina Banfi, se sentar\u00eda al lado de Fernando Landaburu para una charla sobre justamente \u00abTransparencia en la gesti\u00f3n p\u00fablica\u00bb, cuando el concejal de la UCR Avellaneda, est\u00e1 m\u00e1s sucio que una papa y no es la transparencia su forma de vida tanto pol\u00edtica como personal.<\/p>\n\n\n\n<p class=\"wp-block-paragraph\">Que posteo el se\u00f1or de las mentiras:<\/p>\n\n\n\n<p class=\"wp-block-paragraph\"><strong>Detallo los proyectos de ley de su autor\u00eda que apuntan a que haya una mayor transparencia y acceso a la informaci\u00f3n de los gobiernos en sus acciones, c\u00f3mo as\u00ed tambi\u00e9n la presentaci\u00f3n de pedidos de informes y acciones judiciales para acceder a informaci\u00f3n sobre nuestros gobernantes.<\/strong><\/p>\n\n\n\n<p class=\"wp-block-paragraph\">El acceso a la Informaci\u00f3n P\u00fablica es una cuesti\u00f3n pendiente en la Argentina desde hace mucho tiempo, y   han sido los gobernantes y los funcionarios judiciales los que m\u00e1s se han opuesto a cumplir con la publicidad de sus actos y mucho m\u00e1s de sus declaraciones juradas patrimoniales, algo que comprob\u00e9 y denuncie varias veces cuando por ejemplo se pide informes sobre magistrados, tanto fiscales como jueces o efectivos de fuerzas de seguridad, donde no solo se niegan, sino que en algunos casos hasta ejercen mecanismos de intimidaci\u00f3n. Le informo a Landaburu que est\u00e1 tan preocupado por la falta de informaci\u00f3n que el jefe de su banca en el HCD Maximiliano Gallucci, se opuso sin fundamento alguno a que el Gobierno de la Ciudad informara sobre su cargo en la Obra Social del Ministerio de Seguridad y Justicia, cuando sumaba 3 cargos p\u00fablicos, algo irregular y repudiable.<\/p>\n\n\n\n<p class=\"wp-block-paragraph\"><strong>Se destac\u00f3 el derecho que tenemos todos los ciudadanos de saber cu\u00e1nto se gasta y en qu\u00e9 en las administraciones, tanto municipales, provinciales o nacionales.<\/strong><\/p>\n\n\n\n<p class=\"wp-block-paragraph\">Como todo exponente de lo que hoy llaman \u00abcasta\u00bb sus propuestas son siempre inocuas, porque los informes de en qu\u00e9 se gasta y cu\u00e1nto te la dibujan sin problemas, prefiero que tengan que exponer sus declaraciones juradas patrimoniales al ingresar a la Administraci\u00f3n P\u00fablica y su crecimiento, si bien tambi\u00e9n la pueden dibujar, siempre son un punto de partida para comparar y poder denunciar.<\/p>\n\n\n\n<p class=\"wp-block-paragraph\"><strong>C\u00f3mo concejal destaque la falta de transparencia de la gesti\u00f3n municipal de Avellaneda.<\/strong><\/p>\n\n\n\n<p class=\"wp-block-paragraph\">Ac\u00e1 uno de los mejores chistes de Landaburu, habla de falta de transparencia el tipo que usaba la sede de la UCR <a href=\"https:\/\/www.elsindical.com.ar\/notas\/ucr-avellaneda-miserias-traiciones-y-mentiras\/\">para cambiarle las bolsas de asistencia con alimentos del municipio por bolsas negras <\/a>que repart\u00eda dici\u00e9ndole a los vecinos que era con el esfuerzo y aporte de ellos, m\u00e1s caradura no se consigue.<\/p>\n\n\n\n<p class=\"wp-block-paragraph\">Este concejal es el mismo que estando a cargo de la delegaci\u00f3n de PAMI, nunca atendi\u00f3 las denuncias contra los proveedores, resultando en la muerte de varios afiliados, algo que parece no le pesa en su conciencia, aunque dudo la tenga y sino que le pregunten a la ex concejal <strong>Susana Marco Romero<\/strong>.<\/p>\n\n\n\n<p class=\"wp-block-paragraph\"><strong>Realiz\u00f3 la presentaci\u00f3n la Pte. del Comit\u00e9 de la UCR Sarand\u00ed, Ana Mar\u00eda Valcarce , agradeciendo la presencia de los concejales Rub\u00e9n Sanazi , Patricia Ventosa y Silvia Raquel Diana , el pte. de la UCR Avellaneda, Mart\u00edn Esteban Ruiz Deza y otras autoridades.<\/strong><\/p>\n\n\n\n<p class=\"wp-block-paragraph\">Quiero creer que Karina Banfi ignoraba algunas de estas cosas y espero que su proyecto incluya a los magistrados y a los miembros de la Suprema Corte de Justicia de la Naci\u00f3n, varios que arrastran denuncias cuando ejerc\u00edan la abogac\u00eda y comenzaban sus v\u00ednculos con la pol\u00edtica, porque eso tambi\u00e9n es necesario para una Rep\u00fablica sana, donde se supone existen tres Poderes que deben controlarse mutuamente, pero que deben estar tambi\u00e9n a disposici\u00f3n de los ciudadanos para ejercer el denominado \u00abcontrol ciudadano\u00bb, que tanto nos hace falta.<\/p>\n\n\n\n<p class=\"wp-block-paragraph\">Por Marcelo Ricardo Hawrylciw<\/p>\n","protected":false},"excerpt":{"rendered":"<p>Cuesta entender los motivos por los cuales alguien con la trayectoria profesional de la diputada nacional Karina Banfi, se sentar\u00eda al lado de Fernando Landaburu para una charla sobre justamente \u00abTransparencia en la gesti\u00f3n p\u00fablica\u00bb, cuando el concejal de la UCR Avellaneda, est\u00e1 m\u00e1s sucio que una papa y no es la transparencia su forma&hellip;<\/p>\n","protected":false},"author":1,"featured_media":122612,"comment_status":"open","ping_status":"open","sticky":false,"template":"","format":"standard","meta":{"footnotes":""},"categories":[10],"tags":[23619,33873,461,2450,21713,16587,40219,29304,3582,32457,21663,1826],"class_list":["post-122611","post","type-post","status-publish","format-standard","has-post-thumbnail","hentry","category-editorial","tag-acceso-a-la-informacion-publica","tag-ana-maria-valcarce","tag-avellaneda","tag-diario-el-sindical","tag-fernando-landaburu","tag-hcd","tag-karina-banfi","tag-maximiliano-gallucci","tag-pami","tag-silvia-raquel-diana","tag-susana-marco-romero","tag-ucr"],"_links":{"self":[{"href":"https:\/\/www.elsindical.com.ar\/notas\/wp-json\/wp\/v2\/posts\/122611","targetHints":{"allow":["GET"]}}],"collection":[{"href":"https:\/\/www.elsindical.com.ar\/notas\/wp-json\/wp\/v2\/posts"}],"about":[{"href":"https:\/\/www.elsindical.com.ar\/notas\/wp-json\/wp\/v2\/types\/post"}],"author":[{"embeddable":true,"href":"https:\/\/www.elsindical.com.ar\/notas\/wp-json\/wp\/v2\/users\/1"}],"replies":[{"embeddable":true,"href":"https:\/\/www.elsindical.com.ar\/notas\/wp-json\/wp\/v2\/comments?post=122611"}],"version-history":[{"count":1,"href":"https:\/\/www.elsindical.com.ar\/notas\/wp-json\/wp\/v2\/posts\/122611\/revisions"}],"predecessor-version":[{"id":122613,"href":"https:\/\/www.elsindical.com.ar\/notas\/wp-json\/wp\/v2\/posts\/122611\/revisions\/122613"}],"wp:featuredmedia":[{"embeddable":true,"href":"https:\/\/www.elsindical.com.ar\/notas\/wp-json\/wp\/v2\/media\/122612"}],"wp:attachment":[{"href":"https:\/\/www.elsindical.com.ar\/notas\/wp-json\/wp\/v2\/media?parent=122611"}],"wp:term":[{"taxonomy":"category","embeddable":true,"href":"https:\/\/www.elsindical.com.ar\/notas\/wp-json\/wp\/v2\/categories?post=122611"},{"taxonomy":"post_tag","embeddable":true,"href":"https:\/\/www.elsindical.com.ar\/notas\/wp-json\/wp\/v2\/tags?post=122611"}],"curies":[{"name":"wp","href":"https:\/\/api.w.org\/{rel}","templated":true}]}}