{"id":12261,"date":"2011-02-06T01:00:25","date_gmt":"2011-02-06T04:00:25","guid":{"rendered":"http:\/\/www.elsindical.com.ar\/notas\/?p=12261"},"modified":"2011-02-06T01:00:25","modified_gmt":"2011-02-06T04:00:25","slug":"morenohieren-a-aldo-rico-en-un-asalto","status":"publish","type":"post","link":"https:\/\/www.elsindical.com.ar\/notas\/morenohieren-a-aldo-rico-en-un-asalto\/","title":{"rendered":"Moreno:Hieren a Aldo Rico en un asalto"},"content":{"rendered":"<div>\n<p style=\"text-align: justify;\"><em><strong><a href=\"http:\/\/www.elsindical.com.ar\/notas\/var\/www\/html\/notas\/wp-content\/uploads\/2011\/02\/Aldo-Rico.jpg\"><img loading=\"lazy\" decoding=\"async\" class=\"alignleft size-medium wp-image-12262\" title=\"Aldo-Rico\" src=\"http:\/\/www.elsindical.com.ar\/notas\/var\/www\/html\/notas\/wp-content\/uploads\/2011\/02\/Aldo-Rico-300x225.jpg\" alt=\"\" width=\"300\" height=\"225\" srcset=\"https:\/\/www.elsindical.com.ar\/notas\/var\/www\/html\/notas\/wp-content\/uploads\/2011\/02\/Aldo-Rico-300x225.jpg 300w, https:\/\/www.elsindical.com.ar\/notas\/var\/www\/html\/notas\/wp-content\/uploads\/2011\/02\/Aldo-Rico.jpg 413w\" sizes=\"auto, (max-width: 300px) 100vw, 300px\" \/><\/a>El ex intendente de San Miguel result\u00f3 herido de consideraci\u00f3n al enfrentarse a tiros con delincuentes <\/strong>que lo atacaron en el partido bonaerense de Moreno, confirmaron fuentes policiales.<\/em>\u00a0<\/p>\n<p style=\"text-align: justify;\">El hecho se produjo esta noche en la zona de La Reja, de ese distrito situado a unos 40 kil\u00f3metros al oeste de la ciudad de Buenos Aires, cuando el ex militar carapintada y actual concejal de San Miguel recibi\u00f3 al menos tres disparos de parte de los delincuentes.\u00a0<\/p>\n<\/div>\n<p style=\"text-align: justify;\">Rico, de 66 a\u00f1os, fue llevado al Hospital de Moreno, donde era asistido por las heridas sufridas. En el caso tom\u00f3 intervenci\u00f3n personal de la comisar\u00eda s\u00e9ptima de Moreno y el fiscal local de turno.\u00a0<\/p>\n<p style=\"text-align: justify;\">Por otro lado, trascendi\u00f3 que al menos dos de los asaltantes resultaron heridos.<\/p>\n","protected":false},"excerpt":{"rendered":"<p>El ex intendente de San Miguel result\u00f3 herido de consideraci\u00f3n al enfrentarse a tiros con delincuentes que lo atacaron en el partido bonaerense de Moreno, confirmaron fuentes policiales.\u00a0 El hecho se produjo esta noche en la zona de La Reja, de ese distrito situado a unos 40 kil\u00f3metros al oeste de la ciudad de Buenos&hellip;<\/p>\n","protected":false},"author":1,"featured_media":0,"comment_status":"open","ping_status":"open","sticky":false,"template":"","format":"standard","meta":{"footnotes":""},"categories":[22],"tags":[5867,541,5868,1266,1232,30,238,5869],"class_list":["post-12261","post","type-post","status-publish","format-standard","hentry","category-policiales","tag-aldo-rico","tag-asaltantes","tag-grave","tag-internado","tag-moreno","tag-policia","tag-tiroteo","tag-urgencia"],"_links":{"self":[{"href":"https:\/\/www.elsindical.com.ar\/notas\/wp-json\/wp\/v2\/posts\/12261","targetHints":{"allow":["GET"]}}],"collection":[{"href":"https:\/\/www.elsindical.com.ar\/notas\/wp-json\/wp\/v2\/posts"}],"about":[{"href":"https:\/\/www.elsindical.com.ar\/notas\/wp-json\/wp\/v2\/types\/post"}],"author":[{"embeddable":true,"href":"https:\/\/www.elsindical.com.ar\/notas\/wp-json\/wp\/v2\/users\/1"}],"replies":[{"embeddable":true,"href":"https:\/\/www.elsindical.com.ar\/notas\/wp-json\/wp\/v2\/comments?post=12261"}],"version-history":[{"count":1,"href":"https:\/\/www.elsindical.com.ar\/notas\/wp-json\/wp\/v2\/posts\/12261\/revisions"}],"predecessor-version":[{"id":12263,"href":"https:\/\/www.elsindical.com.ar\/notas\/wp-json\/wp\/v2\/posts\/12261\/revisions\/12263"}],"wp:attachment":[{"href":"https:\/\/www.elsindical.com.ar\/notas\/wp-json\/wp\/v2\/media?parent=12261"}],"wp:term":[{"taxonomy":"category","embeddable":true,"href":"https:\/\/www.elsindical.com.ar\/notas\/wp-json\/wp\/v2\/categories?post=12261"},{"taxonomy":"post_tag","embeddable":true,"href":"https:\/\/www.elsindical.com.ar\/notas\/wp-json\/wp\/v2\/tags?post=12261"}],"curies":[{"name":"wp","href":"https:\/\/api.w.org\/{rel}","templated":true}]}}