{"id":122521,"date":"2023-05-13T09:33:41","date_gmt":"2023-05-13T12:33:41","guid":{"rendered":"https:\/\/www.elsindical.com.ar\/notas\/?p=122521"},"modified":"2023-05-13T09:34:14","modified_gmt":"2023-05-13T12:34:14","slug":"junior-benitez-fue-detenido-por-amenazas-coactivas-por-el-uso-de-arma-de-fuego","status":"publish","type":"post","link":"https:\/\/www.elsindical.com.ar\/notas\/junior-benitez-fue-detenido-por-amenazas-coactivas-por-el-uso-de-arma-de-fuego\/","title":{"rendered":"Junior Ben\u00edtez, fue detenido por amenazas coactivas por el uso de arma de fuego"},"content":{"rendered":"\n<figure class=\"wp-block-image size-large\"><a href=\"https:\/\/www.elsindical.com.ar\/notas\/var\/www\/html\/notas\/wp-content\/uploads\/2023\/05\/Junioer-Benitez.jpg\"><img loading=\"lazy\" decoding=\"async\" width=\"1024\" height=\"768\" src=\"https:\/\/www.elsindical.com.ar\/notas\/var\/www\/html\/notas\/wp-content\/uploads\/2023\/05\/Junioer-Benitez-1024x768.jpg\" alt=\"\" class=\"wp-image-122522\" srcset=\"https:\/\/www.elsindical.com.ar\/notas\/var\/www\/html\/notas\/wp-content\/uploads\/2023\/05\/Junioer-Benitez-1024x768.jpg 1024w, https:\/\/www.elsindical.com.ar\/notas\/var\/www\/html\/notas\/wp-content\/uploads\/2023\/05\/Junioer-Benitez-300x225.jpg 300w, https:\/\/www.elsindical.com.ar\/notas\/var\/www\/html\/notas\/wp-content\/uploads\/2023\/05\/Junioer-Benitez-768x576.jpg 768w, https:\/\/www.elsindical.com.ar\/notas\/var\/www\/html\/notas\/wp-content\/uploads\/2023\/05\/Junioer-Benitez-400x300.jpg 400w, https:\/\/www.elsindical.com.ar\/notas\/var\/www\/html\/notas\/wp-content\/uploads\/2023\/05\/Junioer-Benitez.jpg 1200w\" sizes=\"auto, (max-width: 1024px) 100vw, 1024px\" \/><\/a><\/figure>\n\n\n\n<p class=\"wp-block-paragraph\">A Junior Ben\u00edtez lo detuvieron tras imputarle tres hechos de amenazas y coacciones con arma de fuego.<\/p>\n\n\n\n<p class=\"wp-block-paragraph\">El juez de Garant\u00eda del Departmento Judicial de Lomas de Zamora Gabriel Vitale hizo lugar al pedido del fiscal Jos\u00e9 Luis Ju\u00e1rez y <strong>detuvo esta noche al exfutbolista de Lan\u00fas Junior Ben\u00edtez al que le imputaron tres hechos de amenazas y coacciones con arma de fuego<\/strong>.<\/p>\n\n\n\n<p class=\"wp-block-paragraph\">Los denunciantes del extremo que <strong>supo jugar en el Benfica de Portugal son el exsuegro y el excu\u00f1ado <\/strong>quienes relataron hechos que sufri\u00f3 la ex mujer del futbolista y las amenazas que sufrieron en el \u00e1mbito familiar.<\/p>\n\n\n\n<p class=\"wp-block-paragraph\">El ex volante de Boca juniors <strong>ya estuvo detenido durante unos d\u00edas en enero de 2022<\/strong> cuando el juez de garant\u00edas de Lomas de Zamora, Jorge L\u00f3pez, hab\u00eda ordenado la arresto tras una denuncia por golpear a su supuesto suegro en una discusi\u00f3n que tuvo en una casa de Adrogu\u00e9, y resistirse ante el personal policial que lo fue a detener.<\/p>\n\n\n\n<p class=\"wp-block-paragraph\">Ben\u00edtez estuvo <strong>detenido en la comisar\u00eda 1\u00aa de Adrogu\u00e9<\/strong> y tras hacer lugar a la excarcelaci\u00f3n, el juez L\u00f3pez le fij\u00f3 condicionamientos, como la prohibici\u00f3n de acercamiento a la vivienda de su suegro a un per\u00edmetro de 300 metros, mantener una entrevista con una psic\u00f3loga y realizar un taller ante el Patronato de Liberados vinculado a violencia familiar.<\/p>\n\n\n\n<p class=\"wp-block-paragraph\">Oscar Junior Ben\u00edtez <strong>naci\u00f3 en Monte Grande<\/strong>, tienen 31 a\u00f1os y tras una explosiva aparici\u00f3n en Lan\u00fas de la mano de Guillermo Barros Schellotto en 2011 que le vali\u00f3 una transferencia en 2016 a uno de los grandes de Europa: El Benfica portugu\u00e9s.<\/p>\n\n\n\n<p class=\"wp-block-paragraph\">Sin embargo, <strong>su estrella se fue apagando <\/strong>y si bien jug\u00f3 en equipos importantes como el Sporting Braga luso, Boca Juniors y Argentinos Juniors, termin\u00f3 en equipos menores como Atl\u00e9tico de San Luis, Delf\u00edn Sporting Club de Ecuador, Atl\u00e9tico Tucum\u00e1n y su \u00faltimo valedor el cochabambino Atl\u00e9tico Palmaflor.<\/p>\n","protected":false},"excerpt":{"rendered":"<p>A Junior Ben\u00edtez lo detuvieron tras imputarle tres hechos de amenazas y coacciones con arma de fuego. El juez de Garant\u00eda del Departmento Judicial de Lomas de Zamora Gabriel Vitale hizo lugar al pedido del fiscal Jos\u00e9 Luis Ju\u00e1rez y detuvo esta noche al exfutbolista de Lan\u00fas Junior Ben\u00edtez al que le imputaron tres hechos&hellip;<\/p>\n","protected":false},"author":1,"featured_media":122522,"comment_status":"open","ping_status":"open","sticky":false,"template":"","format":"standard","meta":{"footnotes":""},"categories":[22],"tags":[4241,15822,424,2450,9608,10529,40178,4154],"class_list":["post-122521","post","type-post","status-publish","format-standard","has-post-thumbnail","hentry","category-policiales","tag-adrogue","tag-amenazas-coactivas","tag-armas","tag-diario-el-sindical","tag-fiscal-jose-luis-juarez","tag-juez-gabriel-vitale","tag-junior-benitez","tag-violencia-familiar"],"_links":{"self":[{"href":"https:\/\/www.elsindical.com.ar\/notas\/wp-json\/wp\/v2\/posts\/122521","targetHints":{"allow":["GET"]}}],"collection":[{"href":"https:\/\/www.elsindical.com.ar\/notas\/wp-json\/wp\/v2\/posts"}],"about":[{"href":"https:\/\/www.elsindical.com.ar\/notas\/wp-json\/wp\/v2\/types\/post"}],"author":[{"embeddable":true,"href":"https:\/\/www.elsindical.com.ar\/notas\/wp-json\/wp\/v2\/users\/1"}],"replies":[{"embeddable":true,"href":"https:\/\/www.elsindical.com.ar\/notas\/wp-json\/wp\/v2\/comments?post=122521"}],"version-history":[{"count":1,"href":"https:\/\/www.elsindical.com.ar\/notas\/wp-json\/wp\/v2\/posts\/122521\/revisions"}],"predecessor-version":[{"id":122523,"href":"https:\/\/www.elsindical.com.ar\/notas\/wp-json\/wp\/v2\/posts\/122521\/revisions\/122523"}],"wp:featuredmedia":[{"embeddable":true,"href":"https:\/\/www.elsindical.com.ar\/notas\/wp-json\/wp\/v2\/media\/122522"}],"wp:attachment":[{"href":"https:\/\/www.elsindical.com.ar\/notas\/wp-json\/wp\/v2\/media?parent=122521"}],"wp:term":[{"taxonomy":"category","embeddable":true,"href":"https:\/\/www.elsindical.com.ar\/notas\/wp-json\/wp\/v2\/categories?post=122521"},{"taxonomy":"post_tag","embeddable":true,"href":"https:\/\/www.elsindical.com.ar\/notas\/wp-json\/wp\/v2\/tags?post=122521"}],"curies":[{"name":"wp","href":"https:\/\/api.w.org\/{rel}","templated":true}]}}