{"id":122505,"date":"2023-05-12T15:06:05","date_gmt":"2023-05-12T18:06:05","guid":{"rendered":"https:\/\/www.elsindical.com.ar\/notas\/?p=122505"},"modified":"2023-05-12T15:06:06","modified_gmt":"2023-05-12T18:06:06","slug":"jornadas-artisticas-por-la-busqueda-de-belen-maidana","status":"publish","type":"post","link":"https:\/\/www.elsindical.com.ar\/notas\/jornadas-artisticas-por-la-busqueda-de-belen-maidana\/","title":{"rendered":"Jornadas art\u00edsticas por la b\u00fasqueda de Bel\u00e9n Maidana"},"content":{"rendered":"\n<figure class=\"wp-block-image size-large\"><a href=\"https:\/\/www.elsindical.com.ar\/notas\/var\/www\/html\/notas\/wp-content\/uploads\/2023\/05\/Pieza-por-Belen-Maida.jpg\"><img loading=\"lazy\" decoding=\"async\" width=\"819\" height=\"1024\" src=\"https:\/\/www.elsindical.com.ar\/notas\/var\/www\/html\/notas\/wp-content\/uploads\/2023\/05\/Pieza-por-Belen-Maida-819x1024.jpg\" alt=\"\" class=\"wp-image-122506\" srcset=\"https:\/\/www.elsindical.com.ar\/notas\/var\/www\/html\/notas\/wp-content\/uploads\/2023\/05\/Pieza-por-Belen-Maida-819x1024.jpg 819w, https:\/\/www.elsindical.com.ar\/notas\/var\/www\/html\/notas\/wp-content\/uploads\/2023\/05\/Pieza-por-Belen-Maida-240x300.jpg 240w, https:\/\/www.elsindical.com.ar\/notas\/var\/www\/html\/notas\/wp-content\/uploads\/2023\/05\/Pieza-por-Belen-Maida-768x960.jpg 768w, https:\/\/www.elsindical.com.ar\/notas\/var\/www\/html\/notas\/wp-content\/uploads\/2023\/05\/Pieza-por-Belen-Maida.jpg 1080w\" sizes=\"auto, (max-width: 819px) 100vw, 819px\" \/><\/a><\/figure>\n\n\n\n<p>El Departamento de Folklore invita a toda la comunidad a participar de las Jornadas art\u00edsticas por la b\u00fasqueda de Bel\u00e9n Maida. Las actividades se llevar\u00e1n a cabo el d\u00eda martes 16 de mayo a partir de las 18:30 h en S\u00e1nchez de Loria 443, CABA<\/p>\n\n\n\n<p>Bel\u00e9n Maida es estudiante avanzada de la Licenciatura en Folklore \u2013 Menci\u00f3n Tango, carrera de grado que se imparte en el Departamento de Folklore de la Universidad Nacional de las Artes. Fue vista por \u00faltima vez el 9 de abril en el barrio de Almagro y desde entonces la familia, la comunidad educativa de la UNA, autoridades, personal docente y no docente y estudiantes, no han cesado los esfuerzos para potenciar su b\u00fasqueda.<\/p>\n\n\n\n<p>Bajo la consigna \u201cNos falta una \u00bfd\u00f3nde est\u00e1 Bel\u00e9n Maida?\u201d el pr\u00f3ximo martes 16 de mayo se realizar\u00e1n las \u201cJornadas art\u00edsticas por la b\u00fasqueda de Bel\u00e9n Maida\u201d en las que participar\u00e1n los elencos institucionales de la UNA y artistas invitados\/as.<\/p>\n\n\n\n<p>Bel\u00e9n Maida tiene pelo casta\u00f1o oscuro, ojos caf\u00e9, tez blanca y estatura de 1,60 m. Tambi\u00e9n tiene el tatuaje de una rosa en el antebrazo derecho.<\/p>\n\n\n\n<p>Toda la comunidad de la UNA contin\u00faa comprometida en el acompa\u00f1amiento de la b\u00fasqueda de Bel\u00e9n. Se solicita a todos\/as aquellos\/as que cuenten con informaci\u00f3n avisar y\/o realizar consultas a las siguientes l\u00edneas gratuitas:<\/p>\n\n\n\n<p>911 &#8211; Central telef\u00f3nica de emergencias<br>134 &#8211; Desaparici\u00f3n de personas<br>145 &#8211; V\u00edctima de tratas<br>144 &#8211; Violencia de g\u00e9nero<\/p>\n\n\n\n<p>Contacto de Prensa<br>Gabriela Rocha<br>011 3799 6147<br>folklore.prensa@una.edu.ar<\/p>\n\n\n\n<figure class=\"wp-block-gallery has-nested-images columns-1 is-cropped wp-block-gallery-1 is-layout-flex wp-block-gallery-is-layout-flex\">\n<figure class=\"wp-block-image size-large\"><a href=\"https:\/\/www.elsindical.com.ar\/notas\/var\/www\/html\/notas\/wp-content\/uploads\/2023\/05\/Belen-Foto-mas-actual.jpg\"><img loading=\"lazy\" decoding=\"async\" width=\"819\" height=\"1024\" data-id=\"122507\" src=\"https:\/\/www.elsindical.com.ar\/notas\/var\/www\/html\/notas\/wp-content\/uploads\/2023\/05\/Belen-Foto-mas-actual-819x1024.jpg\" alt=\"\" class=\"wp-image-122507\" srcset=\"https:\/\/www.elsindical.com.ar\/notas\/var\/www\/html\/notas\/wp-content\/uploads\/2023\/05\/Belen-Foto-mas-actual-819x1024.jpg 819w, https:\/\/www.elsindical.com.ar\/notas\/var\/www\/html\/notas\/wp-content\/uploads\/2023\/05\/Belen-Foto-mas-actual-240x300.jpg 240w, https:\/\/www.elsindical.com.ar\/notas\/var\/www\/html\/notas\/wp-content\/uploads\/2023\/05\/Belen-Foto-mas-actual-768x960.jpg 768w, https:\/\/www.elsindical.com.ar\/notas\/var\/www\/html\/notas\/wp-content\/uploads\/2023\/05\/Belen-Foto-mas-actual.jpg 1080w\" sizes=\"auto, (max-width: 819px) 100vw, 819px\" \/><\/a><\/figure>\n\n\n\n<figure class=\"wp-block-image size-large\"><a href=\"https:\/\/www.elsindical.com.ar\/notas\/var\/www\/html\/notas\/wp-content\/uploads\/2023\/05\/Foto-con-tatuaje.jpg\"><img loading=\"lazy\" decoding=\"async\" width=\"819\" height=\"1024\" data-id=\"122508\" src=\"https:\/\/www.elsindical.com.ar\/notas\/var\/www\/html\/notas\/wp-content\/uploads\/2023\/05\/Foto-con-tatuaje-819x1024.jpg\" alt=\"\" class=\"wp-image-122508\" srcset=\"https:\/\/www.elsindical.com.ar\/notas\/var\/www\/html\/notas\/wp-content\/uploads\/2023\/05\/Foto-con-tatuaje-819x1024.jpg 819w, https:\/\/www.elsindical.com.ar\/notas\/var\/www\/html\/notas\/wp-content\/uploads\/2023\/05\/Foto-con-tatuaje-240x300.jpg 240w, https:\/\/www.elsindical.com.ar\/notas\/var\/www\/html\/notas\/wp-content\/uploads\/2023\/05\/Foto-con-tatuaje-768x960.jpg 768w, https:\/\/www.elsindical.com.ar\/notas\/var\/www\/html\/notas\/wp-content\/uploads\/2023\/05\/Foto-con-tatuaje.jpg 1080w\" sizes=\"auto, (max-width: 819px) 100vw, 819px\" \/><\/a><\/figure>\n\n\n\n<figure class=\"wp-block-image size-large\"><a href=\"https:\/\/www.elsindical.com.ar\/notas\/var\/www\/html\/notas\/wp-content\/uploads\/2023\/05\/Belen-Maida.jpg\"><img loading=\"lazy\" decoding=\"async\" width=\"819\" height=\"1024\" data-id=\"122509\" src=\"https:\/\/www.elsindical.com.ar\/notas\/var\/www\/html\/notas\/wp-content\/uploads\/2023\/05\/Belen-Maida-819x1024.jpg\" alt=\"\" class=\"wp-image-122509\" srcset=\"https:\/\/www.elsindical.com.ar\/notas\/var\/www\/html\/notas\/wp-content\/uploads\/2023\/05\/Belen-Maida-819x1024.jpg 819w, https:\/\/www.elsindical.com.ar\/notas\/var\/www\/html\/notas\/wp-content\/uploads\/2023\/05\/Belen-Maida-240x300.jpg 240w, https:\/\/www.elsindical.com.ar\/notas\/var\/www\/html\/notas\/wp-content\/uploads\/2023\/05\/Belen-Maida-768x960.jpg 768w, https:\/\/www.elsindical.com.ar\/notas\/var\/www\/html\/notas\/wp-content\/uploads\/2023\/05\/Belen-Maida.jpg 1080w\" sizes=\"auto, (max-width: 819px) 100vw, 819px\" \/><\/a><\/figure>\n<\/figure>\n","protected":false},"excerpt":{"rendered":"<p>El Departamento de Folklore invita a toda la comunidad a participar de las Jornadas art\u00edsticas por la b\u00fasqueda de Bel\u00e9n Maida. Las actividades se llevar\u00e1n a cabo el d\u00eda martes 16 de mayo a partir de las 18:30 h en S\u00e1nchez de Loria 443, CABA Bel\u00e9n Maida es estudiante avanzada de la Licenciatura en Folklore&hellip;<\/p>\n","protected":false},"author":1,"featured_media":122506,"comment_status":"open","ping_status":"open","sticky":false,"template":"","format":"standard","meta":{"footnotes":""},"categories":[25],"tags":[1729,40173,4284,37192,2450,23034,36211],"class_list":["post-122505","post","type-post","status-publish","format-standard","has-post-thumbnail","hentry","category-sociedad","tag-almagro","tag-belen-maidana","tag-caba","tag-departamento-de-folklore","tag-diario-el-sindical","tag-una","tag-universidad-nacional-de-las-artes"],"_links":{"self":[{"href":"https:\/\/www.elsindical.com.ar\/notas\/wp-json\/wp\/v2\/posts\/122505","targetHints":{"allow":["GET"]}}],"collection":[{"href":"https:\/\/www.elsindical.com.ar\/notas\/wp-json\/wp\/v2\/posts"}],"about":[{"href":"https:\/\/www.elsindical.com.ar\/notas\/wp-json\/wp\/v2\/types\/post"}],"author":[{"embeddable":true,"href":"https:\/\/www.elsindical.com.ar\/notas\/wp-json\/wp\/v2\/users\/1"}],"replies":[{"embeddable":true,"href":"https:\/\/www.elsindical.com.ar\/notas\/wp-json\/wp\/v2\/comments?post=122505"}],"version-history":[{"count":1,"href":"https:\/\/www.elsindical.com.ar\/notas\/wp-json\/wp\/v2\/posts\/122505\/revisions"}],"predecessor-version":[{"id":122510,"href":"https:\/\/www.elsindical.com.ar\/notas\/wp-json\/wp\/v2\/posts\/122505\/revisions\/122510"}],"wp:featuredmedia":[{"embeddable":true,"href":"https:\/\/www.elsindical.com.ar\/notas\/wp-json\/wp\/v2\/media\/122506"}],"wp:attachment":[{"href":"https:\/\/www.elsindical.com.ar\/notas\/wp-json\/wp\/v2\/media?parent=122505"}],"wp:term":[{"taxonomy":"category","embeddable":true,"href":"https:\/\/www.elsindical.com.ar\/notas\/wp-json\/wp\/v2\/categories?post=122505"},{"taxonomy":"post_tag","embeddable":true,"href":"https:\/\/www.elsindical.com.ar\/notas\/wp-json\/wp\/v2\/tags?post=122505"}],"curies":[{"name":"wp","href":"https:\/\/api.w.org\/{rel}","templated":true}]}}