{"id":122497,"date":"2023-05-12T14:04:44","date_gmt":"2023-05-12T17:04:44","guid":{"rendered":"https:\/\/www.elsindical.com.ar\/notas\/?p=122497"},"modified":"2023-05-12T14:04:45","modified_gmt":"2023-05-12T17:04:45","slug":"lanus-tres-policias-detenidos-por-intentar-robar-un-auto-les-secuestraron-drogas-en-su-poder","status":"publish","type":"post","link":"https:\/\/www.elsindical.com.ar\/notas\/lanus-tres-policias-detenidos-por-intentar-robar-un-auto-les-secuestraron-drogas-en-su-poder\/","title":{"rendered":"Lan\u00fas: Tres polic\u00edas detenidos por intentar robar un auto, les secuestraron drogas en su poder"},"content":{"rendered":"<div class=\"wp-block-image\">\n<figure class=\"aligncenter size-full is-resized\"><a href=\"https:\/\/www.elsindical.com.ar\/notas\/var\/www\/html\/notas\/wp-content\/uploads\/2023\/05\/policias-detenidos-en-Lanus.jpg\"><img loading=\"lazy\" decoding=\"async\" src=\"https:\/\/www.elsindical.com.ar\/notas\/var\/www\/html\/notas\/wp-content\/uploads\/2023\/05\/policias-detenidos-en-Lanus.jpg\" alt=\"\" class=\"wp-image-122498\" width=\"781\" height=\"488\" srcset=\"https:\/\/www.elsindical.com.ar\/notas\/var\/www\/html\/notas\/wp-content\/uploads\/2023\/05\/policias-detenidos-en-Lanus.jpg 640w, https:\/\/www.elsindical.com.ar\/notas\/var\/www\/html\/notas\/wp-content\/uploads\/2023\/05\/policias-detenidos-en-Lanus-300x188.jpg 300w, https:\/\/www.elsindical.com.ar\/notas\/var\/www\/html\/notas\/wp-content\/uploads\/2023\/05\/policias-detenidos-en-Lanus-480x300.jpg 480w\" sizes=\"auto, (max-width: 781px) 100vw, 781px\" \/><\/a><\/figure>\n<\/div>\n\n\n<p><strong>Tres polic\u00edas \u2013 dos de ellos de las comisar\u00edas de Fiorito y Llavallol -fueron detenidos <\/strong>luego de intentar robar un auto en Lan\u00fas. <strong>Durante el procedimiento, les hallaron varios envoltorios de marihuana y coca\u00edna,<\/strong>&nbsp;seg\u00fan informaron fuentes policiales.<\/p>\n\n\n\n<p>Todo comenz\u00f3 este jueves a la madrugada cuando personal del Comando de Patrullas de Lan\u00fas recorr\u00eda por San Martin y Magallanes y son alertados por <strong>una transe\u00fante que manifestaba que un veh\u00edculo Suran de color rojo habr\u00eda intentado cometer un robo haci\u00e9ndose pasar por personal policial.<\/strong><\/p>\n\n\n\n<p>Ante eso, los efectivos visualizan el rodado con los tres sujetos que se encontraban en su interior. Lo ins\u00f3lito del caso es que cuando se los identifica se descubre que los supuestos ladrones son personal policial.<\/p>\n\n\n\n<p>Fuentes policiales informaron a<strong>,<\/strong> que dos de los detenidos <strong>prestan servicio en la Comisar\u00eda 4ta de Llavallol y Comisar\u00eda 5ta de Villa Fiorito y el tercero pertenece a la Polic\u00eda de la Ciudad, <\/strong>a los cuales se le incauta pistolas marca Bersa modelo TPR9 9mm, Bersa Thunder 9mm, Astra-a100, 5 cargadores, 2 chalecos refractarios y un chaleco antibalas de Polic\u00eda de la Provincia y de m\u00e1s elementos.<\/p>\n\n\n\n<p><strong>Los detenidos de 30, 31 y 54 a\u00f1os<\/strong> y los elementos secuestrados fueron trasladados a la Comisar\u00eda 9na de Lan\u00fas.<\/p>\n\n\n\n<p>Al requisar el veh\u00edculo, <strong>se secuestra del rodado marca Volkswagen modelo Suran de color rojo sin dominio colocado, varios envoltorios de nil\u00f3n de color negro, amarillo y blanco, que en su interior pose\u00edan 5 envoltorios de marihuana <\/strong>con 19.1gramos, 88 envoltorios negros de coca\u00edna con 31.6 gramos y 11.1 gramos en envoltorios amarillos. Adem\u00e1s, de pasta base, una piedra de pasta base de 3.1gramos, bicarbonato de sodio 38.8 gramos y una radio HT marca Motorola el cual no se visualiza n\u00famero de serie.<\/p>\n\n\n<div class=\"wp-block-image\">\n<figure class=\"aligncenter size-full\"><a href=\"https:\/\/www.elsindical.com.ar\/notas\/var\/www\/html\/notas\/wp-content\/uploads\/2023\/05\/droga-secuestrada-a-policias.jpg\"><img loading=\"lazy\" decoding=\"async\" width=\"640\" height=\"359\" src=\"https:\/\/www.elsindical.com.ar\/notas\/var\/www\/html\/notas\/wp-content\/uploads\/2023\/05\/droga-secuestrada-a-policias.jpg\" alt=\"\" class=\"wp-image-122499\" srcset=\"https:\/\/www.elsindical.com.ar\/notas\/var\/www\/html\/notas\/wp-content\/uploads\/2023\/05\/droga-secuestrada-a-policias.jpg 640w, https:\/\/www.elsindical.com.ar\/notas\/var\/www\/html\/notas\/wp-content\/uploads\/2023\/05\/droga-secuestrada-a-policias-300x168.jpg 300w, https:\/\/www.elsindical.com.ar\/notas\/var\/www\/html\/notas\/wp-content\/uploads\/2023\/05\/droga-secuestrada-a-policias-500x280.jpg 500w\" sizes=\"auto, (max-width: 640px) 100vw, 640px\" \/><\/a><\/figure>\n<\/div>","protected":false},"excerpt":{"rendered":"<p>Tres polic\u00edas \u2013 dos de ellos de las comisar\u00edas de Fiorito y Llavallol -fueron detenidos luego de intentar robar un auto en Lan\u00fas. Durante el procedimiento, les hallaron varios envoltorios de marihuana y coca\u00edna,&nbsp;seg\u00fan informaron fuentes policiales. Todo comenz\u00f3 este jueves a la madrugada cuando personal del Comando de Patrullas de Lan\u00fas recorr\u00eda por San&hellip;<\/p>\n","protected":false},"author":1,"featured_media":122498,"comment_status":"open","ping_status":"open","sticky":false,"template":"","format":"standard","meta":{"footnotes":""},"categories":[22],"tags":[2450,382,984,209,24537,118,2234,116],"class_list":["post-122497","post","type-post","status-publish","format-standard","has-post-thumbnail","hentry","category-policiales","tag-diario-el-sindical","tag-drogas","tag-inseguridad","tag-lanus","tag-policia-de-la-ciudad","tag-policias","tag-policias-bonaerenses","tag-robo"],"_links":{"self":[{"href":"https:\/\/www.elsindical.com.ar\/notas\/wp-json\/wp\/v2\/posts\/122497","targetHints":{"allow":["GET"]}}],"collection":[{"href":"https:\/\/www.elsindical.com.ar\/notas\/wp-json\/wp\/v2\/posts"}],"about":[{"href":"https:\/\/www.elsindical.com.ar\/notas\/wp-json\/wp\/v2\/types\/post"}],"author":[{"embeddable":true,"href":"https:\/\/www.elsindical.com.ar\/notas\/wp-json\/wp\/v2\/users\/1"}],"replies":[{"embeddable":true,"href":"https:\/\/www.elsindical.com.ar\/notas\/wp-json\/wp\/v2\/comments?post=122497"}],"version-history":[{"count":1,"href":"https:\/\/www.elsindical.com.ar\/notas\/wp-json\/wp\/v2\/posts\/122497\/revisions"}],"predecessor-version":[{"id":122500,"href":"https:\/\/www.elsindical.com.ar\/notas\/wp-json\/wp\/v2\/posts\/122497\/revisions\/122500"}],"wp:featuredmedia":[{"embeddable":true,"href":"https:\/\/www.elsindical.com.ar\/notas\/wp-json\/wp\/v2\/media\/122498"}],"wp:attachment":[{"href":"https:\/\/www.elsindical.com.ar\/notas\/wp-json\/wp\/v2\/media?parent=122497"}],"wp:term":[{"taxonomy":"category","embeddable":true,"href":"https:\/\/www.elsindical.com.ar\/notas\/wp-json\/wp\/v2\/categories?post=122497"},{"taxonomy":"post_tag","embeddable":true,"href":"https:\/\/www.elsindical.com.ar\/notas\/wp-json\/wp\/v2\/tags?post=122497"}],"curies":[{"name":"wp","href":"https:\/\/api.w.org\/{rel}","templated":true}]}}