{"id":122494,"date":"2023-05-12T13:26:03","date_gmt":"2023-05-12T16:26:03","guid":{"rendered":"https:\/\/www.elsindical.com.ar\/notas\/?p=122494"},"modified":"2023-05-12T13:26:04","modified_gmt":"2023-05-12T16:26:04","slug":"el-proyecto-de-ley-audiovisual-recibio-el-apoyo-del-diputado-nacional-alejandro-topo-rodriguez","status":"publish","type":"post","link":"https:\/\/www.elsindical.com.ar\/notas\/el-proyecto-de-ley-audiovisual-recibio-el-apoyo-del-diputado-nacional-alejandro-topo-rodriguez\/","title":{"rendered":"El proyecto de Ley Audiovisual recibi\u00f3 el apoyo del Diputado Nacional Alejandro \u00abTopo\u00bb Rodr\u00edguez"},"content":{"rendered":"\n<figure class=\"wp-block-image size-full\"><a href=\"https:\/\/www.elsindical.com.ar\/notas\/var\/www\/html\/notas\/wp-content\/uploads\/2023\/05\/Alejandro-Rodriguez.png\"><img loading=\"lazy\" decoding=\"async\" width=\"1024\" height=\"570\" src=\"https:\/\/www.elsindical.com.ar\/notas\/var\/www\/html\/notas\/wp-content\/uploads\/2023\/05\/Alejandro-Rodriguez.png\" alt=\"\" class=\"wp-image-122495\" srcset=\"https:\/\/www.elsindical.com.ar\/notas\/var\/www\/html\/notas\/wp-content\/uploads\/2023\/05\/Alejandro-Rodriguez.png 1024w, https:\/\/www.elsindical.com.ar\/notas\/var\/www\/html\/notas\/wp-content\/uploads\/2023\/05\/Alejandro-Rodriguez-300x167.png 300w, https:\/\/www.elsindical.com.ar\/notas\/var\/www\/html\/notas\/wp-content\/uploads\/2023\/05\/Alejandro-Rodriguez-768x428.png 768w, https:\/\/www.elsindical.com.ar\/notas\/var\/www\/html\/notas\/wp-content\/uploads\/2023\/05\/Alejandro-Rodriguez-500x278.png 500w\" sizes=\"auto, (max-width: 1024px) 100vw, 1024px\" \/><\/a><\/figure>\n\n\n\n<p>El proyecto de Ley Federal para la Producci\u00f3n y la Industria Audiovisual recibi\u00f3 el apoyo del diputado nacional <strong>Alejandro \u201cTopo\u201d;&nbsp;Rodr\u00edguez, presidente del Interbloque Federal.<\/strong><\/p>\n\n\n\n<p>\u201cEs un proyecto que nace de la participaci\u00f3n y el debate y que entiende el presente y el futuro de la industria\u201d, destac\u00f3 Alejandro \u201cTopo\u201d&nbsp;Rodr\u00edguez.<\/p>\n\n\n\n<p>El Interbloque Federal est\u00e1 integrado por Natalia de la Sota, Ignacio Garc\u00eda Aresca y Carlos Mario Guti\u00e9rrez (C\u00f3rdoba Federal), Graciela Cama\u00f1o, Florencio Randazzo y Alejandro Rodr\u00edguez (Identidad Bonaerense), Enrique Est\u00e9vez y M\u00f3nica Fein (Socialista).<\/p>\n\n\n\n<p>El proyecto es impulsado por el <strong>Espacio Audiovisual Nacional<\/strong> y fue presentado para su tratamiento en la C\u00e1mara de Diputados en diciembre de 2022 por la diputada Gabriela Pedrali (Frente de Todos), con el apoyo de otros 22 legisladores y legisladoras. Adem\u00e1s, <strong>ya se expidieron a favor<\/strong> los diez gobernadores de la regi\u00f3n del Norte Grande, Gerardo Zamora (Santiago del Estero), Jorge Capitanich (Chaco), Gerardo Morales (Jujuy), Oscar Herrera Ahuad (Misiones), Gildo Insfr\u00e1n (Formosa), Ra\u00fal Jalil (Catamarca), Gustavo S\u00e1enz (Salta), Gustavo Vald\u00e9s (Corrientes), Ricardo Quintela (La Rioja), y Osvaldo Jaldo (Tucum\u00e1n); y los<br>gobernadores Alberto Rodr\u00edguez Sa\u00e1 (<strong>San Luis<\/strong>), Gustavo Bordet (Entre R\u00edos), y <strong>Gustavo Melella<\/strong> (Tierra del Fuego).<\/p>\n\n\n\n<p>\u201cEs importante que esta ley se debata, se discuta y se acompa\u00f1e\u201d, pidi\u00f3 Rodr\u00edguez, \u201cporque es m\u00e1s federalismo para la producci\u00f3n y la industria audiovisual\u201d.<\/p>\n","protected":false},"excerpt":{"rendered":"<p>El proyecto de Ley Federal para la Producci\u00f3n y la Industria Audiovisual recibi\u00f3 el apoyo del diputado nacional Alejandro \u201cTopo\u201d;&nbsp;Rodr\u00edguez, presidente del Interbloque Federal. \u201cEs un proyecto que nace de la participaci\u00f3n y el debate y que entiende el presente y el futuro de la industria\u201d, destac\u00f3 Alejandro \u201cTopo\u201d&nbsp;Rodr\u00edguez. El Interbloque Federal est\u00e1 integrado por&hellip;<\/p>\n","protected":false},"author":1,"featured_media":122495,"comment_status":"open","ping_status":"open","sticky":false,"template":"","format":"standard","meta":{"footnotes":""},"categories":[13],"tags":[40170,2450,35189,39067],"class_list":["post-122494","post","type-post","status-publish","format-standard","has-post-thumbnail","hentry","category-politica","tag-alejandro-topo-rodriguez","tag-diario-el-sindical","tag-espacio-audiovisual-nacional","tag-ley-federal-para-la-industria-audiovisual"],"_links":{"self":[{"href":"https:\/\/www.elsindical.com.ar\/notas\/wp-json\/wp\/v2\/posts\/122494","targetHints":{"allow":["GET"]}}],"collection":[{"href":"https:\/\/www.elsindical.com.ar\/notas\/wp-json\/wp\/v2\/posts"}],"about":[{"href":"https:\/\/www.elsindical.com.ar\/notas\/wp-json\/wp\/v2\/types\/post"}],"author":[{"embeddable":true,"href":"https:\/\/www.elsindical.com.ar\/notas\/wp-json\/wp\/v2\/users\/1"}],"replies":[{"embeddable":true,"href":"https:\/\/www.elsindical.com.ar\/notas\/wp-json\/wp\/v2\/comments?post=122494"}],"version-history":[{"count":1,"href":"https:\/\/www.elsindical.com.ar\/notas\/wp-json\/wp\/v2\/posts\/122494\/revisions"}],"predecessor-version":[{"id":122496,"href":"https:\/\/www.elsindical.com.ar\/notas\/wp-json\/wp\/v2\/posts\/122494\/revisions\/122496"}],"wp:featuredmedia":[{"embeddable":true,"href":"https:\/\/www.elsindical.com.ar\/notas\/wp-json\/wp\/v2\/media\/122495"}],"wp:attachment":[{"href":"https:\/\/www.elsindical.com.ar\/notas\/wp-json\/wp\/v2\/media?parent=122494"}],"wp:term":[{"taxonomy":"category","embeddable":true,"href":"https:\/\/www.elsindical.com.ar\/notas\/wp-json\/wp\/v2\/categories?post=122494"},{"taxonomy":"post_tag","embeddable":true,"href":"https:\/\/www.elsindical.com.ar\/notas\/wp-json\/wp\/v2\/tags?post=122494"}],"curies":[{"name":"wp","href":"https:\/\/api.w.org\/{rel}","templated":true}]}}