{"id":122405,"date":"2023-05-08T00:36:44","date_gmt":"2023-05-08T03:36:44","guid":{"rendered":"https:\/\/www.elsindical.com.ar\/notas\/?p=122405"},"modified":"2023-05-08T00:36:46","modified_gmt":"2023-05-08T03:36:46","slug":"carlos-maslaton-sucedio-lo-peor-para-la-libertad-avanza","status":"publish","type":"post","link":"https:\/\/www.elsindical.com.ar\/notas\/carlos-maslaton-sucedio-lo-peor-para-la-libertad-avanza\/","title":{"rendered":"Carlos Maslat\u00f3n: \u00abSucedi\u00f3 lo peor para La Libertad Avanza\u00bb"},"content":{"rendered":"<div class=\"wp-block-image\">\n<figure class=\"aligncenter size-full\"><a href=\"https:\/\/www.elsindical.com.ar\/notas\/var\/www\/html\/notas\/wp-content\/uploads\/2023\/05\/Maslaton-y-Milei.jpg\"><img loading=\"lazy\" decoding=\"async\" width=\"720\" height=\"405\" src=\"https:\/\/www.elsindical.com.ar\/notas\/var\/www\/html\/notas\/wp-content\/uploads\/2023\/05\/Maslaton-y-Milei.jpg\" alt=\"\" class=\"wp-image-122406\" srcset=\"https:\/\/www.elsindical.com.ar\/notas\/var\/www\/html\/notas\/wp-content\/uploads\/2023\/05\/Maslaton-y-Milei.jpg 720w, https:\/\/www.elsindical.com.ar\/notas\/var\/www\/html\/notas\/wp-content\/uploads\/2023\/05\/Maslaton-y-Milei-300x169.jpg 300w, https:\/\/www.elsindical.com.ar\/notas\/var\/www\/html\/notas\/wp-content\/uploads\/2023\/05\/Maslaton-y-Milei-500x281.jpg 500w, https:\/\/www.elsindical.com.ar\/notas\/var\/www\/html\/notas\/wp-content\/uploads\/2023\/05\/Maslaton-y-Milei-460x260.jpg 460w\" sizes=\"auto, (max-width: 720px) 100vw, 720px\" \/><\/a><\/figure>\n<\/div>\n\n\n<p>Es un fracaso la elecci\u00f3n en La Rioja. No sum\u00f3 nada Milei con respecto a 2021. Se suma a la no participaci\u00f3n absurda en Jujuy y a la payasada de Misiones. Kikuchi, Milei y su hermana son un desastre armando pol\u00edtica, 100% fraudulentos.<\/p>\n\n\n\n<p>En las <strong>elecciones 2023<\/strong> de este domingo, el dirigente liberal <strong>Carlos Maslat\u00f3n tild\u00f3 de \u00abfracaso\u00bb los resultados en las elecciones de La Rioja<\/strong> de los candidatos por La Libertad Avanza, liderados por el postulante a gobernador <strong>Mart\u00edn Menem<\/strong>, y sostuvo que el jefe de ese espacio y precandidato presidencial <strong>Javier Milei<\/strong> <strong>es \u00abun desastre armando pol\u00edtica y 100% fraudulento\u00bb.<\/strong><\/p>\n\n\n\n<p>\u00ab<strong>Sucedi\u00f3 lo peor para La Libertad Avanza<\/strong>. Es un fracaso la elecci\u00f3n en La Rioja\u00bb expres\u00f3 en Twitter el abogado, exedil porte\u00f1o y fundador de la agrupaci\u00f3n estudiantil Uni\u00f3n para la Apertura Universitaria (Upau).<\/p>\n\n\n\n<p>\u00abNo sum\u00f3 nada Milei con respecto a 2021. Se suma a la no participaci\u00f3n absurda en Jujuy y a la payasada de Misiones\u00bb, advirti\u00f3 Maslat\u00f3n respecto al los resultados de las elecciones en La Rioja que ubicaban a Menem en el tercer lugar, muy lejos de los dos primeros.<\/p>\n\n\n\n<p>Y sobre los comicios en Misiones, public\u00f3: \u00abTragedia. La boleta de Milei obtiene 700 votos en toda la provincia, un 0,35% con ya el 30% escrutado. Quisieron bajar esta lista, la 644, para borrarse del fracaso y no pudieron legalmente hacerlo. Milei, Karina, Kikuchi: tres in\u00fatiles que se creen muy listos\u00bb.<\/p>\n","protected":false},"excerpt":{"rendered":"<p>Es un fracaso la elecci\u00f3n en La Rioja. No sum\u00f3 nada Milei con respecto a 2021. Se suma a la no participaci\u00f3n absurda en Jujuy y a la payasada de Misiones. Kikuchi, Milei y su hermana son un desastre armando pol\u00edtica, 100% fraudulentos. En las elecciones 2023 de este domingo, el dirigente liberal Carlos Maslat\u00f3n&hellip;<\/p>\n","protected":false},"author":1,"featured_media":122406,"comment_status":"open","ping_status":"open","sticky":false,"template":"","format":"standard","meta":{"footnotes":""},"categories":[13],"tags":[39962,40128,2450,244,28812,2570,39963,2754,40129,2243],"class_list":["post-122405","post","type-post","status-publish","format-standard","has-post-thumbnail","hentry","category-politica","tag-carlos-kikuchi","tag-carlos-maslaton","tag-diario-el-sindical","tag-elecciones","tag-javier-milei","tag-jujuy","tag-la-libertad-avanza","tag-la-rioja","tag-martin-menem","tag-misiones"],"_links":{"self":[{"href":"https:\/\/www.elsindical.com.ar\/notas\/wp-json\/wp\/v2\/posts\/122405","targetHints":{"allow":["GET"]}}],"collection":[{"href":"https:\/\/www.elsindical.com.ar\/notas\/wp-json\/wp\/v2\/posts"}],"about":[{"href":"https:\/\/www.elsindical.com.ar\/notas\/wp-json\/wp\/v2\/types\/post"}],"author":[{"embeddable":true,"href":"https:\/\/www.elsindical.com.ar\/notas\/wp-json\/wp\/v2\/users\/1"}],"replies":[{"embeddable":true,"href":"https:\/\/www.elsindical.com.ar\/notas\/wp-json\/wp\/v2\/comments?post=122405"}],"version-history":[{"count":1,"href":"https:\/\/www.elsindical.com.ar\/notas\/wp-json\/wp\/v2\/posts\/122405\/revisions"}],"predecessor-version":[{"id":122407,"href":"https:\/\/www.elsindical.com.ar\/notas\/wp-json\/wp\/v2\/posts\/122405\/revisions\/122407"}],"wp:featuredmedia":[{"embeddable":true,"href":"https:\/\/www.elsindical.com.ar\/notas\/wp-json\/wp\/v2\/media\/122406"}],"wp:attachment":[{"href":"https:\/\/www.elsindical.com.ar\/notas\/wp-json\/wp\/v2\/media?parent=122405"}],"wp:term":[{"taxonomy":"category","embeddable":true,"href":"https:\/\/www.elsindical.com.ar\/notas\/wp-json\/wp\/v2\/categories?post=122405"},{"taxonomy":"post_tag","embeddable":true,"href":"https:\/\/www.elsindical.com.ar\/notas\/wp-json\/wp\/v2\/tags?post=122405"}],"curies":[{"name":"wp","href":"https:\/\/api.w.org\/{rel}","templated":true}]}}