{"id":122398,"date":"2023-05-08T00:22:14","date_gmt":"2023-05-08T03:22:14","guid":{"rendered":"https:\/\/www.elsindical.com.ar\/notas\/?p=122398"},"modified":"2023-05-08T00:22:18","modified_gmt":"2023-05-08T03:22:18","slug":"un-tercio-del-transporte-de-media-y-larga-distancia-incumple-normas-laborales","status":"publish","type":"post","link":"https:\/\/www.elsindical.com.ar\/notas\/un-tercio-del-transporte-de-media-y-larga-distancia-incumple-normas-laborales\/","title":{"rendered":"Un tercio del transporte de media y larga distancia incumple normas laborales"},"content":{"rendered":"<div class=\"wp-block-image\">\n<figure class=\"aligncenter size-large\"><a href=\"https:\/\/www.elsindical.com.ar\/notas\/var\/www\/html\/notas\/wp-content\/uploads\/2023\/05\/controles-ministerio-de-trabajo-PBA.jpg\"><img loading=\"lazy\" decoding=\"async\" width=\"1024\" height=\"576\" src=\"https:\/\/www.elsindical.com.ar\/notas\/var\/www\/html\/notas\/wp-content\/uploads\/2023\/05\/controles-ministerio-de-trabajo-PBA-1024x576.jpg\" alt=\"\" class=\"wp-image-122399\" srcset=\"https:\/\/www.elsindical.com.ar\/notas\/var\/www\/html\/notas\/wp-content\/uploads\/2023\/05\/controles-ministerio-de-trabajo-PBA-1024x576.jpg 1024w, https:\/\/www.elsindical.com.ar\/notas\/var\/www\/html\/notas\/wp-content\/uploads\/2023\/05\/controles-ministerio-de-trabajo-PBA-300x169.jpg 300w, https:\/\/www.elsindical.com.ar\/notas\/var\/www\/html\/notas\/wp-content\/uploads\/2023\/05\/controles-ministerio-de-trabajo-PBA-768x432.jpg 768w, https:\/\/www.elsindical.com.ar\/notas\/var\/www\/html\/notas\/wp-content\/uploads\/2023\/05\/controles-ministerio-de-trabajo-PBA-500x281.jpg 500w, https:\/\/www.elsindical.com.ar\/notas\/var\/www\/html\/notas\/wp-content\/uploads\/2023\/05\/controles-ministerio-de-trabajo-PBA-460x260.jpg 460w, https:\/\/www.elsindical.com.ar\/notas\/var\/www\/html\/notas\/wp-content\/uploads\/2023\/05\/controles-ministerio-de-trabajo-PBA.jpg 1200w\" sizes=\"auto, (max-width: 1024px) 100vw, 1024px\" \/><\/a><\/figure>\n<\/div>\n\n\n<p>La infracci\u00f3n laboral m\u00e1s detectada en los micros fue la falta de descanso entre jornadas.<\/p>\n\n\n\n<p>El 33 por ciento de los \u00f3mnibus de media y larga distancia inspeccionados por el ministerio de Trabajo de la provincia de Buenos Aires durante el fin de semana largo del 1\u00ba de Mayo fueron infraccionados por incumplir la normativa laboral vigente y las reglamentaciones en materia de Salud y Seguridad en el Trabajo.<\/p>\n\n\n\n<p>Durante la labor desarrollada del 28 de abril al 2 de mayo, en las terminales de La Plata, General Pueyrred\u00f3n, Olavarr\u00eda, Tigre y Tandil se relevaron un total de <strong>375 micros, pertenecientes a 53 empresas, y durante ella se verificaron las condiciones de trabajo de 592 personas<\/strong>.<\/p>\n\n\n\n<p>De las 375 actas labradas por el cuerpo de inspectores de la cartera laboral bonaerense, 122 fueron infracciones. En este sentido, las infracciones laborales m\u00e1s detectadas fueron la falta de descanso entre jornadas, el incumplimiento de la jornada legal de trabajo y el otorgamiento de los francos obligatorios.<\/p>\n\n\n\n<p>En cuanto a las faltas correspondientes al \u00e1mbito de la salud y seguridad laboral, en mayor medida estuvieron <strong>encuadradas en la falta de ropa de trabajo adecuada para la tarea y de asiento ergon\u00f3mico para el conductor<\/strong>, ausencia de elementos de extinci\u00f3n en lugares reglamentarios y de chalecos refractarios necesarios para bajar de la unidad en caso de detenerse.<\/p>\n","protected":false},"excerpt":{"rendered":"<p>La infracci\u00f3n laboral m\u00e1s detectada en los micros fue la falta de descanso entre jornadas. El 33 por ciento de los \u00f3mnibus de media y larga distancia inspeccionados por el ministerio de Trabajo de la provincia de Buenos Aires durante el fin de semana largo del 1\u00ba de Mayo fueron infraccionados por incumplir la normativa&hellip;<\/p>\n","protected":false},"author":1,"featured_media":122399,"comment_status":"open","ping_status":"open","sticky":false,"template":"","format":"standard","meta":{"footnotes":""},"categories":[13],"tags":[154,2450,239,11125,40126,11564],"class_list":["post-122398","post","type-post","status-publish","format-standard","has-post-thumbnail","hentry","category-politica","tag-buenos-aires","tag-diario-el-sindical","tag-la-plata","tag-ministerio-de-trabajo-bonaerense","tag-normas-laborales","tag-transporte"],"_links":{"self":[{"href":"https:\/\/www.elsindical.com.ar\/notas\/wp-json\/wp\/v2\/posts\/122398","targetHints":{"allow":["GET"]}}],"collection":[{"href":"https:\/\/www.elsindical.com.ar\/notas\/wp-json\/wp\/v2\/posts"}],"about":[{"href":"https:\/\/www.elsindical.com.ar\/notas\/wp-json\/wp\/v2\/types\/post"}],"author":[{"embeddable":true,"href":"https:\/\/www.elsindical.com.ar\/notas\/wp-json\/wp\/v2\/users\/1"}],"replies":[{"embeddable":true,"href":"https:\/\/www.elsindical.com.ar\/notas\/wp-json\/wp\/v2\/comments?post=122398"}],"version-history":[{"count":1,"href":"https:\/\/www.elsindical.com.ar\/notas\/wp-json\/wp\/v2\/posts\/122398\/revisions"}],"predecessor-version":[{"id":122400,"href":"https:\/\/www.elsindical.com.ar\/notas\/wp-json\/wp\/v2\/posts\/122398\/revisions\/122400"}],"wp:featuredmedia":[{"embeddable":true,"href":"https:\/\/www.elsindical.com.ar\/notas\/wp-json\/wp\/v2\/media\/122399"}],"wp:attachment":[{"href":"https:\/\/www.elsindical.com.ar\/notas\/wp-json\/wp\/v2\/media?parent=122398"}],"wp:term":[{"taxonomy":"category","embeddable":true,"href":"https:\/\/www.elsindical.com.ar\/notas\/wp-json\/wp\/v2\/categories?post=122398"},{"taxonomy":"post_tag","embeddable":true,"href":"https:\/\/www.elsindical.com.ar\/notas\/wp-json\/wp\/v2\/tags?post=122398"}],"curies":[{"name":"wp","href":"https:\/\/api.w.org\/{rel}","templated":true}]}}