{"id":122395,"date":"2023-05-08T00:18:17","date_gmt":"2023-05-08T03:18:17","guid":{"rendered":"https:\/\/www.elsindical.com.ar\/notas\/?p=122395"},"modified":"2023-05-08T00:18:19","modified_gmt":"2023-05-08T03:18:19","slug":"nuevo-paro-en-el-subte","status":"publish","type":"post","link":"https:\/\/www.elsindical.com.ar\/notas\/nuevo-paro-en-el-subte\/","title":{"rendered":"Nuevo paro en el subte"},"content":{"rendered":"<div class=\"wp-block-image\">\n<figure class=\"aligncenter size-large\"><a href=\"https:\/\/www.elsindical.com.ar\/notas\/var\/www\/html\/notas\/wp-content\/uploads\/2023\/05\/subte-linea-B.jpg\"><img loading=\"lazy\" decoding=\"async\" width=\"1024\" height=\"576\" src=\"https:\/\/www.elsindical.com.ar\/notas\/var\/www\/html\/notas\/wp-content\/uploads\/2023\/05\/subte-linea-B-1024x576.jpg\" alt=\"\" class=\"wp-image-122396\" srcset=\"https:\/\/www.elsindical.com.ar\/notas\/var\/www\/html\/notas\/wp-content\/uploads\/2023\/05\/subte-linea-B-1024x576.jpg 1024w, https:\/\/www.elsindical.com.ar\/notas\/var\/www\/html\/notas\/wp-content\/uploads\/2023\/05\/subte-linea-B-300x169.jpg 300w, https:\/\/www.elsindical.com.ar\/notas\/var\/www\/html\/notas\/wp-content\/uploads\/2023\/05\/subte-linea-B-768x432.jpg 768w, https:\/\/www.elsindical.com.ar\/notas\/var\/www\/html\/notas\/wp-content\/uploads\/2023\/05\/subte-linea-B-500x281.jpg 500w, https:\/\/www.elsindical.com.ar\/notas\/var\/www\/html\/notas\/wp-content\/uploads\/2023\/05\/subte-linea-B-460x260.jpg 460w, https:\/\/www.elsindical.com.ar\/notas\/var\/www\/html\/notas\/wp-content\/uploads\/2023\/05\/subte-linea-B.jpg 1200w\" sizes=\"auto, (max-width: 1024px) 100vw, 1024px\" \/><\/a><\/figure>\n<\/div>\n\n\n<p class=\"wp-block-paragraph\">Los metrodelegados se quejan que la concesionaria del Subte descont\u00f3 cientos de d\u00edas de salario.<\/p>\n\n\n\n<p class=\"wp-block-paragraph\">Un nuevo paro de subtes se realizar\u00e1 este lunes en <strong>las l\u00edneas B y H entre las 13 y las 16 <\/strong>por el reclamo de la reducci\u00f3n de la jornada laboral, el retiro del asbesto de la red y el cambio de las flotas contaminadas.<\/p>\n\n\n\n<p class=\"wp-block-paragraph\">\u201cLos trabajadores del subte paralizaremos este lunes 8 de mayo las l\u00edneas B y H entre las 13 y las 16 <strong>Previamente liberaremos los molinetes entre las 12 y las 13 <\/strong>en las cabeceras de estas mismas l\u00edneas\u201d, informaron los Metrodelegados agrupados en la Asociaci\u00f3n Gremial de Trabajadores del Subte y Premetro (AGTSyP) en un comunicado difundido en las \u00faltimas horas.<\/p>\n\n\n\n<p class=\"wp-block-paragraph\">Y agregaron: \u201cDe este manera <strong>continuamos con las medidas de fuerza reclamando la reducci\u00f3n de la jornada, el retiro del cancer\u00edgeno asbesto de la red y el cambio de las flotas contaminadas<\/strong>\u201c.<\/p>\n\n\n\n<p class=\"wp-block-paragraph\">Los trabajadores del subte denunciaron adem\u00e1s que por los d\u00edas de paro que vienen haciendo les descuentan de sus sueldos. \u201cLa crisis sanitaria actual provocada por la presencia de material cancer\u00edgeno prohibido en toda la red de subte, <strong>se suma la provocaci\u00f3n de la concesionaria Metrov\u00edas-Emova descontado ilegalmente y sin justificaci\u00f3n alguna cientos de d\u00edas de salario<\/strong> a trabajadores de todas las l\u00edneas\u201d, se\u00f1alaron, y remarcaron: \u201cCual apriete mafioso busca que dejemos de denunciar la actitud criminal que tienen contra la salud de usuarios y trabajadores\u201d.<\/p>\n\n\n\n<p class=\"wp-block-paragraph\">Desde AGTSyP, sostuvieron que seguir\u00e1n llevando a cabo este tipo de medidas hasta que el Gobierno de la Ciudad y la concesionaria Metrov\u00edas-Emova den respuesta a sus reclamos y <strong>devuelvan los salarios descontados \u201ca pesar de estos intentos de extorsi\u00f3n\u201d,<\/strong> y no descartan llevar adelante acciones \u201cm\u00e1s profundas\u201d en los pr\u00f3ximos d\u00edas.<\/p>\n","protected":false},"excerpt":{"rendered":"<p>Los metrodelegados se quejan que la concesionaria del Subte descont\u00f3 cientos de d\u00edas de salario. Un nuevo paro de subtes se realizar\u00e1 este lunes en las l\u00edneas B y H entre las 13 y las 16 por el reclamo de la reducci\u00f3n de la jornada laboral, el retiro del asbesto de la red y el&hellip;<\/p>\n","protected":false},"author":1,"featured_media":122396,"comment_status":"open","ping_status":"open","sticky":false,"template":"","format":"standard","meta":{"footnotes":""},"categories":[16],"tags":[7721,2450,4711,40125,292],"class_list":["post-122395","post","type-post","status-publish","format-standard","has-post-thumbnail","hentry","category-gremiales","tag-agtsyp","tag-diario-el-sindical","tag-metrodelegados","tag-paro-subtes","tag-protesta"],"_links":{"self":[{"href":"https:\/\/www.elsindical.com.ar\/notas\/wp-json\/wp\/v2\/posts\/122395","targetHints":{"allow":["GET"]}}],"collection":[{"href":"https:\/\/www.elsindical.com.ar\/notas\/wp-json\/wp\/v2\/posts"}],"about":[{"href":"https:\/\/www.elsindical.com.ar\/notas\/wp-json\/wp\/v2\/types\/post"}],"author":[{"embeddable":true,"href":"https:\/\/www.elsindical.com.ar\/notas\/wp-json\/wp\/v2\/users\/1"}],"replies":[{"embeddable":true,"href":"https:\/\/www.elsindical.com.ar\/notas\/wp-json\/wp\/v2\/comments?post=122395"}],"version-history":[{"count":1,"href":"https:\/\/www.elsindical.com.ar\/notas\/wp-json\/wp\/v2\/posts\/122395\/revisions"}],"predecessor-version":[{"id":122397,"href":"https:\/\/www.elsindical.com.ar\/notas\/wp-json\/wp\/v2\/posts\/122395\/revisions\/122397"}],"wp:featuredmedia":[{"embeddable":true,"href":"https:\/\/www.elsindical.com.ar\/notas\/wp-json\/wp\/v2\/media\/122396"}],"wp:attachment":[{"href":"https:\/\/www.elsindical.com.ar\/notas\/wp-json\/wp\/v2\/media?parent=122395"}],"wp:term":[{"taxonomy":"category","embeddable":true,"href":"https:\/\/www.elsindical.com.ar\/notas\/wp-json\/wp\/v2\/categories?post=122395"},{"taxonomy":"post_tag","embeddable":true,"href":"https:\/\/www.elsindical.com.ar\/notas\/wp-json\/wp\/v2\/tags?post=122395"}],"curies":[{"name":"wp","href":"https:\/\/api.w.org\/{rel}","templated":true}]}}