{"id":122339,"date":"2023-05-05T11:05:03","date_gmt":"2023-05-05T14:05:03","guid":{"rendered":"https:\/\/www.elsindical.com.ar\/notas\/?p=122339"},"modified":"2023-05-05T11:05:05","modified_gmt":"2023-05-05T14:05:05","slug":"elecciones-2023-ya-se-puede-consultar-el-padron-provisorio","status":"publish","type":"post","link":"https:\/\/www.elsindical.com.ar\/notas\/elecciones-2023-ya-se-puede-consultar-el-padron-provisorio\/","title":{"rendered":"Elecciones 2023: Ya se puede consultar el padr\u00f3n provisorio"},"content":{"rendered":"\n<figure class=\"wp-block-image size-large\"><a href=\"https:\/\/www.elsindical.com.ar\/notas\/var\/www\/html\/notas\/wp-content\/uploads\/2023\/05\/padron-provisorio-scaled.jpeg\"><img loading=\"lazy\" decoding=\"async\" width=\"1024\" height=\"512\" src=\"https:\/\/www.elsindical.com.ar\/notas\/var\/www\/html\/notas\/wp-content\/uploads\/2023\/05\/padron-provisorio-1024x512.jpeg\" alt=\"\" class=\"wp-image-122340\" srcset=\"https:\/\/www.elsindical.com.ar\/notas\/var\/www\/html\/notas\/wp-content\/uploads\/2023\/05\/padron-provisorio-1024x512.jpeg 1024w, https:\/\/www.elsindical.com.ar\/notas\/var\/www\/html\/notas\/wp-content\/uploads\/2023\/05\/padron-provisorio-300x150.jpeg 300w, https:\/\/www.elsindical.com.ar\/notas\/var\/www\/html\/notas\/wp-content\/uploads\/2023\/05\/padron-provisorio-768x384.jpeg 768w, https:\/\/www.elsindical.com.ar\/notas\/var\/www\/html\/notas\/wp-content\/uploads\/2023\/05\/padron-provisorio-500x250.jpeg 500w, https:\/\/www.elsindical.com.ar\/notas\/var\/www\/html\/notas\/wp-content\/uploads\/2023\/05\/padron-provisorio-1536x768.jpeg 1536w, https:\/\/www.elsindical.com.ar\/notas\/var\/www\/html\/notas\/wp-content\/uploads\/2023\/05\/padron-provisorio-2048x1024.jpeg 2048w\" sizes=\"auto, (max-width: 1024px) 100vw, 1024px\" \/><\/a><\/figure>\n\n\n\n<p>El cronograma para las elecciones PASO y las generales.<\/p>\n\n\n\n<p>La C\u00e1mara Nacional Electoral (<a href=\"https:\/\/twitter.com\/CamaraElectoral\" target=\"_blank\" rel=\"noreferrer noopener\">CNE<\/a>) public\u00f3 hoy el <strong>padr\u00f3n provisorio<\/strong>, de acuerdo con el cronograma previsto en el camino hacia las elecciones PASO del 13 de agosto y las generales del 22 de octubre pr\u00f3ximo.<\/p>\n\n\n\n<p>\u201cSe encuentra disponible el #Padr\u00f3nProvisorio Es importante que hagas tu consulta para verificar que tus datos registrales figuren de forma correcta y hacer tu reclamo, en caso de existir errores\u201d, public\u00f3 la CNE en sus redes sociales.<\/p>\n\n\n\n<p><strong>La consulta puede hacerse en <a rel=\"noreferrer noopener\" href=\"http:\/\/padron.gob.ar\" target=\"_blank\">http:\/\/padron.gob.ar<\/a> o en la l\u00ednea 0800-9997237.<\/strong><\/p>\n\n\n\n<p>De acuerdo con el cronograma electoral, el 15 de mayo pr\u00f3ximo -90 d\u00edas antes de las primarias abiertas simult\u00e1neas y obligatorias- es la fecha establecida como l\u00edmite para la convocatoria a las PASO, algo que ya concret\u00f3 el presidente Alberto Fern\u00e1ndez con la publicaci\u00f3n del decreto 237\/2023 en el Bolet\u00edn Oficial el 28 de abril pasado.<\/p>\n\n\n\n<p>El cronograma contin\u00faa <strong>el 19 de mayo, d\u00eda en que culmina el plazo para efectuar reclamos de electores sobre sus datos y solicitar eliminaci\u00f3n de fallecidos del padr\u00f3n.<\/strong><\/p>\n\n\n\n<p>Casi un mes despu\u00e9s, <strong>el 14 de junio finaliza el tiempo para pedir el reconocimiento de alianzas transitorias y confederaciones para participar de los comicios<\/strong> y cinco d\u00edas despu\u00e9s -el 19 de junio- los partidos deber\u00e1n informar a la Justicia sobre sus reglamentos, d\u00edas y horarios de funcionamiento, sus juntas electorales, etc. Ese tambi\u00e9n es el \u00faltimo d\u00eda para reclamar los colores que las fuerzas quieren llevar en sus boletas y designar un responsable econ\u00f3mico financiero por cada agrupaci\u00f3n.<\/p>\n\n\n\n<p><strong>El s\u00e1bado 24 de junio es una jornada clave en el camino a las elecciones: a la medianoche de ese d\u00eda vence el plazo para la presentaci\u00f3n de listas de precandidatos<\/strong> ante las juntas electorales partidarias y se inicia formalmente la campa\u00f1a electoral para las PASO.<\/p>\n\n\n\n<p>Luego, el 1 de julio es la fecha l\u00edmite para asignar espacios de publicidad en medios de comunicaci\u00f3n audiovisual por medio de un sorteo p\u00fablico que realiza la Direcci\u00f3n Nacional Electoral (DINE) y el 9 de ese mes comienza la campa\u00f1a en esos espacios.<\/p>\n\n\n\n<p><strong>El 14 de julio se designan las autoridades de mesa<\/strong>, termina el plazo para que los juzgados federales resuelvan sobre la aprobaci\u00f3n formal de las boletas oficializadas, se imprimen y publican los padrones definitivos y comienza la difusi\u00f3n de mensajes institucionales de formaci\u00f3n c\u00edvica y educaci\u00f3n digital sobre cuestiones electorales y el uso responsable y cr\u00edtico de la informaci\u00f3n electoral disponible en internet.<\/p>\n\n\n\n<p><strong>El 19 de julio -25 d\u00edas antes de las PASO- comienza la prohibici\u00f3n de actos p\u00fablicos susceptibles de promover la captaci\u00f3n del sufragio.<\/strong><\/p>\n\n\n\n<p>En tanto, el 24 de ese mes es la \u00faltima fecha para formalizar la convocatoria a las elecciones generales y el 29 ser\u00e1n difundidos los lugares y mesas de votaci\u00f3n.<\/p>\n\n\n\n<p><strong>El viernes 11 de agosto finaliza la campa\u00f1a y a las 8 de la ma\u00f1ana comienza la veda electoral, de cara a las PASO, previstas para el domingo 13 entre las 8 y las 18 en todo el pa\u00eds.<\/strong><\/p>\n\n\n\n<p>El martes 15 de agosto queda clausurada la posibilidad de efectuar reclamos y protestas sobre vicios en la constituci\u00f3n y funcionamiento de las mesas y sobre la elecci\u00f3n y a las 18 de ese d\u00eda comienza el escrutinio definitivo.<\/p>\n\n\n\n<h2 class=\"wp-block-heading\">Las elecciones generales<\/h2>\n\n\n\n<p>De cara ya a las elecciones generales, el 23 de agosto se constituyen las Juntas Electorales Nacionales y el 2 de setiembre se inicia la campa\u00f1a electoral para esos comicios, tras la culminaci\u00f3n del plazo para la registraci\u00f3n de candidatos proclamados en las PASO.<\/p>\n\n\n\n<p>El 9 de septiembre se termina el tiempo para asignar espacios de publicidad en medios audiovisuales y el 12 finaliza el plazo para presentar el informe final por agrupaci\u00f3n ante el juzgado federal electoral.<\/p>\n\n\n\n<p><strong>El 17 empieza la campa\u00f1a en medios audiovisuales y el 23 se imprimen los padrones definitivos, en tanto, el 27 de septiembre comienza la prohibici\u00f3n de actos p\u00fablicos susceptibles de promover la captaci\u00f3n del sufragio.<\/strong><\/p>\n\n\n\n<p>El domingo 1 de octubre es la fecha establecida para la realizaci\u00f3n del debate presidencial obligatorio, el 7 de octubre se difundir\u00e1n los lugares de votaci\u00f3n y al d\u00eda siguiente est\u00e1 previsto el segundo debate.<\/p>\n\n\n\n<p>El 12 de octubre vence al plazo para la justificaci\u00f3n del \u201cno voto\u201d en las PASO y desde el 14 se proh\u00edbe la difusi\u00f3n de encuestas porque el 20 de ese mes finaliza la campa\u00f1a y desde las 8 de ese d\u00eda, rige la veda electoral.<\/p>\n\n\n\n<p><strong>Finalmente las elecciones generales se desarrollar\u00e1n el domingo 22 de octubre entre las 8 y las 18.<\/strong><\/p>\n\n\n\n<p>El 24 se dar\u00e1 inicio al escrutinio definitivo y, en caso de una segunda vuelta, el debate de candidatos est\u00e1 previsto para el d\u00eda 12 de noviembre y la segunda vuelta se realizar\u00eda el 19 de ese mes.<\/p>\n","protected":false},"excerpt":{"rendered":"<p>El cronograma para las elecciones PASO y las generales. La C\u00e1mara Nacional Electoral (CNE) public\u00f3 hoy el padr\u00f3n provisorio, de acuerdo con el cronograma previsto en el camino hacia las elecciones PASO del 13 de agosto y las generales del 22 de octubre pr\u00f3ximo. \u201cSe encuentra disponible el #Padr\u00f3nProvisorio Es importante que hagas tu consulta&hellip;<\/p>\n","protected":false},"author":1,"featured_media":122340,"comment_status":"open","ping_status":"open","sticky":false,"template":"","format":"standard","meta":{"footnotes":""},"categories":[13],"tags":[14370,5997,2450,244,34260,40107,26606],"class_list":["post-122339","post","type-post","status-publish","format-standard","has-post-thumbnail","hentry","category-politica","tag-cne","tag-consultas","tag-diario-el-sindical","tag-elecciones","tag-elecciones-2023","tag-padron-provisorio","tag-votantes"],"_links":{"self":[{"href":"https:\/\/www.elsindical.com.ar\/notas\/wp-json\/wp\/v2\/posts\/122339","targetHints":{"allow":["GET"]}}],"collection":[{"href":"https:\/\/www.elsindical.com.ar\/notas\/wp-json\/wp\/v2\/posts"}],"about":[{"href":"https:\/\/www.elsindical.com.ar\/notas\/wp-json\/wp\/v2\/types\/post"}],"author":[{"embeddable":true,"href":"https:\/\/www.elsindical.com.ar\/notas\/wp-json\/wp\/v2\/users\/1"}],"replies":[{"embeddable":true,"href":"https:\/\/www.elsindical.com.ar\/notas\/wp-json\/wp\/v2\/comments?post=122339"}],"version-history":[{"count":1,"href":"https:\/\/www.elsindical.com.ar\/notas\/wp-json\/wp\/v2\/posts\/122339\/revisions"}],"predecessor-version":[{"id":122341,"href":"https:\/\/www.elsindical.com.ar\/notas\/wp-json\/wp\/v2\/posts\/122339\/revisions\/122341"}],"wp:featuredmedia":[{"embeddable":true,"href":"https:\/\/www.elsindical.com.ar\/notas\/wp-json\/wp\/v2\/media\/122340"}],"wp:attachment":[{"href":"https:\/\/www.elsindical.com.ar\/notas\/wp-json\/wp\/v2\/media?parent=122339"}],"wp:term":[{"taxonomy":"category","embeddable":true,"href":"https:\/\/www.elsindical.com.ar\/notas\/wp-json\/wp\/v2\/categories?post=122339"},{"taxonomy":"post_tag","embeddable":true,"href":"https:\/\/www.elsindical.com.ar\/notas\/wp-json\/wp\/v2\/tags?post=122339"}],"curies":[{"name":"wp","href":"https:\/\/api.w.org\/{rel}","templated":true}]}}