{"id":122332,"date":"2023-05-05T01:22:31","date_gmt":"2023-05-05T04:22:31","guid":{"rendered":"https:\/\/www.elsindical.com.ar\/notas\/?p=122332"},"modified":"2023-05-05T01:23:56","modified_gmt":"2023-05-05T04:23:56","slug":"lanus-violento-intento-de-robo-con-tiroteo-en-un-caso-mas-de-inseguridad","status":"publish","type":"post","link":"https:\/\/www.elsindical.com.ar\/notas\/lanus-violento-intento-de-robo-con-tiroteo-en-un-caso-mas-de-inseguridad\/","title":{"rendered":"Lan\u00fas: Violento intento de robo con tiroteo en un caso m\u00e1s de inseguridad"},"content":{"rendered":"<div class=\"wp-block-image\">\n<figure class=\"aligncenter size-full\"><a href=\"https:\/\/www.elsindical.com.ar\/notas\/var\/www\/html\/notas\/wp-content\/uploads\/2023\/05\/delincuente-detenido-en-Lanus.jpeg\"><img loading=\"lazy\" decoding=\"async\" width=\"1024\" height=\"576\" src=\"https:\/\/www.elsindical.com.ar\/notas\/var\/www\/html\/notas\/wp-content\/uploads\/2023\/05\/delincuente-detenido-en-Lanus.jpeg\" alt=\"\" class=\"wp-image-122333\" srcset=\"https:\/\/www.elsindical.com.ar\/notas\/var\/www\/html\/notas\/wp-content\/uploads\/2023\/05\/delincuente-detenido-en-Lanus.jpeg 1024w, https:\/\/www.elsindical.com.ar\/notas\/var\/www\/html\/notas\/wp-content\/uploads\/2023\/05\/delincuente-detenido-en-Lanus-300x169.jpeg 300w, https:\/\/www.elsindical.com.ar\/notas\/var\/www\/html\/notas\/wp-content\/uploads\/2023\/05\/delincuente-detenido-en-Lanus-768x432.jpeg 768w, https:\/\/www.elsindical.com.ar\/notas\/var\/www\/html\/notas\/wp-content\/uploads\/2023\/05\/delincuente-detenido-en-Lanus-500x281.jpeg 500w, https:\/\/www.elsindical.com.ar\/notas\/var\/www\/html\/notas\/wp-content\/uploads\/2023\/05\/delincuente-detenido-en-Lanus-460x260.jpeg 460w\" sizes=\"auto, (max-width: 1024px) 100vw, 1024px\" \/><\/a><\/figure>\n<\/div>\n\n\n<p><strong>Un hombre result\u00f3 herido a balazos cuando, junto a varios c\u00f3mplices, intent\u00f3 asaltar una f\u00e1brica de autopartes en la localidad bonaerense de Villa Industriales,<\/strong> partido de Lan\u00fas, y se tirote\u00f3 con efectivos de la comisar\u00eda de la zona que intentaron detenerlos, uno de los cuales sufri\u00f3 golpes al caer de un techo, informaron hoy fuentes policiales.<\/p>\n\n\n\n<p>El hecho ocurri\u00f3 alrededor de las 13.30 en el cruce de Concejal H\u00e9ctor Noya y Resistencia, en jurisdicci\u00f3n del mencionado distrito de la zona sur del conurbano, y adem\u00e1s del asaltante herido fueron detenidos otros dos c\u00f3mplices.<\/p>\n\n\n\n<p>Fuentes policiales informaron a T\u00e9lam que todo comenz\u00f3 cuando <strong>cuatro delincuentes armados ingresaron a una f\u00e1brica de autopartes a trav\u00e9s de una casa ubicada en la parte trasera.<\/strong><\/p>\n\n\n\n<p>Sin embargo, un llamado al 132, n\u00famero de emergencias del municipio local, alert\u00f3 a la Polic\u00eda e inmediatamente arribaron al lugar varios patrulleros que rodearon la zona.<\/p>\n\n\n\n<p>En ese marco, los efectivos mantuvieron un tiroteo con los asaltantes, uno de los cuales result\u00f3 herido de bala en la pierna izquierda y en la espalda.<\/p>\n\n\n\n<p>Seg\u00fan las fuentes, el hombre, identificado por la polic\u00eda como Jos\u00e9 Vallejos (33), fue trasladado en ambulancia al hospital Evita de Lan\u00fas, donde qued\u00f3 internado bajo custodia.<\/p>\n\n\n\n<p>Adem\u00e1s, <strong>dos c\u00f3mplices fueron aprehendidos y el restante huy\u00f3 a la carrera, a<\/strong>\u00f1adieron los voceros.<\/p>\n\n\n\n<p>En tanto, el sargento Cristian Carrizo cay\u00f3 al piso desde unos tres metros y medio luego de que cedi\u00f3 el techo al que hab\u00eda subido para buscar a los delincuentes, por lo que fue llevado al mismo centro de salud por presentar dolores en la espalda y la cadera.<\/p>\n\n\n\n<p>Los pesquisas sospechan que la banda realiz\u00f3 tareas de inteligencia para ingresar a la f\u00e1brica, dijeron las fuentes.<\/p>\n\n\n\n<p>El hecho es investigado por personal de la fiscal\u00eda en turno del Departamento Judicial Avellaneda \u2013 Lan\u00fas.<\/p>\n\n\n\n<figure class=\"wp-block-video\"><video controls src=\"blob:https:\/\/www.elsindical.com.ar\/1bb8eb2a-4366-4912-afa4-187d21978c54\"><\/video><\/figure>\n","protected":false},"excerpt":{"rendered":"<p>Un hombre result\u00f3 herido a balazos cuando, junto a varios c\u00f3mplices, intent\u00f3 asaltar una f\u00e1brica de autopartes en la localidad bonaerense de Villa Industriales, partido de Lan\u00fas, y se tirote\u00f3 con efectivos de la comisar\u00eda de la zona que intentaron detenerlos, uno de los cuales sufri\u00f3 golpes al caer de un techo, informaron hoy fuentes&hellip;<\/p>\n","protected":false},"author":1,"featured_media":122333,"comment_status":"open","ping_status":"open","sticky":false,"template":"","format":"standard","meta":{"footnotes":""},"categories":[22],"tags":[2450,23470,984,40105,209,116,238],"class_list":["post-122332","post","type-post","status-publish","format-standard","has-post-thumbnail","hentry","category-policiales","tag-diario-el-sindical","tag-diego-kravetz","tag-inseguridad","tag-jose-vallejos","tag-lanus","tag-robo","tag-tiroteo"],"_links":{"self":[{"href":"https:\/\/www.elsindical.com.ar\/notas\/wp-json\/wp\/v2\/posts\/122332","targetHints":{"allow":["GET"]}}],"collection":[{"href":"https:\/\/www.elsindical.com.ar\/notas\/wp-json\/wp\/v2\/posts"}],"about":[{"href":"https:\/\/www.elsindical.com.ar\/notas\/wp-json\/wp\/v2\/types\/post"}],"author":[{"embeddable":true,"href":"https:\/\/www.elsindical.com.ar\/notas\/wp-json\/wp\/v2\/users\/1"}],"replies":[{"embeddable":true,"href":"https:\/\/www.elsindical.com.ar\/notas\/wp-json\/wp\/v2\/comments?post=122332"}],"version-history":[{"count":2,"href":"https:\/\/www.elsindical.com.ar\/notas\/wp-json\/wp\/v2\/posts\/122332\/revisions"}],"predecessor-version":[{"id":122335,"href":"https:\/\/www.elsindical.com.ar\/notas\/wp-json\/wp\/v2\/posts\/122332\/revisions\/122335"}],"wp:featuredmedia":[{"embeddable":true,"href":"https:\/\/www.elsindical.com.ar\/notas\/wp-json\/wp\/v2\/media\/122333"}],"wp:attachment":[{"href":"https:\/\/www.elsindical.com.ar\/notas\/wp-json\/wp\/v2\/media?parent=122332"}],"wp:term":[{"taxonomy":"category","embeddable":true,"href":"https:\/\/www.elsindical.com.ar\/notas\/wp-json\/wp\/v2\/categories?post=122332"},{"taxonomy":"post_tag","embeddable":true,"href":"https:\/\/www.elsindical.com.ar\/notas\/wp-json\/wp\/v2\/tags?post=122332"}],"curies":[{"name":"wp","href":"https:\/\/api.w.org\/{rel}","templated":true}]}}