{"id":12227,"date":"2011-02-04T01:16:42","date_gmt":"2011-02-04T04:16:42","guid":{"rendered":"http:\/\/www.elsindical.com.ar\/notas\/?p=12227"},"modified":"2011-02-04T01:16:42","modified_gmt":"2011-02-04T04:16:42","slug":"jose-leon-suarezal-menos-dos-muertos-y-varios-heridos-en-intento-de-robo-a-un-tren","status":"publish","type":"post","link":"https:\/\/www.elsindical.com.ar\/notas\/jose-leon-suarezal-menos-dos-muertos-y-varios-heridos-en-intento-de-robo-a-un-tren\/","title":{"rendered":"Jos\u00e9 Le\u00f3n Su\u00e1rez:Al menos dos muertos y varios heridos en intento de robo a un tren"},"content":{"rendered":"<p style=\"text-align: justify;\"><em><a href=\"http:\/\/www.elsindical.com.ar\/notas\/var\/www\/html\/notas\/wp-content\/uploads\/2011\/02\/tren-descarrilado-por-robo.jpg\"><img loading=\"lazy\" decoding=\"async\" class=\"alignleft size-medium wp-image-12228\" title=\"tren-descarrilado-por-robo\" src=\"http:\/\/www.elsindical.com.ar\/notas\/var\/www\/html\/notas\/wp-content\/uploads\/2011\/02\/tren-descarrilado-por-robo-300x225.jpg\" alt=\"\" width=\"300\" height=\"225\" srcset=\"https:\/\/www.elsindical.com.ar\/notas\/var\/www\/html\/notas\/wp-content\/uploads\/2011\/02\/tren-descarrilado-por-robo-300x225.jpg 300w, https:\/\/www.elsindical.com.ar\/notas\/var\/www\/html\/notas\/wp-content\/uploads\/2011\/02\/tren-descarrilado-por-robo.jpg 413w\" sizes=\"auto, (max-width: 300px) 100vw, 300px\" \/><\/a>Al menos una persona falleci\u00f3 mientras otras dos tuvieron que ser internadas en grave estado despu\u00e9s de que agentes de la Polic\u00eda bonaerense repelieran a balazos, de acuerdo con testigos, el presunto intento de saqueo de un tren en Jos\u00e9 Le\u00f3n Su\u00e1rez.<\/em><\/p>\n<p style=\"text-align: justify;\">El incidente se registr\u00f3 en cercan\u00edas de la villa La C\u00e1rcova, en el distrito de San Mart\u00edn, donde seg\u00fan voceros policiales, gente de ese asentamiento forz\u00f3 el descarrilamiento del convoy, trat\u00f3 de robarlo y luego atac\u00f3 a tiros a los efectivos de la Bonaerense cuando llegaron al lugar en respuesta a un llamado al 911.<\/p>\n<p style=\"text-align: justify;\">La persona fallecida fue identificada como Franco Almir\u00f3n, de apenas 16 a\u00f1os y que, de acuerdo con el testimonio de familiares, presentaba al menos seis heridas de bala, en la cabeza, el pecho y la espalda.<\/p>\n<p style=\"text-align: justify;\">Horas m\u00e1s tarde de la refriega con la Polic\u00eda en la villa La C\u00e1rcova, vecinos de la zona se movilizaron hasta la comisar\u00eda 4ta de San Mart\u00edn, en el oeste del Gran Buenos Aires, para repudiar la muerte del adolescente.<\/p>\n<p style=\"text-align: justify;\">La protesta incluy\u00f3 un ataque a pedradas contra la fachada de la delegaci\u00f3n policial, en Juan Manuel de Rosas al 2500, y m\u00e1s tarde algunos de los manifestantes -cuando los efectivos de esa comisar\u00eda trataban de dispersarlos- provocaron destrozos y saqueos en locales comerciales.<\/p>\n<p style=\"text-align: justify;\">La saga completa se registr\u00f3 en pleno centro de Jos\u00e9 Le\u00f3n Su\u00e1rez y la Polic\u00eda detuvo a una veintena de personas, seg\u00fan se inform\u00f3 a la prensa.<\/p>\n<p style=\"text-align: justify;\">Los vecinos denunciaron que un nene de seis a\u00f1os tambi\u00e9n hab\u00eda perdido la vida en la balacera, informaci\u00f3n que hasta las 23:30 hs.\u00a0de este jueves no hab\u00eda sido confirmada de manera oficial.\u00a0<\/p>\n<p style=\"text-align: justify;\">Seg\u00fan el testimonio de un maquinista del tren, pobladores de La C\u00e1rcova trataron de robar el convoy de la firma Nuevo Central Argentino (NCA) que trasportaba autopartes hacia Rosario, luego de balear la formaci\u00f3n, bloquear su paso con troncos en las v\u00edas y forzar de esta manera su descarrilamiento.<\/p>\n<p style=\"text-align: justify;\">El hecho se registr\u00f3 a las 14:40 hs.\u00a0y minutos m\u00e1s tarde intervino la Polic\u00eda bonaerense despu\u00e9s de recibir un llamado al n\u00famero telef\u00f3nico de emergencias 911.<\/p>\n<p style=\"text-align: justify;\">El jefe departamental de San Mart\u00edn, Mario Brice\u00f1o, dijo a la prensa que los agentes, al llegar al sitio del presunto robo al tren (L\u00ednea Mitre), fueron atacados a tiros por gente de la villa La C\u00e1rcova y respondieron a esa agresi\u00f3n, dando origen a una batalla campal.<\/p>\n<p style=\"text-align: justify;\">Tambi\u00e9n indic\u00f3 que la Fuerza s\u00f3lo ten\u00eda confirmado un deceso, el del muchacho de 16 a\u00f1os, m\u00e1s dos heridos graves, como consecuencia de un \u00abenfrentamiento\u00bb a balazos.<\/p>\n<p style=\"text-align: justify;\">Brice\u00f1o asegur\u00f3 que al menos cinco patrulleros presentaban impactos de bala, en un incidente registrado a escasos 800 metros del sitio en donde un efectivo de la Bonaerense hab\u00eda sido asesinado m\u00e1s temprano, al ser sorprendido por delincuentes que le robaron su arma reglamentaria.<\/p>\n<p style=\"text-align: justify;\">De todos modos, el fiscal de San Mart\u00edn Marcelo Sendot dispuso apartar de la investigaci\u00f3n a la Polic\u00eda bonaerense y design\u00f3 en su lugar a Gendarmer\u00eda nacional para llevar adelante las pesquisas tras la muerte del joven de 16 a\u00f1os.<\/p>\n<p style=\"text-align: justify;\">Sendot intenta determinar de qu\u00e9 manera actuaron los agentes de la Bonaerense al llegar al lugar del supuesto atraco al convoy y ser recibidos de manera hostil por un grupo de j\u00f3venes de la villa La C\u00e1rcova.<\/p>\n","protected":false},"excerpt":{"rendered":"<p>Al menos una persona falleci\u00f3 mientras otras dos tuvieron que ser internadas en grave estado despu\u00e9s de que agentes de la Polic\u00eda bonaerense repelieran a balazos, de acuerdo con testigos, el presunto intento de saqueo de un tren en Jos\u00e9 Le\u00f3n Su\u00e1rez. El incidente se registr\u00f3 en cercan\u00edas de la villa La C\u00e1rcova, en el&hellip;<\/p>\n","protected":false},"author":1,"featured_media":0,"comment_status":"open","ping_status":"open","sticky":false,"template":"","format":"standard","meta":{"footnotes":""},"categories":[22],"tags":[582,4398,649,30,5857,5858],"class_list":["post-12227","post","type-post","status-publish","format-standard","hentry","category-policiales","tag-heridos","tag-jose-leon-suarez","tag-muertos","tag-policia","tag-robo-tren","tag-saqueo"],"_links":{"self":[{"href":"https:\/\/www.elsindical.com.ar\/notas\/wp-json\/wp\/v2\/posts\/12227","targetHints":{"allow":["GET"]}}],"collection":[{"href":"https:\/\/www.elsindical.com.ar\/notas\/wp-json\/wp\/v2\/posts"}],"about":[{"href":"https:\/\/www.elsindical.com.ar\/notas\/wp-json\/wp\/v2\/types\/post"}],"author":[{"embeddable":true,"href":"https:\/\/www.elsindical.com.ar\/notas\/wp-json\/wp\/v2\/users\/1"}],"replies":[{"embeddable":true,"href":"https:\/\/www.elsindical.com.ar\/notas\/wp-json\/wp\/v2\/comments?post=12227"}],"version-history":[{"count":1,"href":"https:\/\/www.elsindical.com.ar\/notas\/wp-json\/wp\/v2\/posts\/12227\/revisions"}],"predecessor-version":[{"id":12229,"href":"https:\/\/www.elsindical.com.ar\/notas\/wp-json\/wp\/v2\/posts\/12227\/revisions\/12229"}],"wp:attachment":[{"href":"https:\/\/www.elsindical.com.ar\/notas\/wp-json\/wp\/v2\/media?parent=12227"}],"wp:term":[{"taxonomy":"category","embeddable":true,"href":"https:\/\/www.elsindical.com.ar\/notas\/wp-json\/wp\/v2\/categories?post=12227"},{"taxonomy":"post_tag","embeddable":true,"href":"https:\/\/www.elsindical.com.ar\/notas\/wp-json\/wp\/v2\/tags?post=12227"}],"curies":[{"name":"wp","href":"https:\/\/api.w.org\/{rel}","templated":true}]}}