{"id":122214,"date":"2023-04-29T17:13:58","date_gmt":"2023-04-29T20:13:58","guid":{"rendered":"https:\/\/www.elsindical.com.ar\/notas\/?p=122214"},"modified":"2023-04-29T17:13:58","modified_gmt":"2023-04-29T20:13:58","slug":"maximiliano-gallucci-se-subio-esta-semana-al-podio-del-candidato-mas-imbecil","status":"publish","type":"post","link":"https:\/\/www.elsindical.com.ar\/notas\/maximiliano-gallucci-se-subio-esta-semana-al-podio-del-candidato-mas-imbecil\/","title":{"rendered":"Maximiliano Gallucci se subi\u00f3 esta semana al podio del candidato m\u00e1s imb\u00e9cil"},"content":{"rendered":"<div class=\"wp-block-image\">\n<figure class=\"aligncenter size-full\"><a href=\"https:\/\/www.elsindical.com.ar\/notas\/var\/www\/html\/notas\/wp-content\/uploads\/2023\/04\/Maxi-y-Juani.jpg\"><img loading=\"lazy\" decoding=\"async\" width=\"679\" height=\"677\" src=\"https:\/\/www.elsindical.com.ar\/notas\/var\/www\/html\/notas\/wp-content\/uploads\/2023\/04\/Maxi-y-Juani.jpg\" alt=\"\" class=\"wp-image-122215\" srcset=\"https:\/\/www.elsindical.com.ar\/notas\/var\/www\/html\/notas\/wp-content\/uploads\/2023\/04\/Maxi-y-Juani.jpg 679w, https:\/\/www.elsindical.com.ar\/notas\/var\/www\/html\/notas\/wp-content\/uploads\/2023\/04\/Maxi-y-Juani-300x300.jpg 300w, https:\/\/www.elsindical.com.ar\/notas\/var\/www\/html\/notas\/wp-content\/uploads\/2023\/04\/Maxi-y-Juani-150x150.jpg 150w, https:\/\/www.elsindical.com.ar\/notas\/var\/www\/html\/notas\/wp-content\/uploads\/2023\/04\/Maxi-y-Juani-301x300.jpg 301w, https:\/\/www.elsindical.com.ar\/notas\/var\/www\/html\/notas\/wp-content\/uploads\/2023\/04\/Maxi-y-Juani-50x50.jpg 50w\" sizes=\"auto, (max-width: 679px) 100vw, 679px\" \/><\/a><\/figure>\n<\/div>\n\n\n<p>   La lucha por el imb\u00e9cil de la semana entre los candidatos pol\u00edticos de Avellaneda viene muy peleada, lo peor es que todos en la actualidad son funcionarios electos o pol\u00edticos, una se\u00f1al de que no han aprendido nada y que no sienten verg\u00fcenza en burlarse de los vecinos con sus publicaciones de campa\u00f1a, Gallucci viene empatado con Fernando Landaburu, le sigue Lucas Yacob y el resto vienen con intermitencias.<\/p>\n\n\n\n<p>En sus rid\u00edculas publicaciones ahora se despacho con un cuento chino que voy a referenciar textual:<\/p>\n\n\n\n<p><strong>Juani tiene 16 a\u00f1os. Nos escribi\u00f3 un d\u00eda v\u00eda Instagram y vino a visitarme. Tiene muchos sue\u00f1os, entre ellos vivir en una Avellaneda mejor.<br><\/strong><br><strong>Ide\u00f3 un plan de seguridad para el municipio, digno de los mejores especialistas en la materia. Gracias Juani por ense\u00f1arme el empuje que la juventud tiene para nuestro futuro!<\/strong><\/p>\n\n\n\n<p>Parece que acostumbrados a un coucheo berreta, Gallucci cree que con poner unas fotos de un adolescente y decir que tiene sue\u00f1os (todos los tienen) pero solo refiere entre ellos vivir en una Avellaneda mejor, \u00bfcu\u00e1l ser\u00eda la novedad? quien quiere vivir peor.<\/p>\n\n\n\n<p>Nos cuenta que ideo un \u00abplan de seguridad\u00bb, digno de los mejores especialistas en la materia, ac\u00e1 Maxi se va al pasto y adem\u00e1s acelera, \u00bfde qu\u00e9 se trata el plan?, no lo dice, \u00bfa qu\u00e9 especialistas conoce Maxi?, porque por las pavadas que viene repitiendo sobre la inseguridad y la magia de que se soluciona solo con decisi\u00f3n parece que est\u00e1 mal asesorado.<\/p>\n\n\n\n<p>Decir que un adolescente de 16 a\u00f1os ideo un plan excelente de seguridad es burlarse del adolescente, de los vecinos y no tener respeto por los familiares de v\u00edctimas de la inseguridad, con esto Maxi se asegur\u00f3 em premio al imb\u00e9cil de la semana, cuesta creer que este mamarracho es el presidente del bloque de Cambiemos en el HCD de Avellaneda, que sea abogado y que siendo tan limitado haya accedido a ocupar 3 cargos p\u00fablicos a la vez, imaginen si pensara antes de hablar la intendencia le queda chica.<\/p>\n\n\n\n<p>Por Marcelo Ricardo Hawrylciw<\/p>\n","protected":false},"excerpt":{"rendered":"<p>La lucha por el imb\u00e9cil de la semana entre los candidatos pol\u00edticos de Avellaneda viene muy peleada, lo peor es que todos en la actualidad son funcionarios electos o pol\u00edticos, una se\u00f1al de que no han aprendido nada y que no sienten verg\u00fcenza en burlarse de los vecinos con sus publicaciones de campa\u00f1a, Gallucci viene&hellip;<\/p>\n","protected":false},"author":1,"featured_media":122215,"comment_status":"open","ping_status":"open","sticky":false,"template":"","format":"standard","meta":{"footnotes":""},"categories":[10],"tags":[461,22169,5673,2450,21713,39692,984,40069,31166,29303,29304],"class_list":["post-122214","post","type-post","status-publish","format-standard","has-post-thumbnail","hentry","category-editorial","tag-avellaneda","tag-cambiemos","tag-candidato","tag-diario-el-sindical","tag-fernando-landaburu","tag-imbecil","tag-inseguridad","tag-jauni","tag-juntos-por-el-cambio","tag-lucas-yacob","tag-maximiliano-gallucci"],"_links":{"self":[{"href":"https:\/\/www.elsindical.com.ar\/notas\/wp-json\/wp\/v2\/posts\/122214","targetHints":{"allow":["GET"]}}],"collection":[{"href":"https:\/\/www.elsindical.com.ar\/notas\/wp-json\/wp\/v2\/posts"}],"about":[{"href":"https:\/\/www.elsindical.com.ar\/notas\/wp-json\/wp\/v2\/types\/post"}],"author":[{"embeddable":true,"href":"https:\/\/www.elsindical.com.ar\/notas\/wp-json\/wp\/v2\/users\/1"}],"replies":[{"embeddable":true,"href":"https:\/\/www.elsindical.com.ar\/notas\/wp-json\/wp\/v2\/comments?post=122214"}],"version-history":[{"count":1,"href":"https:\/\/www.elsindical.com.ar\/notas\/wp-json\/wp\/v2\/posts\/122214\/revisions"}],"predecessor-version":[{"id":122216,"href":"https:\/\/www.elsindical.com.ar\/notas\/wp-json\/wp\/v2\/posts\/122214\/revisions\/122216"}],"wp:featuredmedia":[{"embeddable":true,"href":"https:\/\/www.elsindical.com.ar\/notas\/wp-json\/wp\/v2\/media\/122215"}],"wp:attachment":[{"href":"https:\/\/www.elsindical.com.ar\/notas\/wp-json\/wp\/v2\/media?parent=122214"}],"wp:term":[{"taxonomy":"category","embeddable":true,"href":"https:\/\/www.elsindical.com.ar\/notas\/wp-json\/wp\/v2\/categories?post=122214"},{"taxonomy":"post_tag","embeddable":true,"href":"https:\/\/www.elsindical.com.ar\/notas\/wp-json\/wp\/v2\/tags?post=122214"}],"curies":[{"name":"wp","href":"https:\/\/api.w.org\/{rel}","templated":true}]}}