{"id":122184,"date":"2023-04-28T09:32:02","date_gmt":"2023-04-28T12:32:02","guid":{"rendered":"https:\/\/www.elsindical.com.ar\/notas\/?p=122184"},"modified":"2023-04-28T09:32:03","modified_gmt":"2023-04-28T12:32:03","slug":"la-plata-gran-discurso-de-cristina-kirchner-con-desarrollo-de-la-economia-y-tomando-distancia-de-una-posible-candidatura","status":"publish","type":"post","link":"https:\/\/www.elsindical.com.ar\/notas\/la-plata-gran-discurso-de-cristina-kirchner-con-desarrollo-de-la-economia-y-tomando-distancia-de-una-posible-candidatura\/","title":{"rendered":"La Plata: Gran discurso de Cristina Kirchner, con desarrollo de la econom\u00eda y tomando distancia de una posible candidatura"},"content":{"rendered":"\n<figure class=\"wp-block-image size-large\"><a href=\"https:\/\/www.elsindical.com.ar\/notas\/var\/www\/html\/notas\/wp-content\/uploads\/2023\/04\/CFK-La-Plata-2023.jpg\"><img loading=\"lazy\" decoding=\"async\" width=\"1024\" height=\"576\" src=\"https:\/\/www.elsindical.com.ar\/notas\/var\/www\/html\/notas\/wp-content\/uploads\/2023\/04\/CFK-La-Plata-2023-1024x576.jpg\" alt=\"\" class=\"wp-image-122185\" srcset=\"https:\/\/www.elsindical.com.ar\/notas\/var\/www\/html\/notas\/wp-content\/uploads\/2023\/04\/CFK-La-Plata-2023-1024x576.jpg 1024w, https:\/\/www.elsindical.com.ar\/notas\/var\/www\/html\/notas\/wp-content\/uploads\/2023\/04\/CFK-La-Plata-2023-300x169.jpg 300w, https:\/\/www.elsindical.com.ar\/notas\/var\/www\/html\/notas\/wp-content\/uploads\/2023\/04\/CFK-La-Plata-2023-768x432.jpg 768w, https:\/\/www.elsindical.com.ar\/notas\/var\/www\/html\/notas\/wp-content\/uploads\/2023\/04\/CFK-La-Plata-2023-500x281.jpg 500w, https:\/\/www.elsindical.com.ar\/notas\/var\/www\/html\/notas\/wp-content\/uploads\/2023\/04\/CFK-La-Plata-2023-460x260.jpg 460w, https:\/\/www.elsindical.com.ar\/notas\/var\/www\/html\/notas\/wp-content\/uploads\/2023\/04\/CFK-La-Plata-2023.jpg 1200w\" sizes=\"auto, (max-width: 1024px) 100vw, 1024px\" \/><\/a><\/figure>\n\n\n\n<p class=\"wp-block-paragraph\">La vicepresidenta <strong>Cristina Kirchner<\/strong> record\u00f3 este jueves que <strong>\u00abla dolarizaci\u00f3n fracas\u00f3 hace 20 a\u00f1os\u00bb<\/strong> en Argentina, al advertir que \u00abparece que el pasado quiere venir nuevamente para condicionarnos\u00bb, y llam\u00f3 al peronismo a construir \u00abprogramas de gobierno\u00bb porque, dijo, <strong>\u00abno se trata de personas\u00bb. <\/strong>Al final de su discurso, la ex mandataria lanz\u00f3 una frase contundente respecto a una eventual candidatura: <strong>\u00abYo ya viv\u00ed y di lo que ten\u00eda que dar\u00bb.<\/strong><\/p>\n\n\n\n<p class=\"wp-block-paragraph\">La vicepresidenta se refiri\u00f3 varias veces al precandidato Javier Milei, sin nombrarlo directamente aunque aludi\u00f3 a \u00e9l con la palabra \u00abmamarracho\u00bb, por decir que \u00abla casta (pol\u00edtica) tiene miedo\u00bb, y se pregunt\u00f3 al respecto \u00aba qui\u00e9n le van a hacer creer\u00bb desde ese sector que<strong> \u00abvan a poder controlar lo que hace el poder econ\u00f3mico concentrado\u00bb.<\/strong><\/p>\n\n\n\n<p class=\"wp-block-paragraph\">La exmandataria apunt\u00f3 adem\u00e1s contra el economista Emilio Ocampo, elogiado por Milei, por proponer la transferencia fuera del pa\u00eds de \u00abactivos y pasivos del Banco Central y del <strong>Fondo de Garant\u00eda de Sustentabilidad (FGS) de la Anses\u00bb<\/strong> para implementar la dolarizaci\u00f3n, y record\u00f3 que muchas de las \u00abprincipales empresas argentinas\u00bb tienen acciones en ese fondo.<\/p>\n\n\n\n<p class=\"wp-block-paragraph\">Fern\u00e1ndez de Kirchner se expres\u00f3 en estos t\u00e9rminos al brindar una charla magistral como parte del lanzamiento de la Escuela Justicialista N\u00e9stor Kirchner (EJNK) en el Teatro Argentino de La Plata, donde estuvo acompa\u00f1ada por funcionarios, dirigentes, legisladores, intendentes y representantes del sindicalismo, entre otros sectores del Frente de Todos (FdT).<\/p>\n\n\n\n<p class=\"wp-block-paragraph\">Despu\u00e9s de que la precediera en el uso de la palabra el exministro de Educaci\u00f3n y actual director del Centro para la Concertaci\u00f3n y el Desarrollo (CCD) Nicol\u00e1s Trotta, la Vicepresidenta plante\u00f3 que \u00abla historia de la Convertibilidad es la historia de la dolarizaci\u00f3n\u00bb y evoc\u00f3 que la paridad del d\u00f3lar y el peso<strong> \u00abempez\u00f3 con Plan Bonex y termin\u00f3 con la captura de todos los dep\u00f3sitos\u00bb con el corralito del Gobierno de Fernando De la R\u00faa en 2001.<\/strong><\/p>\n\n\n\n<p class=\"wp-block-paragraph\">\u00abEstamos todos discutiendo lo que fracas\u00f3 hace 20 a\u00f1os. La bomba explot\u00f3 en la cara de 40 millones de argentinos, en las plazas, en la desocupaci\u00f3n y en la captaci\u00f3n. <strong>Nos dijeron que un peso era igual a un d\u00f3lar. Significa que primero hubo que capturar todos los plazos fijos en los bancos.<\/strong> Y en virtud de eso, con el Plan Bonex, se pudo anunciar la convertibilidad que fue sostenida con los d\u00f3lares de las privatizaciones y el endeudamiento que la Naci\u00f3n tomaba para que la base monetaria estuviera respaldada\u00bb, rese\u00f1\u00f3.<\/p>\n\n\n\n<p class=\"wp-block-paragraph\">Como parte de su discurso, sostuvo que el acuerdo firmado con el FMI es \u00abinflacionario\u00bb y a\u00f1adi\u00f3 que ese efecto reviste el <strong>\u00abgran problema que tiene la sociedad argentina\u00bb.<\/strong><\/p>\n\n\n\n<p class=\"wp-block-paragraph\">Tras advertir que el convenio rubricado consiste en una \u00abpol\u00edtica enlatada que se aplica como una receta monotem\u00e1tica a todos los pa\u00edses\u00bb, llam\u00f3 a <strong>\u00abrevisar las cl\u00e1usulas\u00bb.<\/strong><\/p>\n\n\n\n<p class=\"wp-block-paragraph\">De todos modos, aclar\u00f3 que \u00abnadie dice que no haya que pagarle\u00bb al FMI, \u00abm\u00e1s all\u00e1 de la discusi\u00f3n de las sobretasas\u00bb, aunque s\u00ed abog\u00f3 por que \u00abse revisen las condicionalidades\u00bb del acuerdo y afirm\u00f3 que en el futuro<strong> \u00abva a haber que discutir que las sumas que se paguen al Fondo est\u00e9n atadas con un porcentaje al super\u00e1vit comercial\u00bb.<\/strong><\/p>\n\n\n\n<p class=\"wp-block-paragraph\">Llegada a ese punto convoc\u00f3 a \u00absentarse\u00bb a todas las fuerzas pol\u00edticas \u00abno a ver si va a haber flexibilizaci\u00f3n laboral o educaci\u00f3n p\u00fablica gratuita o no gratuita\u00bb, dijo, sino para avanzar en un \u00abacuerdo\u00bb en materia econ\u00f3mica para que \u00abel pa\u00eds funcione normalmente y no sea un parto cada elecci\u00f3n y un drama cada movimiento cambiario\u00bb.<\/p>\n\n\n\n<p class=\"wp-block-paragraph\">En ese aspecto, convoc\u00f3 a construir \u00abprogramas de gobierno\u00bb porque, dijo, <strong>\u00abno se trata de personas\u00bb.<\/strong><\/p>\n\n\n\n<p class=\"wp-block-paragraph\">A pesar de la expectativa del auditorio, no hubo alusiones a definiciones electorales y, ante el clamor de la asistencia por una candidatura presidencial, <strong>se limit\u00f3 a responder que \u00abno se hagan los rulos\u00bb.<\/strong><\/p>\n\n\n\n<p class=\"wp-block-paragraph\">Tras expresar que \u00abno es causalidad que la \u00fanica dirigente pol\u00edtica que fue condenada, proscripta, inhabilitada e intentada asesinar sea una sola\u00bb, cruz\u00f3 a Milei al hacer referencia a <strong>\u00abesos mamarrachos\u00bb<\/strong> del sector libertario que \u00abandan diciendo que la casta tiene miedo\u00bb.<\/p>\n\n\n\n<p class=\"wp-block-paragraph\">\u00ab\u00bfMiedo de qu\u00e9? Si nunca te pas\u00f3 nada, hermano. \u00a1Caraduras!. Miedo tengo de que mis nietos puedan crecer en un pa\u00eds tan injusto y tan inequitativo\u00bb, replic\u00f3, y confi\u00f3: \u00abYo ya viv\u00ed, temo por los j\u00f3venes\u00bb.<\/p>\n\n\n\n<p class=\"wp-block-paragraph\">Como otro de sus mensajes, aclar\u00f3 tambi\u00e9n que cuando convoc\u00f3 a la militancia a \u00abtomar el bast\u00f3n de mariscal\u00bb no era para \u00abd\u00e1rselo por la cabeza a otro compa\u00f1ero\u00bb, sino para \u00abpoder ayudar a pensar una sociedad y un pa\u00eds diferente y ver c\u00f3mo podemos contribuir a un futuro mejor\u00bb.<\/p>\n\n\n\n<p class=\"wp-block-paragraph\">Adem\u00e1s de Trotta, acompa\u00f1aron a la Vicepresidenta en el escenario las dirigentes Virginia Garc\u00eda y Claudia Bernazza; Rodrigo \u00abRodra\u00bb Rodr\u00edguez, de La C\u00e1mpora, y M\u00f3nica Litza, del Frente Renovador, quienes coordinar\u00e1n la flamante Escuela Justicialista N\u00e9stor Kirchner.<\/p>\n\n\n\n<p class=\"wp-block-paragraph\">Entre el p\u00fablico se ubicaron el gobernador bonaerense, Axel Kicillof, y el titular del PJ bonaerense y fundador de La C\u00e1mpora, M\u00e1ximo Kirchner, adem\u00e1s de la ministra de Desarrollo Social, Victoria Tolosa Paz; el dirigente Juan Grabois y Pedro Rosemblat, precandidato a jefe de Gobierno porte\u00f1o, entre muchos otros.<\/p>\n\n\n\n<p class=\"wp-block-paragraph\">La charla magistral fue titulada \u00ab27 de abril 2003-2023. La Argentina Circular. El FMI y su hist\u00f3rica receta de inflaci\u00f3n y recesi\u00f3n. Fragmentaci\u00f3n pol\u00edtica y concentraci\u00f3n econ\u00f3mica\u00bb.<\/p>\n","protected":false},"excerpt":{"rendered":"<p>La vicepresidenta Cristina Kirchner record\u00f3 este jueves que \u00abla dolarizaci\u00f3n fracas\u00f3 hace 20 a\u00f1os\u00bb en Argentina, al advertir que \u00abparece que el pasado quiere venir nuevamente para condicionarnos\u00bb, y llam\u00f3 al peronismo a construir \u00abprogramas de gobierno\u00bb porque, dijo, \u00abno se trata de personas\u00bb. Al final de su discurso, la ex mandataria lanz\u00f3 una frase&hellip;<\/p>\n","protected":false},"author":1,"featured_media":122185,"comment_status":"open","ping_status":"open","sticky":false,"template":"","format":"standard","meta":{"footnotes":""},"categories":[13],"tags":[1205,2450,22023,24817,28812,239,22025],"class_list":["post-122184","post","type-post","status-publish","format-standard","has-post-thumbnail","hentry","category-politica","tag-cristina-fernandez-de-kirchner","tag-diario-el-sindical","tag-economia","tag-fgs","tag-javier-milei","tag-la-plata","tag-politica"],"_links":{"self":[{"href":"https:\/\/www.elsindical.com.ar\/notas\/wp-json\/wp\/v2\/posts\/122184","targetHints":{"allow":["GET"]}}],"collection":[{"href":"https:\/\/www.elsindical.com.ar\/notas\/wp-json\/wp\/v2\/posts"}],"about":[{"href":"https:\/\/www.elsindical.com.ar\/notas\/wp-json\/wp\/v2\/types\/post"}],"author":[{"embeddable":true,"href":"https:\/\/www.elsindical.com.ar\/notas\/wp-json\/wp\/v2\/users\/1"}],"replies":[{"embeddable":true,"href":"https:\/\/www.elsindical.com.ar\/notas\/wp-json\/wp\/v2\/comments?post=122184"}],"version-history":[{"count":1,"href":"https:\/\/www.elsindical.com.ar\/notas\/wp-json\/wp\/v2\/posts\/122184\/revisions"}],"predecessor-version":[{"id":122186,"href":"https:\/\/www.elsindical.com.ar\/notas\/wp-json\/wp\/v2\/posts\/122184\/revisions\/122186"}],"wp:featuredmedia":[{"embeddable":true,"href":"https:\/\/www.elsindical.com.ar\/notas\/wp-json\/wp\/v2\/media\/122185"}],"wp:attachment":[{"href":"https:\/\/www.elsindical.com.ar\/notas\/wp-json\/wp\/v2\/media?parent=122184"}],"wp:term":[{"taxonomy":"category","embeddable":true,"href":"https:\/\/www.elsindical.com.ar\/notas\/wp-json\/wp\/v2\/categories?post=122184"},{"taxonomy":"post_tag","embeddable":true,"href":"https:\/\/www.elsindical.com.ar\/notas\/wp-json\/wp\/v2\/tags?post=122184"}],"curies":[{"name":"wp","href":"https:\/\/api.w.org\/{rel}","templated":true}]}}