{"id":122157,"date":"2023-04-26T17:01:48","date_gmt":"2023-04-26T20:01:48","guid":{"rendered":"https:\/\/www.elsindical.com.ar\/notas\/?p=122157"},"modified":"2023-04-26T17:01:50","modified_gmt":"2023-04-26T20:01:50","slug":"fernando-landaburu-desprestigiando-la-politica-y-la-ucr","status":"publish","type":"post","link":"https:\/\/www.elsindical.com.ar\/notas\/fernando-landaburu-desprestigiando-la-politica-y-la-ucr\/","title":{"rendered":"Fernando Landaburu, desprestigiando la pol\u00edtica y la UCR"},"content":{"rendered":"<div class=\"wp-block-image\">\n<figure class=\"aligncenter size-full\"><a href=\"https:\/\/www.elsindical.com.ar\/notas\/var\/www\/html\/notas\/wp-content\/uploads\/2023\/04\/Fernando-Landaburu-Avell.jpg\"><img loading=\"lazy\" decoding=\"async\" width=\"588\" height=\"594\" src=\"https:\/\/www.elsindical.com.ar\/notas\/var\/www\/html\/notas\/wp-content\/uploads\/2023\/04\/Fernando-Landaburu-Avell.jpg\" alt=\"\" class=\"wp-image-122158\" srcset=\"https:\/\/www.elsindical.com.ar\/notas\/var\/www\/html\/notas\/wp-content\/uploads\/2023\/04\/Fernando-Landaburu-Avell.jpg 588w, https:\/\/www.elsindical.com.ar\/notas\/var\/www\/html\/notas\/wp-content\/uploads\/2023\/04\/Fernando-Landaburu-Avell-297x300.jpg 297w, https:\/\/www.elsindical.com.ar\/notas\/var\/www\/html\/notas\/wp-content\/uploads\/2023\/04\/Fernando-Landaburu-Avell-50x50.jpg 50w\" sizes=\"auto, (max-width: 588px) 100vw, 588px\" \/><\/a><\/figure>\n<\/div>\n\n\n<p>   Una vez m\u00e1s el concejal de Juntos por el Cambio de Avellaneda Fernando Landaburu, vuelve a mostrar que es uno de los principales impresentables de la pol\u00edtica local, acumula en sus espaldas m\u00e1s mentiras que gesti\u00f3n y ha sido responsable de varias muertes evitables cuando estuvo a cargo de la oficina local del PAMI, por el solo hecho de no mover un dedo y permitir que los negocios estuvieran por sobre la vida de los afiliados, solo un hip\u00f3crita y caradura de su calibre seguir\u00eda en la pol\u00edtica sonriendo.<\/p>\n\n\n\n<p>Entre las pavadas que suele publicar, se encuentran una serie de charlas a las que concurren menos gente que la cantidad de sillas disponibles, se le ocurren dos ejes donde nunca ha demostrado inter\u00e9s alguno, educaci\u00f3n, cuando es justamente por una Ordenanza municipal radical que el municipio se llen\u00f3 de \u00f1oquis que ingresaron como docentes de educaci\u00f3n art\u00edstica, muchos de estos sin m\u00e1s que el t\u00edtulo secundario, varios jubilados con cargos jer\u00e1rquicos que no les correspond\u00edan y otros hoy en la actualidad siguen siendo un gran gasto municipal, sin t\u00edtulos que avalen su condici\u00f3n de docentes y muchos sin ser residentes de Avellaneda, que fueron designados a dedo.<\/p>\n\n\n<div class=\"wp-block-image\">\n<figure class=\"aligncenter size-full\"><a href=\"https:\/\/www.elsindical.com.ar\/notas\/var\/www\/html\/notas\/wp-content\/uploads\/2023\/04\/charla-educacion-UCR.jpg\"><img loading=\"lazy\" decoding=\"async\" width=\"526\" height=\"526\" src=\"https:\/\/www.elsindical.com.ar\/notas\/var\/www\/html\/notas\/wp-content\/uploads\/2023\/04\/charla-educacion-UCR.jpg\" alt=\"\" class=\"wp-image-122159\" srcset=\"https:\/\/www.elsindical.com.ar\/notas\/var\/www\/html\/notas\/wp-content\/uploads\/2023\/04\/charla-educacion-UCR.jpg 526w, https:\/\/www.elsindical.com.ar\/notas\/var\/www\/html\/notas\/wp-content\/uploads\/2023\/04\/charla-educacion-UCR-300x300.jpg 300w, https:\/\/www.elsindical.com.ar\/notas\/var\/www\/html\/notas\/wp-content\/uploads\/2023\/04\/charla-educacion-UCR-150x150.jpg 150w, https:\/\/www.elsindical.com.ar\/notas\/var\/www\/html\/notas\/wp-content\/uploads\/2023\/04\/charla-educacion-UCR-50x50.jpg 50w\" sizes=\"auto, (max-width: 526px) 100vw, 526px\" \/><\/a><\/figure>\n<\/div>\n\n\n<p>Entonces no parece l\u00f3gico que este se\u00f1or que no se ocupa desde su banca de concejal el corregir el mamarrocho que es la<strong> Ordenanza 7433<\/strong> producto de otra mentira radical como es<strong> Luis Sagol<\/strong> de quien ya me voy a referir en otro momento, porque cuesta creer que alguien como \u00e9l que perjudic\u00f3 las arcas del municipio y nos leg\u00f3 est\u00e1 ordenanza que promociona la corrupci\u00f3n tenga una calle con su nombre.<\/p>\n\n\n<div class=\"wp-block-image\">\n<figure class=\"aligncenter size-large\"><a href=\"https:\/\/www.elsindical.com.ar\/notas\/var\/www\/html\/notas\/wp-content\/uploads\/2023\/04\/charla-seguridad-UCR-Wilde.png\"><img loading=\"lazy\" decoding=\"async\" width=\"819\" height=\"1024\" src=\"https:\/\/www.elsindical.com.ar\/notas\/var\/www\/html\/notas\/wp-content\/uploads\/2023\/04\/charla-seguridad-UCR-Wilde-819x1024.png\" alt=\"\" class=\"wp-image-122160\" srcset=\"https:\/\/www.elsindical.com.ar\/notas\/var\/www\/html\/notas\/wp-content\/uploads\/2023\/04\/charla-seguridad-UCR-Wilde-819x1024.png 819w, https:\/\/www.elsindical.com.ar\/notas\/var\/www\/html\/notas\/wp-content\/uploads\/2023\/04\/charla-seguridad-UCR-Wilde-240x300.png 240w, https:\/\/www.elsindical.com.ar\/notas\/var\/www\/html\/notas\/wp-content\/uploads\/2023\/04\/charla-seguridad-UCR-Wilde-768x960.png 768w, https:\/\/www.elsindical.com.ar\/notas\/var\/www\/html\/notas\/wp-content\/uploads\/2023\/04\/charla-seguridad-UCR-Wilde.png 1080w\" sizes=\"auto, (max-width: 819px) 100vw, 819px\" \/><\/a><\/figure>\n<\/div>\n\n\n<p>El otro tema del que organiza charlas Landaburu es la seguridad y como todo pol\u00edtico mentiroso y corrupto, no se pod\u00eda esperar que nos trajera de disertante a un profesional de la seguridad, sino a un personaje como lo es <strong>Esteban Javier Arriada<\/strong>, un ex suboficial de la Polic\u00eda Bonaerense, que fue exonerado por la gesti\u00f3n de<strong> Mar\u00eda Eugenia Vidal<\/strong> y <strong>Cristian Ritondo<\/strong> acusado de fogonear levantamientos policiales cuando descubri\u00f3 una veta econ\u00f3mica en la creaci\u00f3n de un Movimiento Policial Democr\u00e1tico, al igual que otros exonerados de la polic\u00eda, ya que existen varios movimientos y seudosindicatos que m\u00e1s que preocuparse por los derechos de los polic\u00edas, usan sus contactos y conocidos para beneficio personal, a este personaje le sali\u00f3 mal la movida, pero como era un activo militante de la UCR, le dieron una mano y termin\u00f3 siendo funcional al intendente de La Plata <strong>Julio Garro<\/strong>, que lo llev\u00f3 como director de salud y luego de un esc\u00e1ndalo en el 2019, lo escondieron como \u00abasesor de salud\u00bb del municipio pero sigui\u00f3 con las mismas funciones de un director, es decir, lo reciclaron, no perdi\u00f3 el negocio, no perdi\u00f3 el sueldo, solo el cargo de director en lo administrativo.<\/p>\n\n\n\n<p>Como todo cobarde que no se hace cargo de lo que promocionan, Arriada desde sus redes promocionaba e invitaba a protestar al personal policial en las puertas de la Quinta Presidencia de Olivos, hasta que se desat\u00f3 el esc\u00e1ndalo cuando polic\u00edas armados fueron captados por la prensa en esta de alcoholismo y otros drogados, lo que hizo que inmediatamente Arriada se despegara de la situaci\u00f3n desconociendo los hechos a pesar de su constante agitaci\u00f3n a la protesta violenta.<\/p>\n\n\n\n<p>Bueno, este se\u00f1or que como polic\u00eda no hizo nada por la seguridad de los ciudadanos, que participaba de actos pol\u00edticos cuando la Reglamentaci\u00f3n policial no lo permite, adem\u00e1s de haber tenido diferentes sumarios, es su mejor exponente para hablar de seguridad??<\/p>\n\n\n\n<p><strong>Carta URGENTE a la Gobernadora M. E. Vidal<\/strong><\/p>\n\n\n\n<p><strong>ESTEBAN ARRIADA\u00b7MI\u00c9RCOLES, 11 DE MAYO DE 2016<\/strong><\/p>\n\n\n\n<p><strong>La Plata, 11 de Mayo de 2016.- &nbsp;<\/strong><\/p>\n\n\n\n<p><strong>Sra. Gobernadora<\/strong><\/p>\n\n\n\n<p><strong>&nbsp;Mar\u00eda Eugenia Vidal<\/strong><\/p>\n\n\n\n<p><strong>&nbsp;Provincia de Buenos Aires<\/strong><\/p>\n\n\n\n<p><strong>&nbsp;S \/ D<\/strong><\/p>\n\n\n\n<p><em>Acudo a Ud. Sra. Gobernadora de manera desesperada, para evitar que se concrete la injusticia de expulsarnos deshonrosamente de la Polic\u00eda a cuatro trabajadores honestos, que por enfrentarnos a la corrupci\u00f3n dentro de la instituci\u00f3n sufrimos el armado de un Sumario Administrativo fraudulento (Expediente Administrativo N\u00b0 21.100-642.768\/12 c\/agregados, Investigaci\u00f3n Sumaria Administrativa N\u00b0 1050-7828\/1012).<\/em><\/p>\n\n\n\n<p><em>Durante estos casi cuatro a\u00f1os de estar bajo acusaciones falsas, debimos soportar la connivencia entre los corruptos y la Auditora General de Asuntos Internos, donde jam\u00e1s se nos permiti\u00f3 ejercer el derecho a defensa, no se observaron las pruebas que presentamos, no se nos permiti\u00f3 presentar a los casi 30 testigos que pedimos se les tome declaraci\u00f3n, basaron la acusaci\u00f3n en mentiras sin fundamento y firmaron una sanci\u00f3n expulsiva, la peor de todas para castigar a quienes denunciamos penalmente un sistema de corrupci\u00f3n.<\/em><\/p>\n\n\n\n<p><em>Nos dejaron sin sueldo, nos dejaron sin trabajar. En Septiembre de 2014 presentamos la apelaci\u00f3n a dicho Sumario fraudulento y los Ministros de Seguridad que precedieron a Cristian Ritondo, evitaron darle tratamiento porque era insostenible la resoluci\u00f3n firmada por la entonces Auditora General de Asuntos Internos.<\/em><\/p>\n\n\n\n<p><em>Hoy me encuentro junto a tres compa\u00f1eros y nuestras familias, padeciendo la injusticia de una exoneraci\u00f3n arbitraria y principalmente injusta por parte de la gesti\u00f3n anterior que a todas luces apa\u00f1aba diferentes esquemas de corrupci\u00f3n, que nosotros denunciamos penalmente al advertir que nuestra superioridad hac\u00eda la vista gorda.<\/em><\/p>\n\n\n\n<p><em>Le pido Sra. Gobernadora su inmediata intervenci\u00f3n a fin de que esta injusticia &nbsp;no se concrete, dado que verter\u00eda en la sociedad un mensaje contrario a lo que los bonaerenses esperan del Gobierno de Cambiemos, castigando a los honestos que denunciamos, protegiendo en consecuencia a quienes debajo de un uniforme y una jerarqu\u00eda se benefician con metodolog\u00edas mafiosas.<\/em><\/p>\n\n\n\n<p><em>No permita que se nos expulse deshonrosamente de una instituci\u00f3n a la que hemos servido con orgullo y dignidad, por la que hemos peleado p\u00fablicamente en beneficio y cuidado de la sociedad. &nbsp;No deje Sra. Gobernadora que se castigue a los Polic\u00edas Honestos. Ud. repite que nos va a cuidar y que va a perseguir a los delincuentes que visten uniforme, le creemos con l\u00e1grimas de esperanza y por eso escribo a Ud. estas l\u00edneas desesperadas y urgentes, para que sean reales sus palabras en momentos donde una decisi\u00f3n administrativa est\u00e1 a punto de hacer lo contrario, castigando a quienes se jugaron todo lo que ten\u00edamos, por denunciar un sistema de corrupci\u00f3n.<\/em><\/p>\n\n\n\n<p><em>Saludo cordial y atentamente.-<\/em><\/p>\n\n\n\n<p><strong>Esteban Javier Arriada<\/strong><\/p>\n\n\n\n<p><strong>Subteniente<\/strong><\/p>\n\n\n\n<p><strong>Legajo 160.074<\/strong><\/p>\n","protected":false},"excerpt":{"rendered":"<p>Una vez m\u00e1s el concejal de Juntos por el Cambio de Avellaneda Fernando Landaburu, vuelve a mostrar que es uno de los principales impresentables de la pol\u00edtica local, acumula en sus espaldas m\u00e1s mentiras que gesti\u00f3n y ha sido responsable de varias muertes evitables cuando estuvo a cargo de la oficina local del PAMI, por&hellip;<\/p>\n","protected":false},"author":1,"featured_media":122158,"comment_status":"open","ping_status":"open","sticky":false,"template":"","format":"standard","meta":{"footnotes":""},"categories":[10],"tags":[461,14466,2450,13788,10771,21713,24224,7265,1826],"class_list":["post-122157","post","type-post","status-publish","format-standard","has-post-thumbnail","hentry","category-editorial","tag-avellaneda","tag-cristian-ritondo","tag-diario-el-sindical","tag-diego-martinez","tag-esteban-javier-arriada","tag-fernando-landaburu","tag-julio-garro","tag-maria-eugenia-vidal","tag-ucr"],"_links":{"self":[{"href":"https:\/\/www.elsindical.com.ar\/notas\/wp-json\/wp\/v2\/posts\/122157","targetHints":{"allow":["GET"]}}],"collection":[{"href":"https:\/\/www.elsindical.com.ar\/notas\/wp-json\/wp\/v2\/posts"}],"about":[{"href":"https:\/\/www.elsindical.com.ar\/notas\/wp-json\/wp\/v2\/types\/post"}],"author":[{"embeddable":true,"href":"https:\/\/www.elsindical.com.ar\/notas\/wp-json\/wp\/v2\/users\/1"}],"replies":[{"embeddable":true,"href":"https:\/\/www.elsindical.com.ar\/notas\/wp-json\/wp\/v2\/comments?post=122157"}],"version-history":[{"count":1,"href":"https:\/\/www.elsindical.com.ar\/notas\/wp-json\/wp\/v2\/posts\/122157\/revisions"}],"predecessor-version":[{"id":122161,"href":"https:\/\/www.elsindical.com.ar\/notas\/wp-json\/wp\/v2\/posts\/122157\/revisions\/122161"}],"wp:featuredmedia":[{"embeddable":true,"href":"https:\/\/www.elsindical.com.ar\/notas\/wp-json\/wp\/v2\/media\/122158"}],"wp:attachment":[{"href":"https:\/\/www.elsindical.com.ar\/notas\/wp-json\/wp\/v2\/media?parent=122157"}],"wp:term":[{"taxonomy":"category","embeddable":true,"href":"https:\/\/www.elsindical.com.ar\/notas\/wp-json\/wp\/v2\/categories?post=122157"},{"taxonomy":"post_tag","embeddable":true,"href":"https:\/\/www.elsindical.com.ar\/notas\/wp-json\/wp\/v2\/tags?post=122157"}],"curies":[{"name":"wp","href":"https:\/\/api.w.org\/{rel}","templated":true}]}}