{"id":122151,"date":"2023-04-26T13:00:08","date_gmt":"2023-04-26T16:00:08","guid":{"rendered":"https:\/\/www.elsindical.com.ar\/notas\/?p=122151"},"modified":"2023-04-26T13:00:08","modified_gmt":"2023-04-26T16:00:08","slug":"vicente-lopez-festejos-por-el-dia-del-animal","status":"publish","type":"post","link":"https:\/\/www.elsindical.com.ar\/notas\/vicente-lopez-festejos-por-el-dia-del-animal\/","title":{"rendered":"Vicente L\u00f3pez: Festejos por el d\u00eda del animal"},"content":{"rendered":"\n<figure class=\"wp-block-image size-large\"><a href=\"https:\/\/www.elsindical.com.ar\/notas\/var\/www\/html\/notas\/wp-content\/uploads\/2023\/04\/dia-del-animal-Vicente-Lopez.jpg\"><img loading=\"lazy\" decoding=\"async\" width=\"1024\" height=\"469\" src=\"https:\/\/www.elsindical.com.ar\/notas\/var\/www\/html\/notas\/wp-content\/uploads\/2023\/04\/dia-del-animal-Vicente-Lopez-1024x469.jpg\" alt=\"\" class=\"wp-image-122152\" srcset=\"https:\/\/www.elsindical.com.ar\/notas\/var\/www\/html\/notas\/wp-content\/uploads\/2023\/04\/dia-del-animal-Vicente-Lopez-1024x469.jpg 1024w, https:\/\/www.elsindical.com.ar\/notas\/var\/www\/html\/notas\/wp-content\/uploads\/2023\/04\/dia-del-animal-Vicente-Lopez-300x137.jpg 300w, https:\/\/www.elsindical.com.ar\/notas\/var\/www\/html\/notas\/wp-content\/uploads\/2023\/04\/dia-del-animal-Vicente-Lopez-768x352.jpg 768w, https:\/\/www.elsindical.com.ar\/notas\/var\/www\/html\/notas\/wp-content\/uploads\/2023\/04\/dia-del-animal-Vicente-Lopez-500x229.jpg 500w, https:\/\/www.elsindical.com.ar\/notas\/var\/www\/html\/notas\/wp-content\/uploads\/2023\/04\/dia-del-animal-Vicente-Lopez-1536x704.jpg 1536w, https:\/\/www.elsindical.com.ar\/notas\/var\/www\/html\/notas\/wp-content\/uploads\/2023\/04\/dia-del-animal-Vicente-Lopez.jpg 1543w\" sizes=\"auto, (max-width: 1024px) 100vw, 1024px\" \/><\/a><\/figure>\n\n\n\n<p class=\"wp-block-paragraph\">En Vicente L\u00f3pez, vamos a celebrar el D\u00eda del Animal en la costa. El d\u00eda s\u00e1bado 29 de abril vas a poder&nbsp;participar de charlas de concientizaci\u00f3n sobre bienestar y nutrici\u00f3n animal, shows y juegos.&nbsp;<\/p>\n\n\n\n<p class=\"wp-block-paragraph\">Tambi\u00e9n habr\u00e1 desparasitaci\u00f3n y vacunaci\u00f3n de perros y gatos a cargo de Zoonosis y estar\u00e1n invitados grupos proteccionistas para presentar animales ofrecidos en adopci\u00f3n.<\/p>\n\n\n\n<p class=\"wp-block-paragraph\">\u00a1Te esperamos junto a tu animal de compa\u00f1\u00eda!<\/p>\n\n\n\n<p class=\"wp-block-paragraph\"><strong>D\u00eda:<\/strong>&nbsp;s\u00e1bado 29\/04<\/p>\n\n\n\n<p class=\"wp-block-paragraph\"><strong>Hora:<\/strong>&nbsp;11 a 18 hs<\/p>\n\n\n\n<p class=\"wp-block-paragraph\"><strong>Lugar:<\/strong>&nbsp;Paseo de la Costa (Arenales y el r\u00edo, Vicente L\u00f3pez)<\/p>\n\n\n\n<p class=\"wp-block-paragraph\"><strong><u>Actividades:<\/u><\/strong><\/p>\n\n\n\n<p class=\"wp-block-paragraph\"><strong>ESPACIO PURINA&nbsp;<\/strong><\/p>\n\n\n\n<p class=\"wp-block-paragraph\">Estar\u00e1 a la izquierda de la pista central y consiste en un espacio para que un asesor veterinario pueda atender a las personas que se acerquen dando consejos y tips de alimentaci\u00f3n. Contar\u00e1 con un exhibidor de productos, donde se entregar\u00e1n muestras de regalo de Dog Chow Oral.<\/p>\n\n\n\n<p class=\"wp-block-paragraph\"><strong>ESPACIO PURINA DOG CHOW&nbsp;<\/strong><\/p>\n\n\n\n<p class=\"wp-block-paragraph\">Consiste en una plaza con juegos de mini agility para que los vecinos se acerquen con sus mascotas para hacerlos jugar subiendo a la rampa, esquivando el slalom, atravesando el tubo y usando los distintos elementos del circuito.<\/p>\n\n\n\n<p class=\"wp-block-paragraph\"><strong>CARPA F\u00c9LIX&nbsp;<\/strong><\/p>\n\n\n\n<p class=\"wp-block-paragraph\">Este espacio est\u00e1 pensado para los amantes de los gatos y tendr\u00e1 distintos juegos, organizados en un recorrido, donde los vecinos aprender\u00e1n sobre los atributos de la marca F\u00e9lix.<\/p>\n\n\n\n<p class=\"wp-block-paragraph\"><strong>ESPACIO ZOONOSIS&nbsp;<\/strong><\/p>\n\n\n\n<p class=\"wp-block-paragraph\">Se instalar\u00e1 el m\u00f3vil de la Direcci\u00f3n de Zoonosis donde se realizar\u00e1 la desparasitaci\u00f3n y vacunaci\u00f3n de perros y gatos. Tambi\u00e9n se sumar\u00e1n charlar sobre el cuidado responsable de los animales, cuidado del ambiente y el maltrato animal.<\/p>\n\n\n\n<p class=\"wp-block-paragraph\"><strong>JORNADA DE VACUNACI\u00d3N ANTIRR\u00c1BICA Y DESPARASITACI\u00d3N<\/strong><\/p>\n\n\n\n<p class=\"wp-block-paragraph\">29\/04 de 11:00 hs. a 17:00 hs.<br>&nbsp;<\/p>\n\n\n\n<p class=\"wp-block-paragraph\"><strong>ESPACIO ADOPCIONES&nbsp;<\/strong><\/p>\n\n\n\n<p class=\"wp-block-paragraph\">Participar\u00e1n de este espacio distintos grupos proteccionistas, en donde van a orientar a las personas interesadas en adoptar e informarlos de los pasos a seguir. Adem\u00e1s, se difundir\u00e1 el trabajo que se realiza desde estas organizaciones en las distintas etapas, como el rescate, el tr\u00e1nsito y la adopci\u00f3n.<\/p>\n\n\n\n<p class=\"wp-block-paragraph\"><strong>OTRAS ACTIVIDADES&nbsp;<\/strong><\/p>\n\n\n\n<p class=\"wp-block-paragraph\">El equipo de Ambiente de la MVL instalar\u00e1 el Punto Ambiental M\u00f3vil, donde los vecinos pueden llevar reciclables de todo tipo, y una posta ambiental, donde habr\u00e1 informaci\u00f3n sobre huerta, compost y reciclaje.<\/p>\n","protected":false},"excerpt":{"rendered":"<p>En Vicente L\u00f3pez, vamos a celebrar el D\u00eda del Animal en la costa. El d\u00eda s\u00e1bado 29 de abril vas a poder&nbsp;participar de charlas de concientizaci\u00f3n sobre bienestar y nutrici\u00f3n animal, shows y juegos.&nbsp; Tambi\u00e9n habr\u00e1 desparasitaci\u00f3n y vacunaci\u00f3n de perros y gatos a cargo de Zoonosis y estar\u00e1n invitados grupos proteccionistas para presentar animales&hellip;<\/p>\n","protected":false},"author":1,"featured_media":122152,"comment_status":"open","ping_status":"open","sticky":false,"template":"","format":"standard","meta":{"footnotes":""},"categories":[25],"tags":[2906,3167,2450,3188,38856],"class_list":["post-122151","post","type-post","status-publish","format-standard","has-post-thumbnail","hentry","category-sociedad","tag-actividades","tag-dia-del-animal","tag-diario-el-sindical","tag-vicente-lopez","tag-zoonosis-2"],"_links":{"self":[{"href":"https:\/\/www.elsindical.com.ar\/notas\/wp-json\/wp\/v2\/posts\/122151","targetHints":{"allow":["GET"]}}],"collection":[{"href":"https:\/\/www.elsindical.com.ar\/notas\/wp-json\/wp\/v2\/posts"}],"about":[{"href":"https:\/\/www.elsindical.com.ar\/notas\/wp-json\/wp\/v2\/types\/post"}],"author":[{"embeddable":true,"href":"https:\/\/www.elsindical.com.ar\/notas\/wp-json\/wp\/v2\/users\/1"}],"replies":[{"embeddable":true,"href":"https:\/\/www.elsindical.com.ar\/notas\/wp-json\/wp\/v2\/comments?post=122151"}],"version-history":[{"count":1,"href":"https:\/\/www.elsindical.com.ar\/notas\/wp-json\/wp\/v2\/posts\/122151\/revisions"}],"predecessor-version":[{"id":122153,"href":"https:\/\/www.elsindical.com.ar\/notas\/wp-json\/wp\/v2\/posts\/122151\/revisions\/122153"}],"wp:featuredmedia":[{"embeddable":true,"href":"https:\/\/www.elsindical.com.ar\/notas\/wp-json\/wp\/v2\/media\/122152"}],"wp:attachment":[{"href":"https:\/\/www.elsindical.com.ar\/notas\/wp-json\/wp\/v2\/media?parent=122151"}],"wp:term":[{"taxonomy":"category","embeddable":true,"href":"https:\/\/www.elsindical.com.ar\/notas\/wp-json\/wp\/v2\/categories?post=122151"},{"taxonomy":"post_tag","embeddable":true,"href":"https:\/\/www.elsindical.com.ar\/notas\/wp-json\/wp\/v2\/tags?post=122151"}],"curies":[{"name":"wp","href":"https:\/\/api.w.org\/{rel}","templated":true}]}}