{"id":122054,"date":"2023-04-22T01:51:03","date_gmt":"2023-04-22T04:51:03","guid":{"rendered":"https:\/\/www.elsindical.com.ar\/notas\/?p=122054"},"modified":"2023-04-22T01:55:30","modified_gmt":"2023-04-22T04:55:30","slug":"lucas-yacob-con-los-ninos-no","status":"publish","type":"post","link":"https:\/\/www.elsindical.com.ar\/notas\/lucas-yacob-con-los-ninos-no\/","title":{"rendered":"Lucas Yacob con los ni\u00f1os NO"},"content":{"rendered":"<div class=\"wp-block-image\">\n<figure class=\"aligncenter size-full\"><a href=\"https:\/\/www.elsindical.com.ar\/notas\/var\/www\/html\/notas\/wp-content\/uploads\/2023\/04\/Yacob-escuela-primaria.jpg\"><img loading=\"lazy\" decoding=\"async\" width=\"341\" height=\"524\" src=\"https:\/\/www.elsindical.com.ar\/notas\/var\/www\/html\/notas\/wp-content\/uploads\/2023\/04\/Yacob-escuela-primaria.jpg\" alt=\"\" class=\"wp-image-122055\" srcset=\"https:\/\/www.elsindical.com.ar\/notas\/var\/www\/html\/notas\/wp-content\/uploads\/2023\/04\/Yacob-escuela-primaria.jpg 341w, https:\/\/www.elsindical.com.ar\/notas\/var\/www\/html\/notas\/wp-content\/uploads\/2023\/04\/Yacob-escuela-primaria-195x300.jpg 195w\" sizes=\"auto, (max-width: 341px) 100vw, 341px\" \/><\/a><\/figure>\n<\/div>\n\n\n<p>   Y una vez m\u00e1s el concejal Lucas Yacob vuelve a mostrar su torpeza al exponerse y exponer a alumnos menores de edad nada m\u00e1s y nada menos que en un spot pol\u00edtico de campa\u00f1a, sumando un cap\u00edtulo m\u00e1s a sus mediocres videos carentes de propuestas como este en el que seg\u00fan \u00e9l recorre las escuelas para charlar con los directivos y docentes de Avellaneda, esta vez junto a<strong> Sergio Siciliano <\/strong>y la consejera escolar <strong>Gabriela P\u00e9rez<\/strong>.<\/p>\n\n\n\n<p>Lo primero que llama la atenci\u00f3n es que si le interesa charlar con los directivos y docentes bien podr\u00eda evitar ingresar a las aulas a filmar a los alumnos para tener coherencia con lo que su espacio pol\u00edtico siempre reclam\u00f3 y es el evitar los temas pol\u00edticos con los alumnos o lo que ellos llaman adoctrinamiento, de hecho Yacob no tiene propuestas concretas para los directivos, los padres y menos para los alumnos, en el video el audio es solo de un alumno diciendo que hay que dejar de emitir para bajar la inflaci\u00f3n, algo que no es correcto ya que convergen muchos otros factores en la inflaci\u00f3n y no es solo cuesti\u00f3n de emisi\u00f3n, el resto del video es una mala elecci\u00f3n de m\u00fasica y nada de parte del candidato.<\/p>\n\n\n\n<p>Es decir, fue a usar la imagen pero no se le cae una solo idea, entonces cu\u00e1l era su objetivo?, por otro lado llama la atenci\u00f3n que el <strong>Consejo Escolar de Avellaneda<\/strong> presidido por<strong> Claudia Colaso <\/strong>avale con su silencio este tipo de acciones de m\u00ednima irresponsables de los directivos que se prestan para un spot de campa\u00f1a que ni siquiera es did\u00e1ctico para los alumnos y d\u00f3nde no se aclara si los padres prestaron consentimiento.<\/p>\n\n\n\n<p>Si a Yacob les interesa la educaci\u00f3n realmente que se ocupe de los \u00abdocentes\u00bb truchos municipales que cobran un sueldo que no les corresponde bastardeando la carrera docente y a los que luego se les pagar\u00e1 una jubilaci\u00f3n incorrecta, eso ser\u00eda ocuparse de la educaci\u00f3n y de la econom\u00eda.<\/p>\n\n\n\n<figure class=\"wp-block-embed is-type-video is-provider-youtube wp-block-embed-youtube wp-embed-aspect-16-9 wp-has-aspect-ratio\"><div class=\"wp-block-embed__wrapper\">\n<iframe loading=\"lazy\" title=\"Lucas Yacob con los ni\u00f1os NO\" width=\"700\" height=\"394\" src=\"https:\/\/www.youtube.com\/embed\/1nlddod2FQk?feature=oembed\" frameborder=\"0\" allow=\"accelerometer; autoplay; clipboard-write; encrypted-media; gyroscope; picture-in-picture; web-share\" allowfullscreen><\/iframe>\n<\/div><\/figure>\n\n\n\n<p>Por Marcelo Ricardo Hawrylciw<\/p>\n","protected":false},"excerpt":{"rendered":"<p>Y una vez m\u00e1s el concejal Lucas Yacob vuelve a mostrar su torpeza al exponerse y exponer a alumnos menores de edad nada m\u00e1s y nada menos que en un spot pol\u00edtico de campa\u00f1a, sumando un cap\u00edtulo m\u00e1s a sus mediocres videos carentes de propuestas como este en el que seg\u00fan \u00e9l recorre las escuelas&hellip;<\/p>\n","protected":false},"author":1,"featured_media":122055,"comment_status":"open","ping_status":"open","sticky":false,"template":"","format":"standard","meta":{"footnotes":""},"categories":[10],"tags":[366,461,30615,40028,40026,2450,5561,30976,252,40027,9983],"class_list":["post-122054","post","type-post","status-publish","format-standard","has-post-thumbnail","hentry","category-editorial","tag-alumnos","tag-avellaneda","tag-campana-politica","tag-claudia-colaso","tag-consejo-escolar-de-avellaneda","tag-diario-el-sindical","tag-educacion","tag-gabriela-perez","tag-menores","tag-sergio-siciliano","tag-spot"],"_links":{"self":[{"href":"https:\/\/www.elsindical.com.ar\/notas\/wp-json\/wp\/v2\/posts\/122054","targetHints":{"allow":["GET"]}}],"collection":[{"href":"https:\/\/www.elsindical.com.ar\/notas\/wp-json\/wp\/v2\/posts"}],"about":[{"href":"https:\/\/www.elsindical.com.ar\/notas\/wp-json\/wp\/v2\/types\/post"}],"author":[{"embeddable":true,"href":"https:\/\/www.elsindical.com.ar\/notas\/wp-json\/wp\/v2\/users\/1"}],"replies":[{"embeddable":true,"href":"https:\/\/www.elsindical.com.ar\/notas\/wp-json\/wp\/v2\/comments?post=122054"}],"version-history":[{"count":2,"href":"https:\/\/www.elsindical.com.ar\/notas\/wp-json\/wp\/v2\/posts\/122054\/revisions"}],"predecessor-version":[{"id":122057,"href":"https:\/\/www.elsindical.com.ar\/notas\/wp-json\/wp\/v2\/posts\/122054\/revisions\/122057"}],"wp:featuredmedia":[{"embeddable":true,"href":"https:\/\/www.elsindical.com.ar\/notas\/wp-json\/wp\/v2\/media\/122055"}],"wp:attachment":[{"href":"https:\/\/www.elsindical.com.ar\/notas\/wp-json\/wp\/v2\/media?parent=122054"}],"wp:term":[{"taxonomy":"category","embeddable":true,"href":"https:\/\/www.elsindical.com.ar\/notas\/wp-json\/wp\/v2\/categories?post=122054"},{"taxonomy":"post_tag","embeddable":true,"href":"https:\/\/www.elsindical.com.ar\/notas\/wp-json\/wp\/v2\/tags?post=122054"}],"curies":[{"name":"wp","href":"https:\/\/api.w.org\/{rel}","templated":true}]}}