{"id":122009,"date":"2023-04-20T18:12:45","date_gmt":"2023-04-20T21:12:45","guid":{"rendered":"https:\/\/www.elsindical.com.ar\/notas\/?p=122009"},"modified":"2023-04-20T18:28:34","modified_gmt":"2023-04-20T21:28:34","slug":"cordoba-nueva-denuncia-y-escandalo-contra-la-policia-caminera","status":"publish","type":"post","link":"https:\/\/www.elsindical.com.ar\/notas\/cordoba-nueva-denuncia-y-escandalo-contra-la-policia-caminera\/","title":{"rendered":"C\u00f3rdoba: Nueva denuncia y esc\u00e1ndalo contra la polic\u00eda caminera"},"content":{"rendered":"\n<figure class=\"wp-block-image size-full\"><a href=\"https:\/\/www.elsindical.com.ar\/notas\/var\/www\/html\/notas\/wp-content\/uploads\/2023\/04\/agente-de-transito-de-Cordoba.jpg\"><img loading=\"lazy\" decoding=\"async\" width=\"950\" height=\"523\" src=\"https:\/\/www.elsindical.com.ar\/notas\/var\/www\/html\/notas\/wp-content\/uploads\/2023\/04\/agente-de-transito-de-Cordoba.jpg\" alt=\"\" class=\"wp-image-122010\" srcset=\"https:\/\/www.elsindical.com.ar\/notas\/var\/www\/html\/notas\/wp-content\/uploads\/2023\/04\/agente-de-transito-de-Cordoba.jpg 950w, https:\/\/www.elsindical.com.ar\/notas\/var\/www\/html\/notas\/wp-content\/uploads\/2023\/04\/agente-de-transito-de-Cordoba-300x165.jpg 300w, https:\/\/www.elsindical.com.ar\/notas\/var\/www\/html\/notas\/wp-content\/uploads\/2023\/04\/agente-de-transito-de-Cordoba-768x423.jpg 768w, https:\/\/www.elsindical.com.ar\/notas\/var\/www\/html\/notas\/wp-content\/uploads\/2023\/04\/agente-de-transito-de-Cordoba-500x275.jpg 500w\" sizes=\"auto, (max-width: 950px) 100vw, 950px\" \/><\/a><\/figure>\n\n\n\n<p>Un agente de la Polic\u00eda Caminera recibir\u00e1 una sanci\u00f3n por <strong>haber insultado a un automovilista<\/strong> al que hab\u00edan demorado por falta de documentaci\u00f3n en su veh\u00edculo y film\u00f3 el accionar de los efectivos. El video se <strong>viraliz\u00f3 en las redes sociales<\/strong> y gener\u00f3 repudio.<\/p>\n\n\n\n<p>Un hombre que<strong> viajaba en su veh\u00edculo desde Villa Carlos Paz<\/strong> rumbo a la capital provincial fue detenido en un control de rutina a la salida de la ciudad tur\u00edstica, y el agente policial le dijo que no pod\u00eda circular con la licencia de conducir digital, que el conductor le present\u00f3 y est\u00e1 vigente.<\/p>\n\n\n\n<p>Sin embargo, <strong>el efectivo lo demor\u00f3 bajo el argumento<\/strong> de que deber\u00eda exponer la credencial f\u00edsica y ante la duda que le gener\u00f3 la situaci\u00f3n decidi\u00f3 llamar a un superior por tel\u00e9fono, que estaba en modo altavoz.<\/p>\n\n\n\n<p><strong>\u201cHacele la multa ahora por pelotudo\u00bb<\/strong>, se escucha que respondi\u00f3 el otro agente, mientras el automovilista filmaba toda la situaci\u00f3n.<\/p>\n\n\n\n<p>Las im\u00e1genes enviadas por el conductor, a quien finalmente no multaron, se difundieron en los medios locales y redes sociales.<\/p>\n\n\n\n<h2 class=\"wp-block-heading\">Repercusiones y sanci\u00f3n<\/h2>\n\n\n\n<p>Ante la repercusi\u00f3n que tuvo el video, la Direcci\u00f3n de Control Disciplinario de las Fuerzas de Seguridad <strong>emiti\u00f3 un comunicado<\/strong> informando que se inici\u00f3 una investigaci\u00f3n para determinar si el accionar del agente constituye una falta administrativa.<\/p>\n\n\n\n<p>\u201cLa Polic\u00eda de la Provincia de C\u00f3rdoba informa que en referencia a un video viralizado en las <strong>\u00faltimas horas<\/strong>, donde efectivos de Polic\u00eda Caminera realizaron un control preventivo en un puesto caminero de Villa Carlos Paz a un usuario de la v\u00eda, la Jefatura de Polic\u00eda ha ordenado la medida disciplinaria que corresponda a los efectivos involucrados\u00bb, indica el comunicado.<\/p>\n\n\n\n<p>Esa misiva, agrega: \u00abLa misma ser\u00e1 instruida por la Direcci\u00f3n General de Control de Conducta Policial y, paralelamente, ha tomado intervenci\u00f3n el Tribunal de las Fuerzas de Seguridad que ha iniciado la investigaci\u00f3n pertinente\u00bb.<\/p>\n\n\n\n<figure class=\"wp-block-embed is-type-video is-provider-youtube wp-block-embed-youtube wp-embed-aspect-16-9 wp-has-aspect-ratio\"><div class=\"wp-block-embed__wrapper\">\n<iframe loading=\"lazy\" title=\"C\u00f3rdoba denuncia y esc\u00e1ndalo con la Polic\u00eda Caminera\" width=\"700\" height=\"394\" src=\"https:\/\/www.youtube.com\/embed\/K3l7Iqg4piI?feature=oembed\" frameborder=\"0\" allow=\"accelerometer; autoplay; clipboard-write; encrypted-media; gyroscope; picture-in-picture; web-share\" allowfullscreen><\/iframe>\n<\/div><\/figure>\n","protected":false},"excerpt":{"rendered":"<p>Un agente de la Polic\u00eda Caminera recibir\u00e1 una sanci\u00f3n por haber insultado a un automovilista al que hab\u00edan demorado por falta de documentaci\u00f3n en su veh\u00edculo y film\u00f3 el accionar de los efectivos. El video se viraliz\u00f3 en las redes sociales y gener\u00f3 repudio. Un hombre que viajaba en su veh\u00edculo desde Villa Carlos Paz&hellip;<\/p>\n","protected":false},"author":1,"featured_media":122010,"comment_status":"open","ping_status":"open","sticky":false,"template":"","format":"standard","meta":{"footnotes":""},"categories":[6],"tags":[153,175,2450,12030,20891,368,12701],"class_list":["post-122009","post","type-post","status-publish","format-standard","has-post-thumbnail","hentry","category-denuncias","tag-cordoba","tag-denuncia","tag-diario-el-sindical","tag-insulto","tag-policia-caminera","tag-video","tag-villa-carlos-paz"],"_links":{"self":[{"href":"https:\/\/www.elsindical.com.ar\/notas\/wp-json\/wp\/v2\/posts\/122009","targetHints":{"allow":["GET"]}}],"collection":[{"href":"https:\/\/www.elsindical.com.ar\/notas\/wp-json\/wp\/v2\/posts"}],"about":[{"href":"https:\/\/www.elsindical.com.ar\/notas\/wp-json\/wp\/v2\/types\/post"}],"author":[{"embeddable":true,"href":"https:\/\/www.elsindical.com.ar\/notas\/wp-json\/wp\/v2\/users\/1"}],"replies":[{"embeddable":true,"href":"https:\/\/www.elsindical.com.ar\/notas\/wp-json\/wp\/v2\/comments?post=122009"}],"version-history":[{"count":2,"href":"https:\/\/www.elsindical.com.ar\/notas\/wp-json\/wp\/v2\/posts\/122009\/revisions"}],"predecessor-version":[{"id":122012,"href":"https:\/\/www.elsindical.com.ar\/notas\/wp-json\/wp\/v2\/posts\/122009\/revisions\/122012"}],"wp:featuredmedia":[{"embeddable":true,"href":"https:\/\/www.elsindical.com.ar\/notas\/wp-json\/wp\/v2\/media\/122010"}],"wp:attachment":[{"href":"https:\/\/www.elsindical.com.ar\/notas\/wp-json\/wp\/v2\/media?parent=122009"}],"wp:term":[{"taxonomy":"category","embeddable":true,"href":"https:\/\/www.elsindical.com.ar\/notas\/wp-json\/wp\/v2\/categories?post=122009"},{"taxonomy":"post_tag","embeddable":true,"href":"https:\/\/www.elsindical.com.ar\/notas\/wp-json\/wp\/v2\/tags?post=122009"}],"curies":[{"name":"wp","href":"https:\/\/api.w.org\/{rel}","templated":true}]}}