{"id":122000,"date":"2023-04-20T17:55:40","date_gmt":"2023-04-20T20:55:40","guid":{"rendered":"https:\/\/www.elsindical.com.ar\/notas\/?p=122000"},"modified":"2023-04-20T17:55:42","modified_gmt":"2023-04-20T20:55:42","slug":"una-familia-necesito-191-228-para-no-ser-pobre","status":"publish","type":"post","link":"https:\/\/www.elsindical.com.ar\/notas\/una-familia-necesito-191-228-para-no-ser-pobre\/","title":{"rendered":"Una familia necesit\u00f3 $191.228 para no ser pobre"},"content":{"rendered":"<div class=\"wp-block-image\">\n<figure class=\"aligncenter size-full\"><a href=\"https:\/\/www.elsindical.com.ar\/notas\/var\/www\/html\/notas\/wp-content\/uploads\/2023\/04\/Canasta-basica-abril-2023.jpeg\"><img loading=\"lazy\" decoding=\"async\" width=\"680\" height=\"644\" src=\"https:\/\/www.elsindical.com.ar\/notas\/var\/www\/html\/notas\/wp-content\/uploads\/2023\/04\/Canasta-basica-abril-2023.jpeg\" alt=\"\" class=\"wp-image-122001\" srcset=\"https:\/\/www.elsindical.com.ar\/notas\/var\/www\/html\/notas\/wp-content\/uploads\/2023\/04\/Canasta-basica-abril-2023.jpeg 680w, https:\/\/www.elsindical.com.ar\/notas\/var\/www\/html\/notas\/wp-content\/uploads\/2023\/04\/Canasta-basica-abril-2023-300x284.jpeg 300w, https:\/\/www.elsindical.com.ar\/notas\/var\/www\/html\/notas\/wp-content\/uploads\/2023\/04\/Canasta-basica-abril-2023-317x300.jpeg 317w\" sizes=\"auto, (max-width: 680px) 100vw, 680px\" \/><\/a><\/figure>\n<\/div>\n\n\n<p class=\"wp-block-paragraph\">La canasta b\u00e1sica aument\u00f3 8% en marzo y el piso para no caer en la pobreza est\u00e1 cada vez m\u00e1s alto<\/p>\n\n\n\n<p class=\"wp-block-paragraph\">Con la aceleraci\u00f3n de la inflaci\u00f3n en marzo, que lleg\u00f3 7,7%, <strong>la canasta b\u00e1sica total (CBT), que establece el umbral de la pobreza, aument\u00f3 8% <\/strong>en el tercer mes del a\u00f1o, por lo que una familia tipo, integrada por dos adultos y dos chicos <strong>necesit\u00f3 $191.228 para no ser considerada pobre, <\/strong>seg\u00fan inform\u00f3 esta tarde el INDEC.<\/p>\n\n\n\n<p class=\"wp-block-paragraph\">En tanto, la canasta b\u00e1sica alimentaria (CBA), que define la l\u00ednea de la indigencia, marc\u00f3 tambi\u00e9n un incremento del 9%, por lo que ese hogar requiri\u00f3 de<strong> $87.719 para cubrir sus necesidades b\u00e1sicas para subsistir.<\/strong><\/p>\n\n\n\n<p class=\"wp-block-paragraph\">De acuerdo al \u00faltimo informe del organismo estad\u00edstico, durante marzo de 2023, <strong>la variaci\u00f3n de las canastas -tanto en su medici\u00f3n mensual como interanual-, se ubicaron por encima del \u00edndice de inflaci\u00f3n<\/strong>, que subi\u00f3 7,7% y 104,3% respetivamente.<\/p>\n\n\n\n<p class=\"wp-block-paragraph\">En concreto, <strong>la l\u00ednea que mide la indigencia subi\u00f3 9% en marzo y tuvo una aceleraci\u00f3n de 120,1% <\/strong>interanual, mientras que la evoluci\u00f3n de la canasta que fija <strong>el umbral de la indigencia fue de 8% en el tercer mes del a\u00f1o y acumul\u00f3 una suba de 113,2% interanual<\/strong>.<\/p>\n\n\n\n<p class=\"wp-block-paragraph\"><strong>De esta manera, acumulan en el primer trimestre del a\u00f1o incrementos del 30,6% y 25,4%, respectivamente.<\/strong><\/p>\n\n\n\n<h2 class=\"wp-block-heading\">Cu\u00e1nto se necesita para no caer en la pobreza<\/h2>\n\n\n\n<p class=\"wp-block-paragraph\">Con respecto a los ingresos familiares necesarios para superar la l\u00ednea de pobreza en marzo, el INDEC se\u00f1al\u00f3:<\/p>\n\n\n\n<ul class=\"wp-block-list\">\n<li>Una persona necesit\u00f3 de <strong>$61.886 para no caer bajo la pobreza<\/strong>.<\/li>\n\n\n\n<li>Un hogar de<strong> tres personas <\/strong>-compuesto por una mujer de 35 a\u00f1os, su hijo de 18 a\u00f1os y su madre de 61-, requiri\u00f3 <strong>$152.240 <\/strong>en para no ser pobre.<\/li>\n\n\n\n<li>Una familia de cuatro integrantes -conformada por un var\u00f3n de 35 a\u00f1os, una mujer de 31 a\u00f1os, un hijo de 6 a\u00f1os y una hija de 8-, necesit\u00f3 un ingreso m\u00ednimo de $191.228.<\/li>\n\n\n\n<li>Para un hogar compuesto por <strong>cinco personas <\/strong>-una pareja de 30 a\u00f1os y tres hijos de 5, 3 y 1 a\u00f1o- se requiri\u00f3 una suma de <strong>$201.130<\/strong>.<\/li>\n<\/ul>\n\n\n\n<h2 class=\"wp-block-heading\">Cu\u00e1nto se necesita para no caer bajo la l\u00ednea de indigencia<\/h2>\n\n\n\n<p class=\"wp-block-paragraph\">Por su parte, los ingresos familiares requeridos para superar la l\u00ednea de indigencia en marzo fueron:<\/p>\n\n\n\n<ul class=\"wp-block-list\">\n<li>Una persona requiri\u00f3 de $28.388 para no ser indigente.<\/li>\n\n\n\n<li>De $69.8355 para una familia de tres miembros.<\/li>\n\n\n\n<li>Un hogar de cuatro integrantes precis\u00f3 $87.719.<\/li>\n\n\n\n<li>Una familia compuesta por cinco personas requiri\u00f3 $92.261.<\/li>\n<\/ul>\n\n\n\n<h2 class=\"wp-block-heading\">Qu\u00e9 mide la canasta b\u00e1sica<\/h2>\n\n\n\n<p class=\"wp-block-paragraph\">La canasta b\u00e1sica alimentaria (CBA) se determin\u00f3 tomando en cuenta los <strong>requerimientos normativos kilocal\u00f3ricos y proteicos imprescindibles para que un var\u00f3n adulto de entre 30 y 60 a\u00f1os, <\/strong>de actividad moderada, cubra durante un mes esas necesidades, seg\u00fan las precisiones del Indec.<\/p>\n\n\n\n<p class=\"wp-block-paragraph\">Se seleccionaron los alimentos y las cantidades en funci\u00f3n de los h\u00e1bitos de consumo de la poblaci\u00f3n <strong>a partir de la informaci\u00f3n provista por la Encuesta Nacional de Gastos de los Hogares <\/strong>(ENGHo).<\/p>\n","protected":false},"excerpt":{"rendered":"<p>La canasta b\u00e1sica aument\u00f3 8% en marzo y el piso para no caer en la pobreza est\u00e1 cada vez m\u00e1s alto Con la aceleraci\u00f3n de la inflaci\u00f3n en marzo, que lleg\u00f3 7,7%, la canasta b\u00e1sica total (CBT), que establece el umbral de la pobreza, aument\u00f3 8% en el tercer mes del a\u00f1o, por lo que&hellip;<\/p>\n","protected":false},"author":1,"featured_media":122001,"comment_status":"open","ping_status":"open","sticky":false,"template":"","format":"standard","meta":{"footnotes":""},"categories":[9],"tags":[3661,2450,22023,2200,12356],"class_list":["post-122000","post","type-post","status-publish","format-standard","has-post-thumbnail","hentry","category-economia","tag-cba","tag-diario-el-sindical","tag-economia","tag-indec","tag-pobreza"],"_links":{"self":[{"href":"https:\/\/www.elsindical.com.ar\/notas\/wp-json\/wp\/v2\/posts\/122000","targetHints":{"allow":["GET"]}}],"collection":[{"href":"https:\/\/www.elsindical.com.ar\/notas\/wp-json\/wp\/v2\/posts"}],"about":[{"href":"https:\/\/www.elsindical.com.ar\/notas\/wp-json\/wp\/v2\/types\/post"}],"author":[{"embeddable":true,"href":"https:\/\/www.elsindical.com.ar\/notas\/wp-json\/wp\/v2\/users\/1"}],"replies":[{"embeddable":true,"href":"https:\/\/www.elsindical.com.ar\/notas\/wp-json\/wp\/v2\/comments?post=122000"}],"version-history":[{"count":1,"href":"https:\/\/www.elsindical.com.ar\/notas\/wp-json\/wp\/v2\/posts\/122000\/revisions"}],"predecessor-version":[{"id":122002,"href":"https:\/\/www.elsindical.com.ar\/notas\/wp-json\/wp\/v2\/posts\/122000\/revisions\/122002"}],"wp:featuredmedia":[{"embeddable":true,"href":"https:\/\/www.elsindical.com.ar\/notas\/wp-json\/wp\/v2\/media\/122001"}],"wp:attachment":[{"href":"https:\/\/www.elsindical.com.ar\/notas\/wp-json\/wp\/v2\/media?parent=122000"}],"wp:term":[{"taxonomy":"category","embeddable":true,"href":"https:\/\/www.elsindical.com.ar\/notas\/wp-json\/wp\/v2\/categories?post=122000"},{"taxonomy":"post_tag","embeddable":true,"href":"https:\/\/www.elsindical.com.ar\/notas\/wp-json\/wp\/v2\/tags?post=122000"}],"curies":[{"name":"wp","href":"https:\/\/api.w.org\/{rel}","templated":true}]}}